{"id":7315,"date":"2024-06-03T20:09:50","date_gmt":"2024-06-03T23:09:50","guid":{"rendered":"https:\/\/guialimeira.com.br\/2024\/06\/03\/papel-da-lideranca-e-tema-de-palestra-gratuita\/"},"modified":"2024-06-03T20:09:50","modified_gmt":"2024-06-03T23:09:50","slug":"papel-da-lideranca-e-tema-de-palestra-gratuita","status":"publish","type":"post","link":"https:\/\/guialimeira.com.br\/news\/papel-da-lideranca-e-tema-de-palestra-gratuita\/","title":{"rendered":"Papel da Lideran\u00e7a \u00e9 tema de palestra gratuita"},"content":{"rendered":"<p> <br \/>\n<\/p>\n<div>\n            <main class=\"\">&#13;<br \/>\n                &#13;<br \/>\n&#13;<br \/>\n&#13;<br \/>\n&#13;<br \/>\n    <img data-recalc-dims=\"1\" decoding=\"async\" src=\"https:\/\/i0.wp.com\/ecrie.com.br\/sistema\/conteudos\/imagem\/m_137_0_1_03062024172405.jpeg?w=696&#038;ssl=1\" alt=\"Papel da Lideran\u00e7a \u00e9 tema de palestra gratuita\"\/>&#13;<br \/>\n&#13;<\/p>\n<div style=\"text-align: justify;\">A Prefeitura de Limeira, por meio da Secretaria de Desenvolvimento, Turismo e Inova\u00e7\u00e3o e a N\u00facleo RH, promovem na pr\u00f3xima quinta-feira (6), \u00e0s 19h, no Espa\u00e7o Elo, a palestra \u201cO Papel da Lideran\u00e7a na Gest\u00e3o das Compet\u00eancias\u201d. Os interessados podem se inscrever at\u00e9 o dia 4, por meio do link <a href=\"http:\/\/bit.ly\/gestaodelideres\" target=\"_blank\" rel=\"noopener\">bit.ly\/gestaodelideres<\/a>. A iniciativa \u00e9 voltada l\u00edderes em todos os n\u00edveis hier\u00e1rquicos, incluindo gerentes, diretores, CEOs, etc, profissionais de Recursos Humanos e qualquer pessoa interessada em desenvolver suas habilidades de lideran\u00e7a e gest\u00e3o de pessoas.\u00a0<\/div>\n<p>&#13;<\/p>\n<p>\u00a0<\/p>\n<p>&#13;<\/p>\n<p>Segundo a pasta, dentre os temas abordados, os participantes aprender\u00e3o a identificar as habilidades, conhecimentos e comportamentos necess\u00e1rios para o sucesso em cada fun\u00e7\u00e3o, alinhar as compet\u00eancias com a cultura e os objetivos da organiza\u00e7\u00e3o, informar sobre as compet\u00eancias e valores da organiza\u00e7\u00e3o, al\u00e9m de definir metas e expectativas claras para o bom desempenho de cada profissional na empresa. Al\u00e9m disso, os inscritos ter\u00e3o acesso a ferramentas e estrat\u00e9gias pr\u00e1ticas para poderem identificar, selecionar, desenvolver e reter os melhores profissionais para suas equipes.<\/p>\n<p>&#13;<br \/>\n&#13;<br \/>\n&#13;<br \/>\n&#13;<\/p>\n<aside class=\"list-related no-print\">&#13;<br \/>\n        &#13;<br \/>\n&#13;<\/p>\n<article class=\"list-item noticias \">&#13;<br \/>\n                    <a class=\"list-item__img\" href=\"https:\/\/limeira.sp.gov.br\/imprensa\/noticias\/desenvolvimento-turismo-e-inovacao\/prefeitura-e-associacao-de-contabilistas-promovem-curso-de-capacitacao\" tabindex=\"-1\" aria-hidden=\"true\" rel=\"noopener\">&#13;<br \/>\n                        <img data-recalc-dims=\"1\" decoding=\"async\" src=\"https:\/\/i0.wp.com\/ecrie.com.br\/sistema\/conteudos\/imagem\/m_137_0_1_03062024172956.png?w=696&#038;ssl=1\" alt=\"Prefeitura e Associa\u00e7\u00e3o de Contabilistas promovem curso de capacita\u00e7\u00e3o\"\/>&#13;<br \/>\n                    <\/a>&#13;<br \/>\n&#13;<br \/>\n                &#13;<br \/>\n            <\/article>\n<p>&#13;<\/p>\n<article class=\"list-item noticias \">&#13;<br \/>\n                    <a class=\"list-item__img\" href=\"https:\/\/limeira.sp.gov.br\/imprensa\/noticias\/desenvolvimento-turismo-e-inovacao\/prefeitura-de-limeira-e-reconhecida-pelo-sebrae-por-projetos-empreendedores\" tabindex=\"-1\" aria-hidden=\"true\" rel=\"noopener\">&#13;<br \/>\n                        <img data-recalc-dims=\"1\" decoding=\"async\" src=\"https:\/\/i0.wp.com\/ecrie.com.br\/sistema\/conteudos\/imagem\/m_137_0_1_28052024172200.png?w=696&#038;ssl=1\" alt=\"Prefeitura de Limeira \u00e9 reconhecida pelo Sebrae por projetos empreendedores\"\/>&#13;<br \/>\n                    <\/a>&#13;<br \/>\n&#13;<br \/>\n                &#13;<br \/>\n            <\/article>\n<p>&#13;<\/p>\n<article class=\"list-item noticias \">&#13;<br \/>\n                    <a class=\"list-item__img\" href=\"https:\/\/limeira.sp.gov.br\/imprensa\/noticias\/desenvolvimento-turismo-e-inovacao\/confira-os-servicos-municipais-no-feriado-de-corpuschristi\" tabindex=\"-1\" aria-hidden=\"true\" rel=\"noopener\">&#13;<br \/>\n                        <img data-recalc-dims=\"1\" decoding=\"async\" src=\"https:\/\/i0.wp.com\/ecrie.com.br\/sistema\/conteudos\/imagem\/m_137_0_1_27052024143547.jpg?w=696&#038;ssl=1\" alt=\"Confira os servi\u00e7os municipais no feriado de Corpus\u00a0Christi\"\/>&#13;<br \/>\n                    <\/a>&#13;<br \/>\n&#13;<br \/>\n                &#13;<br \/>\n            <\/article>\n<p>&#13;<br \/>\n    <\/aside>\n<p>&#13;<br \/>\n&#13;<br \/>\n            <\/main><\/p><\/div>\n<p><br \/>\n<br \/><a href=\"https:\/\/limeira.sp.gov.br\/papel-da-lideranca-e-tema-de-palestra-gratuita\" rel=\"noopener\">Informa\u00e7\u00f5es da PML <\/a><\/p>\n","protected":false},"excerpt":{"rendered":"<p>&#13; &#13; &#13; &#13; &#13; &#13; &#13; A Prefeitura de Limeira, por meio da Secretaria de Desenvolvimento, Turismo e Inova\u00e7\u00e3o e a N\u00facleo RH, promovem na pr\u00f3xima quinta-feira (6), \u00e0s 19h, no Espa\u00e7o Elo, a palestra \u201cO Papel da Lideran\u00e7a na Gest\u00e3o das Compet\u00eancias\u201d. Os interessados podem se inscrever at\u00e9 o dia 4, por meio [&hellip;]<\/p>\n","protected":false},"author":1,"featured_media":7316,"comment_status":"open","ping_status":"open","sticky":false,"template":"","format":"standard","meta":{"_jetpack_newsletter_access":"","_jetpack_dont_email_post_to_subs":false,"_jetpack_newsletter_tier_id":0,"_jetpack_memberships_contains_paywalled_content":false,"_mbp_banners":[],"_jetpack_feature_clip_id":0,"_jetpack_memberships_contains_paid_content":false,"footnotes":"","jetpack_publicize_message":"","jetpack_publicize_feature_enabled":true,"jetpack_social_post_already_shared":true,"jetpack_social_options":{"image_generator_settings":{"template":"highway","default_image_id":0,"font":"","enabled":false},"version":2},"jetpack_post_was_ever_published":false},"categories":[16],"tags":[],"class_list":["post-7315","post","type-post","status-publish","format-standard","has-post-thumbnail","category-local"],"jetpack_publicize_connections":[],"jetpack-related-posts":[],"jetpack_shortlink":"https:\/\/wp.me\/p7Eq1F-1TZ","jetpack_sharing_enabled":true,"jetpack_featured_media_url":"https:\/\/i0.wp.com\/guialimeira.com.br\/news\/wp-content\/uploads\/2024\/06\/m_137_0_1_03062024172405.jpeg?fit=800%2C800&ssl=1","_links":{"self":[{"href":"https:\/\/guialimeira.com.br\/news\/wp-json\/wp\/v2\/posts\/7315","targetHints":{"allow":["GET"]}}],"collection":[{"href":"https:\/\/guialimeira.com.br\/news\/wp-json\/wp\/v2\/posts"}],"about":[{"href":"https:\/\/guialimeira.com.br\/news\/wp-json\/wp\/v2\/types\/post"}],"author":[{"embeddable":true,"href":"https:\/\/guialimeira.com.br\/news\/wp-json\/wp\/v2\/users\/1"}],"replies":[{"embeddable":true,"href":"https:\/\/guialimeira.com.br\/news\/wp-json\/wp\/v2\/comments?post=7315"}],"version-history":[{"count":0,"href":"https:\/\/guialimeira.com.br\/news\/wp-json\/wp\/v2\/posts\/7315\/revisions"}],"wp:featuredmedia":[{"embeddable":true,"href":"https:\/\/guialimeira.com.br\/news\/wp-json\/wp\/v2\/media\/7316"}],"wp:attachment":[{"href":"https:\/\/guialimeira.com.br\/news\/wp-json\/wp\/v2\/media?parent=7315"}],"wp:term":[{"taxonomy":"category","embeddable":true,"href":"https:\/\/guialimeira.com.br\/news\/wp-json\/wp\/v2\/categories?post=7315"},{"taxonomy":"post_tag","embeddable":true,"href":"https:\/\/guialimeira.com.br\/news\/wp-json\/wp\/v2\/tags?post=7315"}],"curies":[{"name":"wp","href":"https:\/\/api.w.org\/{rel}","templated":true}]}}