{"id":73064,"date":"2026-07-26T13:43:43","date_gmt":"2026-07-26T16:43:43","guid":{"rendered":"https:\/\/guialimeira.com.br\/prefeitura-homenageia-nova-geracao-do-agro-na-6a-festa-do-agricultor-de-limeira-e-regiao\/"},"modified":"2026-07-26T13:43:43","modified_gmt":"2026-07-26T16:43:43","slug":"prefeitura-homenageia-nova-geracao-do-agro-na-6a-festa-do-agricultor-de-limeira-e-regiao","status":"publish","type":"post","link":"https:\/\/guialimeira.com.br\/news\/prefeitura-homenageia-nova-geracao-do-agro-na-6a-festa-do-agricultor-de-limeira-e-regiao\/","title":{"rendered":"Prefeitura homenageia nova gera\u00e7\u00e3o do Agro na 6\u00aa Festa do Agricultor de Limeira e Regi\u00e3o"},"content":{"rendered":"<p> <br \/>\n<\/p>\n<div id=\"\">&#13;<br \/>\n                    &#13;<br \/>\n&#13;<br \/>\n&#13;<br \/>\n&#13;<br \/>\n&#13;<br \/>\n&#13;<br \/>\n    <img data-recalc-dims=\"1\" decoding=\"async\" src=\"https:\/\/i0.wp.com\/ecrie.com.br\/sistema\/conteudos\/imagem\/m_137_0_1_26072026134131.jpeg?w=696&#038;ssl=1\" alt=\"Prefeitura homenageia nova gera\u00e7\u00e3o do Agro na 6\u00aa Festa do Agricultor de Limeira e Regi\u00e3o\"\/>&#13;<br \/>\n&#13;<br \/>\n&#13;<\/p>\n<p style=\"text-align: justify;\">A Prefeitura de Limeira, por meio da Secretaria de Agroneg\u00f3cios e \u00c1reas Rurais, homenageou neste s\u00e1bado (25) jovens sucessores da agricultura familiar durante a 6\u00aa Festa do Agricultor de Limeira e Regi\u00e3o, realizada no Centro Rural do Pinhal. O reconhecimento foi entregue a representantes de diferentes regi\u00f5es rurais do munic\u00edpio, como os bairros dos Pires, Parronchi, S\u00e3o Jo\u00e3o, Jaguari, Santa Helena, Pinhal e Morro Alto.<\/p>\n<p>&#13;<\/p>\n<p style=\"text-align: justify;\">\u201cA tradi\u00e7\u00e3o rural de Limeira segue forte. Valorizar quem d\u00e1 continuidade a esse legado \u00e9 reconhecer a import\u00e2ncia do campo para o desenvolvimento do nosso munic\u00edpio e do pa\u00eds\u201d, destacou o prefeito Murilo F\u00e9lix.<\/p>\n<p>&#13;<\/p>\n<p style=\"text-align: justify;\">Os homenageados representam fam\u00edlias ligadas \u00e0 citricultura, \u00e0 produ\u00e7\u00e3o de hortali\u00e7as, \u00e0 pecu\u00e1ria, ao cultivo de soja e \u00e0 produ\u00e7\u00e3o de sucos. Alguns j\u00e1 atuam diretamente nas propriedades rurais, enquanto outros adquirem experi\u00eancia e conhecimento para dar continuidade \u00e0s atividades desenvolvidas por suas fam\u00edlias.<\/p>\n<p>&#13;<\/p>\n<p style=\"text-align: justify;\">\u201cEsses jovens carregam consigo a hist\u00f3ria de suas fam\u00edlias e mostram que o agro tem futuro e oportunidades para as pr\u00f3ximas gera\u00e7\u00f5es\u201d, afirmou a secret\u00e1ria de Agroneg\u00f3cios e \u00c1reas Rurais, Antonieta Polatto.<\/p>\n<p>&#13;<\/p>\n<p style=\"text-align: justify;\">A homenagem integrou a programa\u00e7\u00e3o da 6\u00aa Festa do Agricultor de Limeira e Regi\u00e3o, evento que reuniu agricultores, produtores rurais, empresas e entidades ligadas ao setor em celebra\u00e7\u00e3o ao Dia do Agricultor, comemorado nacionalmente em 28 de julho.<\/p>\n<p>&#13;<\/p>\n<p style=\"text-align: justify;\">Organizada por agricultores do munic\u00edpio, com apoio da Prefeitura de Limeira, a festa contou com exposi\u00e7\u00e3o de m\u00e1quinas, implementos, insumos, ve\u00edculos e equipamentos agr\u00edcolas, al\u00e9m de proporcionar a troca de experi\u00eancias e o fortalecimento das rela\u00e7\u00f5es entre os diferentes segmentos do agroneg\u00f3cio regional.<\/p>\n<p>&#13;<\/p>\n<p style=\"text-align: justify;\">HOMENAGEADOS<\/p>\n<p>&#13;<\/p>\n<p style=\"text-align: justify;\">Receberam a homenagem os jovens Eduarda Oliveira Ulrich, Antonio Jos\u00e9 Pereira Setin, Francisco Jos\u00e9 Pereira Setin, Pedro Polatto Benvenutto, Leonardo Ketsner, Renato Miguel Marson, Ot\u00e1vio Pacagnelli, Vitor Guilherme Hergert e Luan Eduardo Boscheiro.<\/p>\n<p>&#13;<\/p>\n<p style=\"text-align: justify;\">PRESEN\u00c7AS<\/p>\n<p>&#13;<\/p>\n<p style=\"text-align: justify;\">Participaram da cerim\u00f4nia de entrega das homenagens os vereadores H\u00e9lder do T\u00e1xi e M\u00e1rcio do Estacionamento; o presidente do Sindicato Rural Patronal de Limeira, Nilton Piccin; o diretor de Agroneg\u00f3cios do Centro Rural do Pinhal e integrante da comiss\u00e3o organizadora da festa, Guilherme Hergert; o engenheiro agr\u00f4nomo Lauro Paes, representando a Secretaria de Agricultura e Abastecimento do Estado de S\u00e3o Paulo; e os secret\u00e1rios municipais Dimas Peruzza (Esporte e Lazer) e Elen Hergert (Transportes e Mobilidade Urbana).<\/p>\n<p>&#13;<br \/>\n&#13;<br \/>\n&#13;<br \/>\n&#13;<\/p>\n<article class=\"conteudo-relacionado no-print\">&#13;<br \/>\n        &#13;<br \/>\n&#13;<br \/>\n        &#13;<br \/>\n    <\/article>\n<p>&#13;<br \/>\n&#13;\n                <\/p><\/div>\n<p><br \/>\n<br \/><a href=\"https:\/\/limeira.sp.gov.br\/prefeitura-homenageia-nova-geracao-do-agro-na-6-festa-do-agricultor-de-limeira-e-regiao\" rel=\"noopener\">Informa\u00e7\u00f5es da PML <\/a><\/p>\n","protected":false},"excerpt":{"rendered":"<p>&#13; &#13; &#13; &#13; &#13; &#13; &#13; &#13; &#13; &#13; A Prefeitura de Limeira, por meio da Secretaria de Agroneg\u00f3cios e \u00c1reas Rurais, homenageou neste s\u00e1bado (25) jovens sucessores da agricultura familiar durante a 6\u00aa Festa do Agricultor de Limeira e Regi\u00e3o, realizada no Centro Rural do Pinhal. O reconhecimento foi entregue a representantes de [&hellip;]<\/p>\n","protected":false},"author":1,"featured_media":73065,"comment_status":"","ping_status":"open","sticky":false,"template":"","format":"standard","meta":{"_jetpack_newsletter_access":"","_jetpack_dont_email_post_to_subs":false,"_jetpack_newsletter_tier_id":0,"_jetpack_memberships_contains_paywalled_content":false,"_mbp_banners":[],"_jetpack_feature_clip_id":0,"_jetpack_memberships_contains_paid_content":false,"footnotes":"","jetpack_publicize_message":"","jetpack_publicize_feature_enabled":true,"jetpack_social_post_already_shared":true,"jetpack_social_options":{"image_generator_settings":{"template":"highway","default_image_id":0,"font":"","enabled":false},"version":2},"jetpack_post_was_ever_published":false},"categories":[16],"tags":[],"class_list":["post-73064","post","type-post","status-publish","format-standard","has-post-thumbnail","category-local"],"jetpack_publicize_connections":[],"jetpack-related-posts":[],"jetpack_shortlink":"https:\/\/wp.me\/p7Eq1F-j0s","jetpack_sharing_enabled":true,"jetpack_featured_media_url":"https:\/\/i0.wp.com\/guialimeira.com.br\/news\/wp-content\/uploads\/2026\/07\/m_137_0_1_26072026134131.jpeg?fit=1024%2C571&ssl=1","_links":{"self":[{"href":"https:\/\/guialimeira.com.br\/news\/wp-json\/wp\/v2\/posts\/73064","targetHints":{"allow":["GET"]}}],"collection":[{"href":"https:\/\/guialimeira.com.br\/news\/wp-json\/wp\/v2\/posts"}],"about":[{"href":"https:\/\/guialimeira.com.br\/news\/wp-json\/wp\/v2\/types\/post"}],"author":[{"embeddable":true,"href":"https:\/\/guialimeira.com.br\/news\/wp-json\/wp\/v2\/users\/1"}],"replies":[{"embeddable":true,"href":"https:\/\/guialimeira.com.br\/news\/wp-json\/wp\/v2\/comments?post=73064"}],"version-history":[{"count":0,"href":"https:\/\/guialimeira.com.br\/news\/wp-json\/wp\/v2\/posts\/73064\/revisions"}],"wp:featuredmedia":[{"embeddable":true,"href":"https:\/\/guialimeira.com.br\/news\/wp-json\/wp\/v2\/media\/73065"}],"wp:attachment":[{"href":"https:\/\/guialimeira.com.br\/news\/wp-json\/wp\/v2\/media?parent=73064"}],"wp:term":[{"taxonomy":"category","embeddable":true,"href":"https:\/\/guialimeira.com.br\/news\/wp-json\/wp\/v2\/categories?post=73064"},{"taxonomy":"post_tag","embeddable":true,"href":"https:\/\/guialimeira.com.br\/news\/wp-json\/wp\/v2\/tags?post=73064"}],"curies":[{"name":"wp","href":"https:\/\/api.w.org\/{rel}","templated":true}]}}