{"id":7306,"date":"2024-06-03T19:42:48","date_gmt":"2024-06-03T22:42:48","guid":{"rendered":"https:\/\/guialimeira.com.br\/2024\/06\/03\/quatro-hospitais-de-porto-alegre-recebem-70-novos-leitos\/"},"modified":"2024-06-03T19:42:48","modified_gmt":"2024-06-03T22:42:48","slug":"quatro-hospitais-de-porto-alegre-recebem-70-novos-leitos","status":"publish","type":"post","link":"https:\/\/guialimeira.com.br\/news\/quatro-hospitais-de-porto-alegre-recebem-70-novos-leitos\/","title":{"rendered":"Quatro hospitais de Porto Alegre recebem 70 novos leitos"},"content":{"rendered":"<p> <br \/>\n<\/p>\n<div>\n<p>O governo federal anunciou nesta segunda-feira (3) a abertura de mais 70 leitos em quatro hospitais do Grupo Hospitalar Concei\u00e7\u00e3o, em Porto Alegre. O Concei\u00e7\u00e3o \u00e9 o principal grupo de hospitais federais do Sul do Brasil. A previs\u00e3o \u00e9 que, at\u00e9 o dia 17 deste m\u00eas,\u00a0o n\u00famero de novos leitos\u00a0nessas unidades chegue a 120.\u00a0<img data-recalc-dims=\"1\" decoding=\"async\" src=\"https:\/\/i0.wp.com\/agenciabrasil.ebc.com.br\/ebc.png?w=696&#038;ssl=1\" style=\"width:1px; height:1px; display:inline;\"\/><img data-recalc-dims=\"1\" decoding=\"async\" src=\"https:\/\/i0.wp.com\/agenciabrasil.ebc.com.br\/ebc.gif?w=696&#038;ssl=1\" style=\"width:1px; height:1px; display:inline;\"\/><\/p>\n<p>Com a amplia\u00e7\u00e3o, o Hospital F\u00eamina contar\u00e1 com mais 20 leitos cl\u00ednicos e 10 de UTI (unidade de terapia intensiva) neonatal intermedi\u00e1ria; o Hospital Concei\u00e7\u00e3o, com mais 10 leitos cl\u00ednicos; o Cristo Redentor, com mais 20; e o Hospital Crian\u00e7a Concei\u00e7\u00e3o, com mais 10 leitos de UTI intermedi\u00e1ria. O objetivo \u00e9 atender a popula\u00e7\u00e3o diante das doen\u00e7as t\u00edpicas de inverno e tamb\u00e9m das doen\u00e7as que podem surgir depois que as \u00e1guas baixarem.<\/p>\n<p>O ministro para Apoio \u00e0 Reconstru\u00e7\u00e3o do Rio Grande do Sul, Paulo Pimenta, acompanhou a instala\u00e7\u00e3o dos novos leitos hospitalares nesta segunda-feira. \u201cA decis\u00e3o atende a uma situa\u00e7\u00e3o que, efetivamente, neste momento, chama o governo federal a cumprir esse papel\u201d, destacou Pimenta, lembrando que a \u00e1rea da sa\u00fade \u00e9 uma das que est\u00e3o tendo respostas mais r\u00e1pidas do governo ap\u00f3s as cheias no Rio Grande do Sul.\u00a0<\/p>\n<p>Segundo o secret\u00e1rio nacional de Aten\u00e7\u00e3o Prim\u00e1ria do Minist\u00e9rio da Sa\u00fade, Felipe Proen\u00e7o, a amplia\u00e7\u00e3o dos leitos ser\u00e1 importante tanto para a retaguarda cl\u00ednica quanto para a UTI pedi\u00e1trica e neonatal. \u201cAinda mais em um momento em que aumentam as doen\u00e7as respirat\u00f3rias e h\u00e1 uma grande necessidade desses leitos\u201d, disse Proen\u00e7o.<\/p>\n<\/p><\/div>\n<p><br \/>\n<br \/><a href=\"https:\/\/agenciabrasil.ebc.com.br\/saude\/noticia\/2024-06\/quatro-hospitais-de-porto-alegre-recebem-70-novos-leitos\" rel=\"noopener\">Ag\u00eancia Brasil <\/a><\/p>\n","protected":false},"excerpt":{"rendered":"<p>O governo federal anunciou nesta segunda-feira (3) a abertura de mais 70 leitos em quatro hospitais do Grupo Hospitalar Concei\u00e7\u00e3o, em Porto Alegre. O Concei\u00e7\u00e3o \u00e9 o principal grupo de hospitais federais do Sul do Brasil. A previs\u00e3o \u00e9 que, at\u00e9 o dia 17 deste m\u00eas,\u00a0o n\u00famero de novos leitos\u00a0nessas unidades chegue a 120.\u00a0 Com [&hellip;]<\/p>\n","protected":false},"author":1,"featured_media":7307,"comment_status":"open","ping_status":"open","sticky":false,"template":"","format":"standard","meta":{"_jetpack_newsletter_access":"","_jetpack_dont_email_post_to_subs":false,"_jetpack_newsletter_tier_id":0,"_jetpack_memberships_contains_paywalled_content":false,"_mbp_banners":[],"_jetpack_feature_clip_id":0,"_jetpack_memberships_contains_paid_content":false,"footnotes":"","jetpack_publicize_message":"","jetpack_publicize_feature_enabled":true,"jetpack_social_post_already_shared":true,"jetpack_social_options":{"image_generator_settings":{"template":"highway","default_image_id":0,"font":"","enabled":false},"version":2},"jetpack_post_was_ever_published":false},"categories":[15],"tags":[],"class_list":["post-7306","post","type-post","status-publish","format-standard","has-post-thumbnail","category-saude"],"jetpack_publicize_connections":[],"jetpack-related-posts":[],"jetpack_shortlink":"https:\/\/wp.me\/p7Eq1F-1TQ","jetpack_sharing_enabled":true,"jetpack_featured_media_url":"https:\/\/i0.wp.com\/guialimeira.com.br\/news\/wp-content\/uploads\/2024\/06\/1083464-rj__82t0237.jpg?fit=1600%2C800&ssl=1","_links":{"self":[{"href":"https:\/\/guialimeira.com.br\/news\/wp-json\/wp\/v2\/posts\/7306","targetHints":{"allow":["GET"]}}],"collection":[{"href":"https:\/\/guialimeira.com.br\/news\/wp-json\/wp\/v2\/posts"}],"about":[{"href":"https:\/\/guialimeira.com.br\/news\/wp-json\/wp\/v2\/types\/post"}],"author":[{"embeddable":true,"href":"https:\/\/guialimeira.com.br\/news\/wp-json\/wp\/v2\/users\/1"}],"replies":[{"embeddable":true,"href":"https:\/\/guialimeira.com.br\/news\/wp-json\/wp\/v2\/comments?post=7306"}],"version-history":[{"count":0,"href":"https:\/\/guialimeira.com.br\/news\/wp-json\/wp\/v2\/posts\/7306\/revisions"}],"wp:featuredmedia":[{"embeddable":true,"href":"https:\/\/guialimeira.com.br\/news\/wp-json\/wp\/v2\/media\/7307"}],"wp:attachment":[{"href":"https:\/\/guialimeira.com.br\/news\/wp-json\/wp\/v2\/media?parent=7306"}],"wp:term":[{"taxonomy":"category","embeddable":true,"href":"https:\/\/guialimeira.com.br\/news\/wp-json\/wp\/v2\/categories?post=7306"},{"taxonomy":"post_tag","embeddable":true,"href":"https:\/\/guialimeira.com.br\/news\/wp-json\/wp\/v2\/tags?post=7306"}],"curies":[{"name":"wp","href":"https:\/\/api.w.org\/{rel}","templated":true}]}}