{"id":7302,"date":"2024-06-03T19:08:47","date_gmt":"2024-06-03T22:08:47","guid":{"rendered":"https:\/\/guialimeira.com.br\/2024\/06\/03\/trecho-da-via-luiz-varga-anel-viario-sera-interditado-para-obras-da-brk\/"},"modified":"2024-06-03T19:08:47","modified_gmt":"2024-06-03T22:08:47","slug":"trecho-da-via-luiz-varga-anel-viario-sera-interditado-para-obras-da-brk","status":"publish","type":"post","link":"https:\/\/guialimeira.com.br\/news\/trecho-da-via-luiz-varga-anel-viario-sera-interditado-para-obras-da-brk\/","title":{"rendered":"Trecho da Via Luiz Varga (Anel Vi\u00e1rio) ser\u00e1 interditado para obras da BRK"},"content":{"rendered":"<p> <br \/>\n<\/p>\n<div>\n            <main class=\"\">&#13;<br \/>\n                &#13;<br \/>\n&#13;<br \/>\n&#13;<br \/>\n&#13;<br \/>\n    <img data-recalc-dims=\"1\" decoding=\"async\" src=\"https:\/\/i0.wp.com\/ecrie.com.br\/sistema\/conteudos\/imagem\/m_137_0_1_03062024184057.jpg?w=696&#038;ssl=1\" alt=\"Trecho da Via Luiz Varga (Anel Vi\u00e1rio) ser\u00e1 interditado para obras da BRK\"\/>&#13;<br \/>\n&#13;<\/p>\n<p>A BRK Ambiental, concession\u00e1ria dos servi\u00e7os de saneamento de Limeira, interditar\u00e1 trecho do Anel Vi\u00e1rio, na Via Luiz Varga, entre as ruas Manoel Joaquim Albuquerque e Lauc\u00eddio de Mattos Garrouch, no sentido da pra\u00e7a da Taba do Brasil, no Jardim Vista Alegre. A interdi\u00e7\u00e3o vai ocorrer entre ter\u00e7a-feira (4) e sexta-feira (7). A informa\u00e7\u00e3o \u00e9 da Secretaria de Mobilidade Urbana.\u00a0<\/p>\n<p>&#13;<\/p>\n<p>A interdi\u00e7\u00e3o do trecho ser\u00e1 necess\u00e1ria devido \u00e0 realiza\u00e7\u00e3o de obras para a substitui\u00e7\u00e3o de 300 metros de rede de \u00e1gua, que atender\u00e1 parte do Jardim Vista Alegre.\u00a0<\/p>\n<p>&#13;<\/p>\n<p>De acordo com a Secretaria de Mobilidade Urbana, ve\u00edculos de pequeno porte ao se deslocarem para o local da interdi\u00e7\u00e3o ser\u00e3o desviados \u00e0 direita na rua Manoel Joaquim Albuquerque, em seguida \u00e0 esquerda, na Rua Esther Scartezini e \u00e0 esquerda na rua Lauc\u00eddio de Mattos Garroux, retornando ao seu trajeto de origem ao acessar \u00e0 direita na via Luiz Varga.\u00a0<\/p>\n<p>&#13;<\/p>\n<p><span style=\"font-size: medium;\">J\u00e1 os ve\u00edculos de grande porte poder\u00e3o continuar na Luiz Varga sem necessidade de desvio. A op\u00e7\u00e3o seria inadequada para esse tipo de ve\u00edculo.<\/span><\/p>\n<p>&#13;<\/p>\n<p><span style=\"font-size: medium;\">O trecho estar\u00e1 sinalizado com placas e colaboradores da BRK poder\u00e3o manter motoristas informados sobre a interdi\u00e7\u00e3o.<\/span><\/p>\n<p>&#13;<\/p>\n<p>Os agentes de tr\u00e2nsito ir\u00e3o monitorar o local e, se necess\u00e1rio, poder\u00e3o ser acionado pelos telefones 3441-2816 e 3441-5469.\u00a0<\/p>\n<p>&#13;<\/p>\n<p>\u00a0<\/p>\n<p>&#13;<br \/>\n&#13;<br \/>\n&#13;<br \/>\n&#13;<\/p>\n<aside class=\"list-related no-print\">&#13;<br \/>\n        &#13;<br \/>\n&#13;<\/p>\n<article class=\"list-item noticias \">&#13;<br \/>\n                    <a class=\"list-item__img\" href=\"https:\/\/limeira.sp.gov.br\/imprensa\/noticias\/mobilidade-urbana\/passeio-ciclistico-e-cancelado-devido-as-chuvas\" tabindex=\"-1\" aria-hidden=\"true\" rel=\"noopener\">&#13;<br \/>\n                        <img data-recalc-dims=\"1\" decoding=\"async\" src=\"https:\/\/i0.wp.com\/ecrie.com.br\/sistema\/conteudos\/imagem\/m_137_0_1_26052024075037.jpeg?w=696&#038;ssl=1\" alt=\"Passeio Cicl\u00edstico \u00e9 cancelado devido \u00e0s chuvas\"\/>&#13;<br \/>\n                    <\/a>&#13;<br \/>\n&#13;<br \/>\n                &#13;<br \/>\n            <\/article>\n<p>&#13;<\/p>\n<article class=\"list-item noticias \">&#13;<br \/>\n                    <a class=\"list-item__img\" href=\"https:\/\/limeira.sp.gov.br\/imprensa\/noticias\/mobilidade-urbana\/interdicao-na-av-fabricio-vampre-altera-transito-na-regiao\" tabindex=\"-1\" aria-hidden=\"true\" rel=\"noopener\">&#13;<br \/>\n                        <img data-recalc-dims=\"1\" decoding=\"async\" src=\"https:\/\/i0.wp.com\/ecrie.com.br\/sistema\/conteudos\/imagem\/m_137_0_1_04042024135245.jpg?w=696&#038;ssl=1\" alt=\"Interdi\u00e7\u00e3o na Av. Fabr\u00edcio Vampr\u00e9 altera tr\u00e2nsito na regi\u00e3o\"\/>&#13;<br \/>\n                    <\/a>&#13;<br \/>\n&#13;<br \/>\n                &#13;<br \/>\n            <\/article>\n<p>&#13;<\/p>\n<article class=\"list-item noticias \">&#13;<br \/>\n                    <a class=\"list-item__img\" href=\"https:\/\/limeira.sp.gov.br\/imprensa\/noticias\/mobilidade-urbana\/trecho-da-rua-cedro-passa-a-ter-sentido-unico-de-circulacao\" tabindex=\"-1\" aria-hidden=\"true\" rel=\"noopener\">&#13;<br \/>\n                        <img data-recalc-dims=\"1\" decoding=\"async\" src=\"https:\/\/i0.wp.com\/ecrie.com.br\/sistema\/conteudos\/imagem\/m_137_0_1_16052024145231.jpg?w=696&#038;ssl=1\" alt=\"Trecho da Rua Cedro passa a ter sentido \u00fanico de circula\u00e7\u00e3o\"\/>&#13;<br \/>\n                    <\/a>&#13;<br \/>\n&#13;<br \/>\n                &#13;<br \/>\n            <\/article>\n<p>&#13;<br \/>\n    <\/aside>\n<p>&#13;<br \/>\n&#13;<br \/>\n            <\/main><\/p><\/div>\n<p><br \/>\n<br \/><a href=\"https:\/\/limeira.sp.gov.br\/trecho-da-via-luiz-varga-anel-viario-sera-interditado-para-obras-da-brk\" rel=\"noopener\">Informa\u00e7\u00f5es da PML <\/a><\/p>\n","protected":false},"excerpt":{"rendered":"<p>&#13; &#13; &#13; &#13; &#13; &#13; &#13; A BRK Ambiental, concession\u00e1ria dos servi\u00e7os de saneamento de Limeira, interditar\u00e1 trecho do Anel Vi\u00e1rio, na Via Luiz Varga, entre as ruas Manoel Joaquim Albuquerque e Lauc\u00eddio de Mattos Garrouch, no sentido da pra\u00e7a da Taba do Brasil, no Jardim Vista Alegre. A interdi\u00e7\u00e3o vai ocorrer entre ter\u00e7a-feira [&hellip;]<\/p>\n","protected":false},"author":1,"featured_media":7303,"comment_status":"open","ping_status":"open","sticky":false,"template":"","format":"standard","meta":{"_jetpack_newsletter_access":"","_jetpack_dont_email_post_to_subs":false,"_jetpack_newsletter_tier_id":0,"_jetpack_memberships_contains_paywalled_content":false,"_mbp_banners":[],"_jetpack_feature_clip_id":0,"_jetpack_memberships_contains_paid_content":false,"footnotes":"","jetpack_publicize_message":"","jetpack_publicize_feature_enabled":true,"jetpack_social_post_already_shared":true,"jetpack_social_options":{"image_generator_settings":{"template":"highway","default_image_id":0,"font":"","enabled":false},"version":2},"jetpack_post_was_ever_published":false},"categories":[16],"tags":[],"class_list":["post-7302","post","type-post","status-publish","format-standard","has-post-thumbnail","category-local"],"jetpack_publicize_connections":[],"jetpack-related-posts":[],"jetpack_shortlink":"https:\/\/wp.me\/p7Eq1F-1TM","jetpack_sharing_enabled":true,"jetpack_featured_media_url":"https:\/\/i0.wp.com\/guialimeira.com.br\/news\/wp-content\/uploads\/2024\/06\/m_137_0_1_03062024184057.jpg?fit=1280%2C852&ssl=1","_links":{"self":[{"href":"https:\/\/guialimeira.com.br\/news\/wp-json\/wp\/v2\/posts\/7302","targetHints":{"allow":["GET"]}}],"collection":[{"href":"https:\/\/guialimeira.com.br\/news\/wp-json\/wp\/v2\/posts"}],"about":[{"href":"https:\/\/guialimeira.com.br\/news\/wp-json\/wp\/v2\/types\/post"}],"author":[{"embeddable":true,"href":"https:\/\/guialimeira.com.br\/news\/wp-json\/wp\/v2\/users\/1"}],"replies":[{"embeddable":true,"href":"https:\/\/guialimeira.com.br\/news\/wp-json\/wp\/v2\/comments?post=7302"}],"version-history":[{"count":0,"href":"https:\/\/guialimeira.com.br\/news\/wp-json\/wp\/v2\/posts\/7302\/revisions"}],"wp:featuredmedia":[{"embeddable":true,"href":"https:\/\/guialimeira.com.br\/news\/wp-json\/wp\/v2\/media\/7303"}],"wp:attachment":[{"href":"https:\/\/guialimeira.com.br\/news\/wp-json\/wp\/v2\/media?parent=7302"}],"wp:term":[{"taxonomy":"category","embeddable":true,"href":"https:\/\/guialimeira.com.br\/news\/wp-json\/wp\/v2\/categories?post=7302"},{"taxonomy":"post_tag","embeddable":true,"href":"https:\/\/guialimeira.com.br\/news\/wp-json\/wp\/v2\/tags?post=7302"}],"curies":[{"name":"wp","href":"https:\/\/api.w.org\/{rel}","templated":true}]}}