{"id":7297,"date":"2024-06-03T19:01:43","date_gmt":"2024-06-03T22:01:43","guid":{"rendered":"https:\/\/guialimeira.com.br\/2024\/06\/03\/conmebol-sorteia-confrontos-das-oitavas-de-final-da-copa-libertadores\/"},"modified":"2024-06-03T19:01:43","modified_gmt":"2024-06-03T22:01:43","slug":"conmebol-sorteia-confrontos-das-oitavas-de-final-da-copa-libertadores","status":"publish","type":"post","link":"https:\/\/guialimeira.com.br\/news\/conmebol-sorteia-confrontos-das-oitavas-de-final-da-copa-libertadores\/","title":{"rendered":"Conmebol sorteia confrontos das oitavas de final da Copa Libertadores"},"content":{"rendered":"<p> <br \/>\n<\/p>\n<div>\n<p>Os confrontos das oitavas de final da Copa Libertadores da Am\u00e9rica foram definidos nesta segunda-feira (3) com um sorteio realizado pela Confedera\u00e7\u00e3o Sul-Americana de Futebol (Conmebol) no Paraguai. O destaque \u00e9 o cl\u00e1ssico brasileiro entre Botafogo e Palmeiras.<img data-recalc-dims=\"1\" decoding=\"async\" src=\"https:\/\/i0.wp.com\/agenciabrasil.ebc.com.br\/ebc.png?w=696&#038;ssl=1\" style=\"width:1px; height:1px; display:inline;\"\/><img data-recalc-dims=\"1\" decoding=\"async\" src=\"https:\/\/i0.wp.com\/agenciabrasil.ebc.com.br\/ebc.gif?w=696&#038;ssl=1\" style=\"width:1px; height:1px; display:inline;\"\/><\/p>\n<blockquote class=\"twitter-tweet\">\n<p dir=\"ltr\" lang=\"pt\" xml:lang=\"pt\">\u2b50\ufe0f\ud83c\udfc6 Rumo \u00e0 <a href=\"https:\/\/twitter.com\/hashtag\/GloriaEterna?src=hash&amp;ref_src=twsrc%5Etfw\" rel=\"noopener\">#GloriaEterna<\/a>! Est\u00e3o definidas as Oitavas de Final e todo o chaveamento da CONMEBOL <a href=\"https:\/\/twitter.com\/hashtag\/Libertadores?src=hash&amp;ref_src=twsrc%5Etfw\" rel=\"noopener\">#Libertadores<\/a> 2024. <a href=\"https:\/\/t.co\/AjIGokNApR\">pic.twitter.com\/AjIGokNApR<\/a><\/p>\n<p>\u2014 CONMEBOL Libertadores (@LibertadoresBR) <a href=\"https:\/\/twitter.com\/LibertadoresBR\/status\/1797666664861016383?ref_src=twsrc%5Etfw\" rel=\"noopener\">June 3, 2024<\/a><\/p><\/blockquote>\n<p>Quem avan\u00e7ar no confronto entre brasileiros ter\u00e1 pela frente o vencedor de Nacional (Uruguai) e S\u00e3o Paulo. Pelo mesmo lado do chaveamento o Pe\u00f1arol (Uruguai) pega o 1\u00ba colocado do Grupo C (que conta com o Gr\u00eamio e que teve partidas adiadas por causa das fortes chuvas que atingiram o Rio Grande do Sul). O vencedor encontrar\u00e1 ou Flamengo ou Bol\u00edvar (Bol\u00edvia).<\/p>\n<p>Do outro lado do chaveamento o Atl\u00e9tico-MG encontra o San Lorenzo (Argentina). Deste confronto sai o advers\u00e1rio do atual campe\u00e3o Fluminense ou do 2\u00ba colocado do Grupo C. Tamb\u00e9m neste lado do chaveamento, River Plate (Argentina) e Talleres (Argentina) protagonizam um cl\u00e1ssico argentino, cujo vencedor mede for\u00e7as com Colo-Colo (Chile) ou Junior Barranquilla (Col\u00f4mbia).<\/p>\n<blockquote class=\"twitter-tweet\">\n<p dir=\"ltr\" lang=\"pt\" xml:lang=\"pt\">\ud83d\uddd3\ufe0f\ud83c\udfc6 O calend\u00e1rio da <a href=\"https:\/\/twitter.com\/hashtag\/GloriaEterna?src=hash&amp;ref_src=twsrc%5Etfw\" rel=\"noopener\">#GloriaEterna<\/a>! Anote a\u00ed as datas dos mata-matas da CONMEBOL <a href=\"https:\/\/twitter.com\/hashtag\/Libertadores?src=hash&amp;ref_src=twsrc%5Etfw\" rel=\"noopener\">#Libertadores<\/a>. <a href=\"https:\/\/t.co\/ho9Ki3ooWa\">pic.twitter.com\/ho9Ki3ooWa<\/a><\/p>\n<p>\u2014 CONMEBOL Libertadores (@LibertadoresBR) <a href=\"https:\/\/twitter.com\/LibertadoresBR\/status\/1797697314615890164?ref_src=twsrc%5Etfw\" rel=\"noopener\">June 3, 2024<\/a><\/p><\/blockquote>\n<p>As partidas das oitavas de final da Copa Libertadores ser\u00e3o disputados nas semanas dos dias 14 e 21 de agosto. As quartas de final ser\u00e3o realizadas nas semanas de 18 e 25 de setembro. As semifinais est\u00e3o programadas para as semanas dos dias 23 e 30 de outubro. E a grande decis\u00e3o est\u00e1 marcada para o dia 30 de novembro, em Buenos Aires (Argentina).<\/p>\n<\/p><\/div>\n<p><script async src=\"\/\/platform.twitter.com\/widgets.js\" charset=\"utf-8\"><\/script><br \/>\n<br \/><br \/>\n<br \/><a href=\"https:\/\/agenciabrasil.ebc.com.br\/esportes\/noticia\/2024-06\/conmebol-sorteia-confrontos-das-oitavas-de-final-da-copa-libertadores\" rel=\"noopener\">Ag\u00eancia Brasil<\/a><\/p>\n","protected":false},"excerpt":{"rendered":"<p>Os confrontos das oitavas de final da Copa Libertadores da Am\u00e9rica foram definidos nesta segunda-feira (3) com um sorteio realizado pela Confedera\u00e7\u00e3o Sul-Americana de Futebol (Conmebol) no Paraguai. O destaque \u00e9 o cl\u00e1ssico brasileiro entre Botafogo e Palmeiras. \u2b50\ufe0f\ud83c\udfc6 Rumo \u00e0 #GloriaEterna! Est\u00e3o definidas as Oitavas de Final e todo o chaveamento da CONMEBOL #Libertadores [&hellip;]<\/p>\n","protected":false},"author":1,"featured_media":7298,"comment_status":"open","ping_status":"open","sticky":false,"template":"","format":"standard","meta":{"_jetpack_newsletter_access":"","_jetpack_dont_email_post_to_subs":false,"_jetpack_newsletter_tier_id":0,"_jetpack_memberships_contains_paywalled_content":false,"_mbp_banners":[],"_jetpack_feature_clip_id":0,"_jetpack_memberships_contains_paid_content":false,"footnotes":"","jetpack_publicize_message":"","jetpack_publicize_feature_enabled":true,"jetpack_social_post_already_shared":true,"jetpack_social_options":{"image_generator_settings":{"template":"highway","default_image_id":0,"font":"","enabled":false},"version":2},"jetpack_post_was_ever_published":false},"categories":[23],"tags":[],"class_list":["post-7297","post","type-post","status-publish","format-standard","has-post-thumbnail","category-esportes"],"jetpack_publicize_connections":[],"jetpack-related-posts":[],"jetpack_shortlink":"https:\/\/wp.me\/p7Eq1F-1TH","jetpack_sharing_enabled":true,"jetpack_featured_media_url":"https:\/\/i0.wp.com\/guialimeira.com.br\/news\/wp-content\/uploads\/2024\/06\/51631195439_538913f105_k.jpg?fit=1600%2C800&ssl=1","_links":{"self":[{"href":"https:\/\/guialimeira.com.br\/news\/wp-json\/wp\/v2\/posts\/7297","targetHints":{"allow":["GET"]}}],"collection":[{"href":"https:\/\/guialimeira.com.br\/news\/wp-json\/wp\/v2\/posts"}],"about":[{"href":"https:\/\/guialimeira.com.br\/news\/wp-json\/wp\/v2\/types\/post"}],"author":[{"embeddable":true,"href":"https:\/\/guialimeira.com.br\/news\/wp-json\/wp\/v2\/users\/1"}],"replies":[{"embeddable":true,"href":"https:\/\/guialimeira.com.br\/news\/wp-json\/wp\/v2\/comments?post=7297"}],"version-history":[{"count":0,"href":"https:\/\/guialimeira.com.br\/news\/wp-json\/wp\/v2\/posts\/7297\/revisions"}],"wp:featuredmedia":[{"embeddable":true,"href":"https:\/\/guialimeira.com.br\/news\/wp-json\/wp\/v2\/media\/7298"}],"wp:attachment":[{"href":"https:\/\/guialimeira.com.br\/news\/wp-json\/wp\/v2\/media?parent=7297"}],"wp:term":[{"taxonomy":"category","embeddable":true,"href":"https:\/\/guialimeira.com.br\/news\/wp-json\/wp\/v2\/categories?post=7297"},{"taxonomy":"post_tag","embeddable":true,"href":"https:\/\/guialimeira.com.br\/news\/wp-json\/wp\/v2\/tags?post=7297"}],"curies":[{"name":"wp","href":"https:\/\/api.w.org\/{rel}","templated":true}]}}