{"id":72910,"date":"2026-07-24T02:03:03","date_gmt":"2026-07-24T05:03:03","guid":{"rendered":"https:\/\/guialimeira.com.br\/de-apresentador-de-tv-a-rei-nacional-do-rodeio-wilker-manoel-soares-celebra-nova-conquista-em-sua-trajetoria\/"},"modified":"2026-07-24T02:03:03","modified_gmt":"2026-07-24T05:03:03","slug":"de-apresentador-de-tv-a-rei-nacional-do-rodeio-wilker-manoel-soares-celebra-nova-conquista-em-sua-trajetoria","status":"publish","type":"post","link":"https:\/\/guialimeira.com.br\/news\/de-apresentador-de-tv-a-rei-nacional-do-rodeio-wilker-manoel-soares-celebra-nova-conquista-em-sua-trajetoria\/","title":{"rendered":"De apresentador de TV a Rei Nacional do Rodeio: Wilker Manoel Soares celebra nova conquista em sua trajet\u00f3ria"},"content":{"rendered":"<p>A trajet\u00f3ria de <strong>Wilker Manoel Soares<\/strong> ganhou mais um cap\u00edtulo de destaque. O apresentador de televis\u00e3o e atual <strong>Mister Brasil<\/strong> foi eleito <strong>Rei Nacional do Rodeio 2026<\/strong>, durante concurso realizado no dia <strong>18 de julho<\/strong>, conquistando mais um importante reconhecimento em sua carreira.<\/p>\n<p>A cerim\u00f4nia foi marcada por momentos de emo\u00e7\u00e3o e pela presen\u00e7a de personalidades conhecidas do p\u00fablico. A faixa de Rei Nacional do Rodeio foi entregue por <strong>Lucas Viana<\/strong>, vencedor de <em>A Fazenda<\/em>, e pelo ator e ex-BBB <strong>Kaysar Dadour<\/strong>, que participaram da premia\u00e7\u00e3o e parabenizaram o novo representante nacional.<\/p>\n<p>Conhecido pelo trabalho \u00e0 frente do programa <strong>Balan\u00e7o da Fama<\/strong>, exibido por uma afiliada da <strong>Record<\/strong>, Wilker vem conciliando a carreira na televis\u00e3o com sua atua\u00e7\u00e3o nos concursos de beleza masculinos. Com a conquista do novo t\u00edtulo, ele amplia ainda mais sua representatividade no cen\u00e1rio nacional.<\/p>\n<p>Para <strong>Thiago Michelasi<\/strong>, diretor nacional do <strong>Miss e Mister Brasil<\/strong>, apresentador de televis\u00e3o, empres\u00e1rio art\u00edstico e respons\u00e1vel pelo gerenciamento da carreira de Wilker, a vit\u00f3ria confirma um potencial que j\u00e1 vinha sendo constru\u00eddo h\u00e1 algum tempo.<\/p>\n<p>\u201cO Wilker \u00e9 um profissional extremamente dedicado e preparado. Ele sabe aproveitar cada oportunidade e tem evolu\u00eddo de forma consistente. Esse t\u00edtulo de Rei Nacional do Rodeio \u00e9 um reconhecimento do trabalho que vem desenvolvendo e, na minha vis\u00e3o, representa apenas o primeiro de muitos passos importantes que ele ainda dar\u00e1.\u201d<\/p>\n<p>Michelasi ressalta que o planejamento da carreira do jovem inclui novos projetos na televis\u00e3o, participa\u00e7\u00e3o em eventos nacionais e expans\u00e3o de sua atua\u00e7\u00e3o no mercado do entretenimento.<\/p>\n<p>A conquista de Wilker tamb\u00e9m evidencia a for\u00e7a dos concursos de beleza como plataforma para revelar comunicadores e representantes que v\u00e3o al\u00e9m das passarelas. Sua atua\u00e7\u00e3o na m\u00eddia e o relacionamento com o p\u00fablico t\u00eam sido diferenciais apontados por organizadores e profissionais do segmento.<\/p>\n<p>Agora, como <strong>Rei Nacional do Rodeio 2026<\/strong>, Wilker Manoel Soares inicia uma nova etapa de compromissos e representa\u00e7\u00f5es pelo pa\u00eds, levando consigo n\u00e3o apenas a faixa, mas tamb\u00e9m a responsabilidade de divulgar a cultura do rodeio e inspirar novos participantes.<\/p>\n<p>Com uma carreira em ascens\u00e3o, o novo t\u00edtulo refor\u00e7a que Wilker vem consolidando seu nome tanto na comunica\u00e7\u00e3o quanto no universo dos concursos nacionais, mostrando que determina\u00e7\u00e3o, preparo e dedica\u00e7\u00e3o podem abrir caminhos para conquistas cada vez maiores.<\/p>\n<\/p>\n<figure class=\"wp-block-image size-large\"><img data-recalc-dims=\"1\" height=\"464\" width=\"696\" decoding=\"async\" data-attachment-id=\"4211\" data-permalink=\"https:\/\/guialimeira.com.br\/news\/ccj-do-senado-aprova-aumento-de-cotas-raciais-para-concurso-publico\/lula1178-1-jpg\/\" data-orig-file=\"https:\/\/i0.wp.com\/guialimeira.com.br\/news\/wp-content\/uploads\/2024\/05\/lula1178-1.jpg?fit=1600%2C800&amp;ssl=1\" data-orig-size=\"1600,800\" data-comments-opened=\"1\" data-image-meta=\"{&quot;aperture&quot;:&quot;0&quot;,&quot;credit&quot;:&quot;&quot;,&quot;camera&quot;:&quot;&quot;,&quot;caption&quot;:&quot;&quot;,&quot;created_timestamp&quot;:&quot;0&quot;,&quot;copyright&quot;:&quot;&quot;,&quot;focal_length&quot;:&quot;0&quot;,&quot;iso&quot;:&quot;0&quot;,&quot;shutter_speed&quot;:&quot;0&quot;,&quot;title&quot;:&quot;&quot;,&quot;orientation&quot;:&quot;0&quot;}\" data-image-title=\"lula1178-1.jpg\" data-image-description=\"\" data-image-caption=\"\" data-large-file=\"https:\/\/i0.wp.com\/guialimeira.com.br\/news\/wp-content\/uploads\/2024\/05\/lula1178-1.jpg?fit=696%2C348&amp;ssl=1\" src=\"https:\/\/i0.wp.com\/mwoficial.com.br\/wp-content\/uploads\/2026\/07\/IMG_3847-1024x683.jpeg?resize=696%2C464&#038;ssl=1\" alt=\"\" class=\"wp-image-4211\"\/><\/figure>\n<\/p>\n<\/p>\n<p><\/p>\n","protected":false},"excerpt":{"rendered":"<p>A trajet\u00f3ria de Wilker Manoel Soares ganhou mais um cap\u00edtulo de destaque. O apresentador de televis\u00e3o e atual Mister Brasil foi eleito Rei Nacional do Rodeio 2026, durante concurso realizado no dia 18 de julho, conquistando mais um importante reconhecimento em sua carreira. A cerim\u00f4nia foi marcada por momentos de emo\u00e7\u00e3o e pela presen\u00e7a de [\u2026]<\/p>\n","protected":false},"author":5,"featured_media":0,"comment_status":"","ping_status":"open","sticky":false,"template":"","format":"standard","meta":{"_jetpack_newsletter_access":"","_jetpack_dont_email_post_to_subs":false,"_jetpack_newsletter_tier_id":0,"_jetpack_memberships_contains_paywalled_content":false,"_mbp_banners":[],"_jetpack_feature_clip_id":0,"_jetpack_memberships_contains_paid_content":false,"footnotes":"","jetpack_publicize_message":"","jetpack_publicize_feature_enabled":true,"jetpack_social_post_already_shared":true,"jetpack_social_options":{"image_generator_settings":{"template":"highway","default_image_id":0,"font":"","enabled":false},"version":2},"jetpack_post_was_ever_published":false},"categories":[],"tags":[],"class_list":["post-72910","post","type-post","status-publish","format-standard"],"jetpack_publicize_connections":[],"jetpack-related-posts":[],"jetpack_shortlink":"https:\/\/wp.me\/p7Eq1F-iXY","jetpack_sharing_enabled":true,"jetpack_featured_media_url":"","_links":{"self":[{"href":"https:\/\/guialimeira.com.br\/news\/wp-json\/wp\/v2\/posts\/72910","targetHints":{"allow":["GET"]}}],"collection":[{"href":"https:\/\/guialimeira.com.br\/news\/wp-json\/wp\/v2\/posts"}],"about":[{"href":"https:\/\/guialimeira.com.br\/news\/wp-json\/wp\/v2\/types\/post"}],"author":[{"embeddable":true,"href":"https:\/\/guialimeira.com.br\/news\/wp-json\/wp\/v2\/users\/5"}],"replies":[{"embeddable":true,"href":"https:\/\/guialimeira.com.br\/news\/wp-json\/wp\/v2\/comments?post=72910"}],"version-history":[{"count":0,"href":"https:\/\/guialimeira.com.br\/news\/wp-json\/wp\/v2\/posts\/72910\/revisions"}],"wp:attachment":[{"href":"https:\/\/guialimeira.com.br\/news\/wp-json\/wp\/v2\/media?parent=72910"}],"wp:term":[{"taxonomy":"category","embeddable":true,"href":"https:\/\/guialimeira.com.br\/news\/wp-json\/wp\/v2\/categories?post=72910"},{"taxonomy":"post_tag","embeddable":true,"href":"https:\/\/guialimeira.com.br\/news\/wp-json\/wp\/v2\/tags?post=72910"}],"curies":[{"name":"wp","href":"https:\/\/api.w.org\/{rel}","templated":true}]}}