{"id":7291,"date":"2024-06-03T18:07:48","date_gmt":"2024-06-03T21:07:48","guid":{"rendered":"https:\/\/guialimeira.com.br\/2024\/06\/03\/prefeitura-e-associacao-de-contabilistas-promovem-curso-de-capacitacao\/"},"modified":"2024-06-03T18:07:48","modified_gmt":"2024-06-03T21:07:48","slug":"prefeitura-e-associacao-de-contabilistas-promovem-curso-de-capacitacao","status":"publish","type":"post","link":"https:\/\/guialimeira.com.br\/news\/prefeitura-e-associacao-de-contabilistas-promovem-curso-de-capacitacao\/","title":{"rendered":"Prefeitura e Associa\u00e7\u00e3o de Contabilistas promovem curso de capacita\u00e7\u00e3o"},"content":{"rendered":"<p> <br \/>\n<\/p>\n<div>\n            <main class=\"\">&#13;<br \/>\n                &#13;<br \/>\n&#13;<br \/>\n&#13;<br \/>\n&#13;<br \/>\n    <img data-recalc-dims=\"1\" decoding=\"async\" src=\"https:\/\/i0.wp.com\/ecrie.com.br\/sistema\/conteudos\/imagem\/m_137_0_1_03062024172956.png?w=696&#038;ssl=1\" alt=\"Prefeitura e Associa\u00e7\u00e3o de Contabilistas promovem curso de capacita\u00e7\u00e3o\"\/>&#13;<br \/>\n&#13;<\/p>\n<p>A Secretaria de Desenvolvimento, Turismo e Inova\u00e7\u00e3o, em parceria com a Associa\u00e7\u00e3o Profissional das Empresas Cont\u00e1beis e Contabilistas de Limeira (APECL), promovem no dia 7 de junho, um encontro com profissionais da \u00e1rea sobre o Limeira Digital \u2013 sistema que permite que a popula\u00e7\u00e3o e os servidores solicitem servi\u00e7os por meio de processos digitais. O objetivo \u00e9 orientar os profissionais do setor sobre a implanta\u00e7\u00e3o do sistema digital, recentemente lan\u00e7ado, em processos que tramitam naquela secretaria.<\/p>\n<p>&#13;<\/p>\n<p>\u00a0<\/p>\n<p>&#13;<\/p>\n<p>No caso da Secretaria de Desenvolvimento, alguns dos servi\u00e7os disponibilizados s\u00e3o: Licenciamento de Empresas, Certid\u00e3o de Uso e Ocupa\u00e7\u00e3o de Solo, Autoriza\u00e7\u00e3o para Utiliza\u00e7\u00e3o de Espa\u00e7o P\u00fablico e Alvar\u00e1 de Realiza\u00e7\u00e3o de eventos entre outros. Agora, as solicita\u00e7\u00f5es e requerimentos poder\u00e3o ser feitas de forma on-line e n\u00e3o haver\u00e1 mais a necessidade de pedidos presencialmente.<\/p>\n<p>&#13;<\/p>\n<p>\u00a0<\/p>\n<p>&#13;<\/p>\n<p>O Limeira Digital garante mais agilidade ao solicitante. O novo modelo tem o car\u00e1ter de desburocratizar a m\u00e1quina p\u00fablica, situa\u00e7\u00e3o que beneficiar\u00e1 tanto o servidor quanto o cidad\u00e3o que necessita de servi\u00e7os p\u00fablicos. O encontro contar\u00e1 com a presen\u00e7a do diretor de Fomento ao Desenvolvimento, Marcelo Bueno dos Reis.<\/p>\n<p>&#13;<\/p>\n<p>\u00a0<\/p>\n<p>&#13;<\/p>\n<div style=\"text-align: justify;\">O curso acontece no Audit\u00f3rio do Sicom\u00e9rcio, localizado na Rua da Boa Morte, 200, Centro, a partir das 9h. As inscri\u00e7\u00f5es podem ser feitas pelo telefone (19) 3444-8148 \u2013 que tamb\u00e9m \u00e9 WhatsApp e pelo e-mail <a href=\"http:\/\/limeira.sp.gov.br\/cdn-cgi\/l\/email-protection#15767a7b6174617a5574657076793b767a783b7767\" target=\"_blank\" rel=\"noopener\" data-fr-linked=\"true\"><span class=\"__cf_email__\" data-cfemail=\"7f1c10110b1e0b103f1e0f1a1c13511c1012511d0d\">[email\u00a0protected]<\/span><\/a>\u00a0<\/div>\n<p>&#13;<\/p>\n<p>\u00a0<\/p>\n<p>&#13;<\/p>\n<p>Na ocasi\u00e3o, ser\u00e3o arrecados alimentos n\u00e3o perec\u00edveis, leite em p\u00f3, fraldas e mamadeiras que ser\u00e3o destinadas \u00e0 popula\u00e7\u00e3o do Rio Grande do Sul.<\/p>\n<p>&#13;<br \/>\n&#13;<br \/>\n&#13;<br \/>\n&#13;<\/p>\n<aside class=\"list-related no-print\">&#13;<br \/>\n        &#13;<br \/>\n&#13;<\/p>\n<article class=\"list-item noticias \">&#13;<br \/>\n                    <a class=\"list-item__img\" href=\"https:\/\/limeira.sp.gov.br\/imprensa\/noticias\/desenvolvimento-turismo-e-inovacao\/papel-da-lideranca-e-tema-de-palestra-gratuita\" tabindex=\"-1\" aria-hidden=\"true\" rel=\"noopener\">&#13;<br \/>\n                        <img data-recalc-dims=\"1\" decoding=\"async\" src=\"https:\/\/i0.wp.com\/ecrie.com.br\/sistema\/conteudos\/imagem\/m_137_0_1_03062024172405.jpeg?w=696&#038;ssl=1\" alt=\"Papel da Lideran\u00e7a \u00e9 tema de palestra gratuita\"\/>&#13;<br \/>\n                    <\/a>&#13;<br \/>\n&#13;<br \/>\n                &#13;<br \/>\n            <\/article>\n<p>&#13;<\/p>\n<article class=\"list-item noticias \">&#13;<br \/>\n                    <a class=\"list-item__img\" href=\"https:\/\/limeira.sp.gov.br\/imprensa\/noticias\/desenvolvimento-turismo-e-inovacao\/prefeitura-de-limeira-e-reconhecida-pelo-sebrae-por-projetos-empreendedores\" tabindex=\"-1\" aria-hidden=\"true\" rel=\"noopener\">&#13;<br \/>\n                        <img data-recalc-dims=\"1\" decoding=\"async\" src=\"https:\/\/i0.wp.com\/ecrie.com.br\/sistema\/conteudos\/imagem\/m_137_0_1_28052024172200.png?w=696&#038;ssl=1\" alt=\"Prefeitura de Limeira \u00e9 reconhecida pelo Sebrae por projetos empreendedores\"\/>&#13;<br \/>\n                    <\/a>&#13;<br \/>\n&#13;<br \/>\n                &#13;<br \/>\n            <\/article>\n<p>&#13;<\/p>\n<article class=\"list-item noticias \">&#13;<br \/>\n                    <a class=\"list-item__img\" href=\"https:\/\/limeira.sp.gov.br\/imprensa\/noticias\/desenvolvimento-turismo-e-inovacao\/confira-os-servicos-municipais-no-feriado-de-corpuschristi\" tabindex=\"-1\" aria-hidden=\"true\" rel=\"noopener\">&#13;<br \/>\n                        <img data-recalc-dims=\"1\" decoding=\"async\" src=\"https:\/\/i0.wp.com\/ecrie.com.br\/sistema\/conteudos\/imagem\/m_137_0_1_27052024143547.jpg?w=696&#038;ssl=1\" alt=\"Confira os servi\u00e7os municipais no feriado de Corpus\u00a0Christi\"\/>&#13;<br \/>\n                    <\/a>&#13;<br \/>\n&#13;<br \/>\n                &#13;<br \/>\n            <\/article>\n<p>&#13;<br \/>\n    <\/aside>\n<p>&#13;<br \/>\n&#13;<br \/>\n            <\/main><\/p><\/div>\n<p><br \/>\n<br \/><a href=\"https:\/\/limeira.sp.gov.br\/prefeitura-e-associacao-de-contabilistas-promovem-curso-de-capacitacao\" rel=\"noopener\">Informa\u00e7\u00f5es da PML <\/a><\/p>\n","protected":false},"excerpt":{"rendered":"<p>&#13; &#13; &#13; &#13; &#13; &#13; &#13; A Secretaria de Desenvolvimento, Turismo e Inova\u00e7\u00e3o, em parceria com a Associa\u00e7\u00e3o Profissional das Empresas Cont\u00e1beis e Contabilistas de Limeira (APECL), promovem no dia 7 de junho, um encontro com profissionais da \u00e1rea sobre o Limeira Digital \u2013 sistema que permite que a popula\u00e7\u00e3o e os servidores solicitem [&hellip;]<\/p>\n","protected":false},"author":1,"featured_media":7292,"comment_status":"open","ping_status":"open","sticky":false,"template":"","format":"standard","meta":{"_jetpack_newsletter_access":"","_jetpack_dont_email_post_to_subs":false,"_jetpack_newsletter_tier_id":0,"_jetpack_memberships_contains_paywalled_content":false,"_mbp_banners":[],"_jetpack_feature_clip_id":0,"_jetpack_memberships_contains_paid_content":false,"footnotes":"","jetpack_publicize_message":"","jetpack_publicize_feature_enabled":true,"jetpack_social_post_already_shared":true,"jetpack_social_options":{"image_generator_settings":{"template":"highway","default_image_id":0,"font":"","enabled":false},"version":2},"jetpack_post_was_ever_published":false},"categories":[16],"tags":[],"class_list":["post-7291","post","type-post","status-publish","format-standard","has-post-thumbnail","category-local"],"jetpack_publicize_connections":[],"jetpack-related-posts":[],"jetpack_shortlink":"https:\/\/wp.me\/p7Eq1F-1TB","jetpack_sharing_enabled":true,"jetpack_featured_media_url":"https:\/\/i0.wp.com\/guialimeira.com.br\/news\/wp-content\/uploads\/2024\/06\/m_137_0_1_03062024172956.png?fit=900%2C506&ssl=1","_links":{"self":[{"href":"https:\/\/guialimeira.com.br\/news\/wp-json\/wp\/v2\/posts\/7291","targetHints":{"allow":["GET"]}}],"collection":[{"href":"https:\/\/guialimeira.com.br\/news\/wp-json\/wp\/v2\/posts"}],"about":[{"href":"https:\/\/guialimeira.com.br\/news\/wp-json\/wp\/v2\/types\/post"}],"author":[{"embeddable":true,"href":"https:\/\/guialimeira.com.br\/news\/wp-json\/wp\/v2\/users\/1"}],"replies":[{"embeddable":true,"href":"https:\/\/guialimeira.com.br\/news\/wp-json\/wp\/v2\/comments?post=7291"}],"version-history":[{"count":0,"href":"https:\/\/guialimeira.com.br\/news\/wp-json\/wp\/v2\/posts\/7291\/revisions"}],"wp:featuredmedia":[{"embeddable":true,"href":"https:\/\/guialimeira.com.br\/news\/wp-json\/wp\/v2\/media\/7292"}],"wp:attachment":[{"href":"https:\/\/guialimeira.com.br\/news\/wp-json\/wp\/v2\/media?parent=7291"}],"wp:term":[{"taxonomy":"category","embeddable":true,"href":"https:\/\/guialimeira.com.br\/news\/wp-json\/wp\/v2\/categories?post=7291"},{"taxonomy":"post_tag","embeddable":true,"href":"https:\/\/guialimeira.com.br\/news\/wp-json\/wp\/v2\/tags?post=7291"}],"curies":[{"name":"wp","href":"https:\/\/api.w.org\/{rel}","templated":true}]}}