{"id":72909,"date":"2026-07-24T01:41:03","date_gmt":"2026-07-24T04:41:03","guid":{"rendered":"https:\/\/guialimeira.com.br\/de-pitangueiras-para-o-brasil-alycia-vitoria-soares-conquista-o-titulo-de-mini-rainha-nacional-do-rodeio-2026\/"},"modified":"2026-07-24T01:41:03","modified_gmt":"2026-07-24T04:41:03","slug":"de-pitangueiras-para-o-brasil-alycia-vitoria-soares-conquista-o-titulo-de-mini-rainha-nacional-do-rodeio-2026","status":"publish","type":"post","link":"https:\/\/guialimeira.com.br\/news\/de-pitangueiras-para-o-brasil-alycia-vitoria-soares-conquista-o-titulo-de-mini-rainha-nacional-do-rodeio-2026\/","title":{"rendered":"De Pitangueiras para o Brasil: Alycia Vit\u00f3ria Soares conquista o t\u00edtulo de Mini Rainha Nacional do Rodeio 2026"},"content":{"rendered":"<p>\u00a0nome de <strong>Alycia Vit\u00f3ria Soares<\/strong> voltou a ganhar destaque no cen\u00e1rio nacional dos concursos de beleza. Natural de <strong>Pitangueiras (SP)<\/strong> e com apenas <strong>8 anos<\/strong>, a pequena foi coroada <strong>Mini Rainha Nacional do Rodeio 2026<\/strong>, durante o concurso realizado no dia <strong>18 de julho<\/strong>, reafirmando seu talento e consolidando uma trajet\u00f3ria que impressiona pela rapidez e pelas conquistas.<\/p>\n<p>A coroa\u00e7\u00e3o teve um significado especial. A faixa foi entregue pelos artistas <strong>Lucas Viana<\/strong>, vencedor de <em>A Fazenda<\/em>, e <strong>Kaysar Dadour<\/strong>, ex-BBB e ator, que participaram da cerim\u00f4nia e fizeram quest\u00e3o de cumprimentar a nova rainha nacional.<\/p>\n<p>O reconhecimento tamb\u00e9m veio dos bastidores dos concursos. Os produtores <strong>Paulo Pupin<\/strong>, diretor do <strong>Miss e Mister Brasil<\/strong>, e <strong>Zeco Hentz<\/strong>, de Pitangueiras, celebraram a vit\u00f3ria da pequena representante paulista e destacaram seu potencial para continuar brilhando em competi\u00e7\u00f5es nacionais.<\/p>\n<p>Filha de <strong>D\u00e9bora Pereira<\/strong> e <strong>Wilson J\u00fanior Soares<\/strong>, Alycia j\u00e1 havia chamado a aten\u00e7\u00e3o do pa\u00eds em <strong>2025<\/strong>, quando conquistou o t\u00edtulo de <strong>Mini Miss Brasil<\/strong>. Agora, apenas um ano depois, ela amplia sua cole\u00e7\u00e3o de conquistas ao vencer um dos principais concursos ligados ao universo do rodeio brasileiro.<\/p>\n<p>A nova faixa representa mais do que um t\u00edtulo. Ela simboliza a dedica\u00e7\u00e3o de uma crian\u00e7a que, mesmo t\u00e3o jovem, demonstra disciplina, simpatia e desenvoltura nos palcos, sempre acompanhada pelo incentivo da fam\u00edlia.<\/p>\n<p>Entre os familiares que comemoraram a conquista est\u00e1 seu tio, <strong>Wilker Manoel Soares<\/strong>, atual <strong>Mister Brasil<\/strong> e apresentador do programa <strong>Balan\u00e7o da Fama<\/strong>, exibido por uma afiliada da Record. Orgulhoso da sobrinha, ele destacou a emo\u00e7\u00e3o de acompanhar de perto sua evolu\u00e7\u00e3o.<\/p>\n<p>\u201cA Alycia sempre mostrou muito brilho, humildade e vontade de aprender. \u00c9 emocionante ver uma crian\u00e7a da nossa fam\u00edlia conquistando espa\u00e7o em n\u00edvel nacional. Ela merece viver esse momento e tenho certeza de que esse \u00e9 apenas o come\u00e7o de uma linda hist\u00f3ria.\u201d<\/p>\n<p>Com a nova conquista, Alycia passa a representar o t\u00edtulo de <strong>Mini Rainha Nacional do Rodeio 2026<\/strong> em eventos e a\u00e7\u00f5es pelo pa\u00eds, levando consigo o nome de <strong>Pitangueiras<\/strong> e inspirando outras crian\u00e7as a acreditarem em seus sonhos.<\/p>\n<p>Em apenas dois anos, a pequena transformou talento em reconhecimento nacional. Aos 8 anos de idade, Alycia Vit\u00f3ria Soares j\u00e1 escreve uma hist\u00f3ria que promete render muitos outros cap\u00edtulos de sucesso no universo dos concursos de beleza infantil.<\/p>\n<figure class=\"wp-block-image size-large\"><img data-recalc-dims=\"1\" height=\"464\" width=\"696\" decoding=\"async\" data-attachment-id=\"4207\" data-permalink=\"https:\/\/guialimeira.com.br\/news\/lula-anuncia-r-183-bilhoes-em-obras-do-novo-pac\/0d9a5453-jpg\/\" data-orig-file=\"https:\/\/i0.wp.com\/guialimeira.com.br\/news\/wp-content\/uploads\/2024\/05\/0d9a5453.jpg?fit=1600%2C800&amp;ssl=1\" data-orig-size=\"1600,800\" data-comments-opened=\"1\" data-image-meta=\"{&quot;aperture&quot;:&quot;0&quot;,&quot;credit&quot;:&quot;&quot;,&quot;camera&quot;:&quot;&quot;,&quot;caption&quot;:&quot;&quot;,&quot;created_timestamp&quot;:&quot;0&quot;,&quot;copyright&quot;:&quot;&quot;,&quot;focal_length&quot;:&quot;0&quot;,&quot;iso&quot;:&quot;0&quot;,&quot;shutter_speed&quot;:&quot;0&quot;,&quot;title&quot;:&quot;&quot;,&quot;orientation&quot;:&quot;0&quot;}\" data-image-title=\"0d9a5453.jpg\" data-image-description=\"\" data-image-caption=\"\" data-large-file=\"https:\/\/i0.wp.com\/guialimeira.com.br\/news\/wp-content\/uploads\/2024\/05\/0d9a5453.jpg?fit=696%2C348&amp;ssl=1\" src=\"https:\/\/i0.wp.com\/mwoficial.com.br\/wp-content\/uploads\/2026\/07\/IMG_3839-1024x683.jpeg?resize=696%2C464&#038;ssl=1\" alt=\"\" class=\"wp-image-4207\"\/><\/figure>\n<\/p>\n<\/p>\n<p><\/p>\n","protected":false},"excerpt":{"rendered":"<p>\u00a0nome de Alycia Vit\u00f3ria Soares voltou a ganhar destaque no cen\u00e1rio nacional dos concursos de beleza. Natural de Pitangueiras (SP) e com apenas 8 anos, a pequena foi coroada Mini Rainha Nacional do Rodeio 2026, durante o concurso realizado no dia 18 de julho, reafirmando seu talento e consolidando uma trajet\u00f3ria que impressiona pela rapidez [\u2026]<\/p>\n","protected":false},"author":5,"featured_media":0,"comment_status":"","ping_status":"open","sticky":false,"template":"","format":"standard","meta":{"_jetpack_newsletter_access":"","_jetpack_dont_email_post_to_subs":false,"_jetpack_newsletter_tier_id":0,"_jetpack_memberships_contains_paywalled_content":false,"_mbp_banners":[],"_jetpack_feature_clip_id":0,"_jetpack_memberships_contains_paid_content":false,"footnotes":"","jetpack_publicize_message":"","jetpack_publicize_feature_enabled":true,"jetpack_social_post_already_shared":true,"jetpack_social_options":{"image_generator_settings":{"template":"highway","default_image_id":0,"font":"","enabled":false},"version":2},"jetpack_post_was_ever_published":false},"categories":[],"tags":[],"class_list":["post-72909","post","type-post","status-publish","format-standard"],"jetpack_publicize_connections":[],"jetpack-related-posts":[],"jetpack_shortlink":"https:\/\/wp.me\/p7Eq1F-iXX","jetpack_sharing_enabled":true,"jetpack_featured_media_url":"","_links":{"self":[{"href":"https:\/\/guialimeira.com.br\/news\/wp-json\/wp\/v2\/posts\/72909","targetHints":{"allow":["GET"]}}],"collection":[{"href":"https:\/\/guialimeira.com.br\/news\/wp-json\/wp\/v2\/posts"}],"about":[{"href":"https:\/\/guialimeira.com.br\/news\/wp-json\/wp\/v2\/types\/post"}],"author":[{"embeddable":true,"href":"https:\/\/guialimeira.com.br\/news\/wp-json\/wp\/v2\/users\/5"}],"replies":[{"embeddable":true,"href":"https:\/\/guialimeira.com.br\/news\/wp-json\/wp\/v2\/comments?post=72909"}],"version-history":[{"count":0,"href":"https:\/\/guialimeira.com.br\/news\/wp-json\/wp\/v2\/posts\/72909\/revisions"}],"wp:attachment":[{"href":"https:\/\/guialimeira.com.br\/news\/wp-json\/wp\/v2\/media?parent=72909"}],"wp:term":[{"taxonomy":"category","embeddable":true,"href":"https:\/\/guialimeira.com.br\/news\/wp-json\/wp\/v2\/categories?post=72909"},{"taxonomy":"post_tag","embeddable":true,"href":"https:\/\/guialimeira.com.br\/news\/wp-json\/wp\/v2\/tags?post=72909"}],"curies":[{"name":"wp","href":"https:\/\/api.w.org\/{rel}","templated":true}]}}