{"id":72886,"date":"2026-07-23T17:42:13","date_gmt":"2026-07-23T20:42:13","guid":{"rendered":"https:\/\/guialimeira.com.br\/murilo-felix-recebe-titulo-de-prefeito-inovador-2026-pelo-uso-de-inteligencia-artificial-na-gestao-publica\/"},"modified":"2026-07-23T17:42:13","modified_gmt":"2026-07-23T20:42:13","slug":"murilo-felix-recebe-titulo-de-prefeito-inovador-2026-pelo-uso-de-inteligencia-artificial-na-gestao-publica","status":"publish","type":"post","link":"https:\/\/guialimeira.com.br\/news\/murilo-felix-recebe-titulo-de-prefeito-inovador-2026-pelo-uso-de-inteligencia-artificial-na-gestao-publica\/","title":{"rendered":"Murilo F\u00e9lix recebe t\u00edtulo de Prefeito Inovador 2026 pelo uso de intelig\u00eancia artificial na gest\u00e3o p\u00fablica"},"content":{"rendered":"<p> <br \/>\n<\/p>\n<div id=\"\">&#13;<br \/>\n                    &#13;<br \/>\n&#13;<br \/>\n&#13;<br \/>\n&#13;<br \/>\n&#13;<br \/>\n&#13;<br \/>\n    <img data-recalc-dims=\"1\" decoding=\"async\" src=\"https:\/\/i0.wp.com\/ecrie.com.br\/sistema\/conteudos\/imagem\/m_137_0_1_23072026173703.jpeg?w=696&#038;ssl=1\" alt=\"Murilo F\u00e9lix recebe t\u00edtulo de Prefeito Inovador 2026 pelo uso de intelig\u00eancia artificial na gest\u00e3o p\u00fablica\"\/>&#13;<br \/>\n&#13;<br \/>\n&#13;<\/p>\n<p>O prefeito de Limeira, Murilo F\u00e9lix, recebeu nesta quinta-feira (23) o t\u00edtulo de Prefeito Inovador 2026, concedido pela Rede Cidade Digital (RCD) ao projeto Lia, a intelig\u00eancia artificial da Prefeitura de Limeira criada para ampliar o acesso da popula\u00e7\u00e3o aos servi\u00e7os p\u00fablicos e agilizar o atendimento ao cidad\u00e3o. A premia\u00e7\u00e3o foi entregue durante o F\u00f3rum de Cidades Digitais e Inteligentes, um dos principais eventos do interior paulista voltados \u00e0 inova\u00e7\u00e3o e \u00e0 transforma\u00e7\u00e3o digital na administra\u00e7\u00e3o p\u00fablica, realizado na cidade.<\/p>\n<p>&#13;<\/p>\n<p>O encontro reuniu prefeitos, vice-prefeitos, vereadores, secret\u00e1rios municipais, servidores p\u00fablicos, especialistas e empresas de tecnologia para debater solu\u00e7\u00f5es voltadas \u00e0 moderniza\u00e7\u00e3o da gest\u00e3o p\u00fablica. Promovido pela RCD em parceria com a Prefeitura de Limeira e com apoio institucional da Associa\u00e7\u00e3o dos Munic\u00edpios de Pequeno e M\u00e9dio Porte do Estado de S\u00e3o Paulo (AMPPESP), o F\u00f3rum foi realizado no campus da UNIP e contou com palestras, pain\u00e9is e troca de experi\u00eancias sobre o uso da tecnologia para tornar os servi\u00e7os p\u00fablicos mais eficientes.<\/p>\n<p>&#13;<\/p>\n<p>A abertura contou com a presen\u00e7a do prefeito Murilo F\u00e9lix, do diretor da Rede Cidade Digital, Jos\u00e9 Marinho, do secret\u00e1rio de Tecnologia e Efici\u00eancia, Roger Willians, do representante da C\u00e2mara Municipal, Estev\u00e3o Nogueira, e do presidente da AMPPESP. Tamb\u00e9m estiveram presentes os vereadores Lu Bogo, Mara Isa Mattos Silveira, Tatiane Lopes, Mariana Calsa e Nilton Santos, al\u00e9m de autoridades de diversos munic\u00edpios paulistas.<\/p>\n<p>&#13;<\/p>\n<p>O t\u00edtulo de Prefeito Inovador 2026 \u00e9 concedido pela Rede Cidade Digital a gestores que desenvolvem iniciativas de destaque na \u00e1rea da inova\u00e7\u00e3o. Em sua palestra, Murilo F\u00e9lix apresentou as principais a\u00e7\u00f5es de transforma\u00e7\u00e3o digital implantadas em Limeira desde o in\u00edcio da gest\u00e3o, entre elas a Agenda F\u00e1cil na Sa\u00fade, a pr\u00f3pria Lia, os sem\u00e1foros inteligentes e a cria\u00e7\u00e3o da Secretaria de Tecnologia e Efici\u00eancia, voltada a acelerar a moderniza\u00e7\u00e3o da administra\u00e7\u00e3o municipal. &#8220;Investir em tecnologia n\u00e3o era uma op\u00e7\u00e3o, era a condi\u00e7\u00e3o m\u00ednima para transformar a gest\u00e3o p\u00fablica em uma administra\u00e7\u00e3o mais eficiente e preparada para o futuro&#8221;, disse o prefeito.<\/p>\n<p>&#13;<\/p>\n<p>O diretor da Rede Cidade Digital, Jos\u00e9 Marinho, ressaltou a import\u00e2ncia de aplicar a tecnologia a servi\u00e7o da popula\u00e7\u00e3o. &#8220;A tecnologia por si s\u00f3 n\u00e3o representaria nada se n\u00e3o estivesse a favor daquilo que realmente importa, que \u00e9 melhorar o servi\u00e7o prestado ao cidad\u00e3o&#8221;, afirmou.<\/p>\n<p>&#13;<\/p>\n<p>O F\u00f3rum contou ainda com a participa\u00e7\u00e3o de empresas especializadas em tecnologia para o setor p\u00fablico, que apresentaram solu\u00e7\u00f5es voltadas \u00e0 efici\u00eancia administrativa e \u00e0 transforma\u00e7\u00e3o digital das cidades.<\/p>\n<p>&#13;<br \/>\n&#13;<br \/>\n&#13;<br \/>\n&#13;<\/p>\n<article class=\"conteudo-relacionado no-print\">&#13;<br \/>\n        &#13;<br \/>\n&#13;<br \/>\n        &#13;<br \/>\n    <\/article>\n<p>&#13;<br \/>\n&#13;\n                <\/p><\/div>\n<p><br \/>\n<br \/><a href=\"https:\/\/limeira.sp.gov.br\/murilo-felix-recebe-titulo-de-prefeito-inovador-2026-pelo-uso-de-inteligencia-artificial-na-gestao-publica\" rel=\"noopener\">Informa\u00e7\u00f5es da PML <\/a><\/p>\n","protected":false},"excerpt":{"rendered":"<p>&#13; &#13; &#13; &#13; &#13; &#13; &#13; &#13; &#13; &#13; O prefeito de Limeira, Murilo F\u00e9lix, recebeu nesta quinta-feira (23) o t\u00edtulo de Prefeito Inovador 2026, concedido pela Rede Cidade Digital (RCD) ao projeto Lia, a intelig\u00eancia artificial da Prefeitura de Limeira criada para ampliar o acesso da popula\u00e7\u00e3o aos servi\u00e7os p\u00fablicos e agilizar o [&hellip;]<\/p>\n","protected":false},"author":1,"featured_media":72887,"comment_status":"","ping_status":"open","sticky":false,"template":"","format":"standard","meta":{"_jetpack_newsletter_access":"","_jetpack_dont_email_post_to_subs":false,"_jetpack_newsletter_tier_id":0,"_jetpack_memberships_contains_paywalled_content":false,"_mbp_banners":[],"_jetpack_feature_clip_id":0,"_jetpack_memberships_contains_paid_content":false,"footnotes":"","jetpack_publicize_message":"","jetpack_publicize_feature_enabled":true,"jetpack_social_post_already_shared":true,"jetpack_social_options":{"image_generator_settings":{"template":"highway","default_image_id":0,"font":"","enabled":false},"version":2},"jetpack_post_was_ever_published":false},"categories":[16],"tags":[],"class_list":["post-72886","post","type-post","status-publish","format-standard","has-post-thumbnail","category-local"],"jetpack_publicize_connections":[],"jetpack-related-posts":[],"jetpack_shortlink":"https:\/\/wp.me\/p7Eq1F-iXA","jetpack_sharing_enabled":true,"jetpack_featured_media_url":"https:\/\/i0.wp.com\/guialimeira.com.br\/news\/wp-content\/uploads\/2026\/07\/m_137_0_1_23072026173703.jpeg?fit=1024%2C576&ssl=1","_links":{"self":[{"href":"https:\/\/guialimeira.com.br\/news\/wp-json\/wp\/v2\/posts\/72886","targetHints":{"allow":["GET"]}}],"collection":[{"href":"https:\/\/guialimeira.com.br\/news\/wp-json\/wp\/v2\/posts"}],"about":[{"href":"https:\/\/guialimeira.com.br\/news\/wp-json\/wp\/v2\/types\/post"}],"author":[{"embeddable":true,"href":"https:\/\/guialimeira.com.br\/news\/wp-json\/wp\/v2\/users\/1"}],"replies":[{"embeddable":true,"href":"https:\/\/guialimeira.com.br\/news\/wp-json\/wp\/v2\/comments?post=72886"}],"version-history":[{"count":0,"href":"https:\/\/guialimeira.com.br\/news\/wp-json\/wp\/v2\/posts\/72886\/revisions"}],"wp:featuredmedia":[{"embeddable":true,"href":"https:\/\/guialimeira.com.br\/news\/wp-json\/wp\/v2\/media\/72887"}],"wp:attachment":[{"href":"https:\/\/guialimeira.com.br\/news\/wp-json\/wp\/v2\/media?parent=72886"}],"wp:term":[{"taxonomy":"category","embeddable":true,"href":"https:\/\/guialimeira.com.br\/news\/wp-json\/wp\/v2\/categories?post=72886"},{"taxonomy":"post_tag","embeddable":true,"href":"https:\/\/guialimeira.com.br\/news\/wp-json\/wp\/v2\/tags?post=72886"}],"curies":[{"name":"wp","href":"https:\/\/api.w.org\/{rel}","templated":true}]}}