{"id":72884,"date":"2026-07-23T17:26:56","date_gmt":"2026-07-23T20:26:56","guid":{"rendered":"https:\/\/guialimeira.com.br\/prefeito-visita-delegacao-limeirense-nos-jogos-regionais-em-itatiba\/"},"modified":"2026-07-23T17:26:56","modified_gmt":"2026-07-23T20:26:56","slug":"prefeito-visita-delegacao-limeirense-nos-jogos-regionais-em-itatiba","status":"publish","type":"post","link":"https:\/\/guialimeira.com.br\/news\/prefeito-visita-delegacao-limeirense-nos-jogos-regionais-em-itatiba\/","title":{"rendered":"Prefeito visita delega\u00e7\u00e3o limeirense nos Jogos Regionais em Itatiba"},"content":{"rendered":"<p> <br \/>\n<\/p>\n<div>\n                <main class=\"\">&#13;<br \/>\n                    &#13;<br \/>\n&#13;<br \/>\n&#13;<br \/>\n&#13;<br \/>\n&#13;<br \/>\n&#13;<br \/>\n    <img data-recalc-dims=\"1\" decoding=\"async\" src=\"https:\/\/i0.wp.com\/ecrie.com.br\/sistema\/conteudos\/imagem\/m_137_0_1_23072026172429.jpg?w=696&#038;ssl=1\" alt=\"Prefeito visita delega\u00e7\u00e3o limeirense nos Jogos Regionais em Itatiba\"\/>&#13;<br \/>\n&#13;<br \/>\n&#13;<\/p>\n<p>O prefeito Murilo F\u00e9lix acompanhou nesta quinta-feira (23) o \u00faltimo dia de disputas da delega\u00e7\u00e3o limeirense nos 68\u00ba Jogos Regionais, realizados em Itatiba. Durante a visita, o chefe do Executivo prestigiou competi\u00e7\u00f5es, participou de cerim\u00f4nias de premia\u00e7\u00e3o e esteve com atletas e comiss\u00e3o t\u00e9cnica.<\/p>\n<p>&#13;<\/p>\n<p>Entre os destaques da agenda, o prefeito acompanhou a conquista da medalha de bronze pela equipe masculina de voleibol, que venceu Itatiba na disputa pelo terceiro lugar. Murilo tamb\u00e9m participou da cerim\u00f4nia de premia\u00e7\u00e3o do t\u00eanis de mesa, modalidade em que Limeira conquistou diversos t\u00edtulos e garantiu o primeiro lugar por equipes.<\/p>\n<p>&#13;<\/p>\n<p>Al\u00e9m de acompanhar as competi\u00e7\u00f5es, o prefeito visitou o alojamento da delega\u00e7\u00e3o limeirense, conversou com atletas e integrantes da comiss\u00e3o t\u00e9cnica e almo\u00e7ou com o grupo, refor\u00e7ando o apoio da administra\u00e7\u00e3o municipal ao esporte.<\/p>\n<p>&#13;<\/p>\n<p>&#8220;\u00c9 uma alegria acompanhar de perto o empenho dos nossos atletas e ver o nome de Limeira sendo representado com tanta dedica\u00e7\u00e3o. Independentemente dos resultados, todos est\u00e3o de parab\u00e9ns pelo comprometimento e pelo exemplo que d\u00e3o dentro e fora das quadras. A Prefeitura continuar\u00e1 investindo no esporte e valorizando quem leva o nome da nossa cidade para competi\u00e7\u00f5es t\u00e3o importantes&#8221;, afirmou Murilo F\u00e9lix.<\/p>\n<p>&#13;<\/p>\n<p>Os 68\u00ba Jogos Regionais foram encerrados nesta quinta-feira. O balan\u00e7o oficial da participa\u00e7\u00e3o de Limeira, com o desempenho final da delega\u00e7\u00e3o e a classifica\u00e7\u00e3o geral da competi\u00e7\u00e3o, ser\u00e1 divulgado nesta sexta-feira (24).<\/p>\n<p>&#13;<br \/>\n&#13;<br \/>\n&#13;<br \/>\n&#13;<\/p>\n<article class=\"conteudo-relacionado no-print\">&#13;<br \/>\n        &#13;<br \/>\n&#13;<br \/>\n        &#13;<br \/>\n    <\/article>\n<p>&#13;<br \/>\n&#13;<br \/>\n                <\/main><\/p><\/div>\n<p><br \/>\n<br \/><a href=\"https:\/\/limeira.sp.gov.br\/prefeito-visita-delegacao-limeirense-nos-jogos-regionais-em-itatiba\" rel=\"noopener\">Informa\u00e7\u00f5es da PML <\/a><\/p>\n","protected":false},"excerpt":{"rendered":"<p>&#13; &#13; &#13; &#13; &#13; &#13; &#13; &#13; &#13; &#13; O prefeito Murilo F\u00e9lix acompanhou nesta quinta-feira (23) o \u00faltimo dia de disputas da delega\u00e7\u00e3o limeirense nos 68\u00ba Jogos Regionais, realizados em Itatiba. Durante a visita, o chefe do Executivo prestigiou competi\u00e7\u00f5es, participou de cerim\u00f4nias de premia\u00e7\u00e3o e esteve com atletas e comiss\u00e3o t\u00e9cnica. &#13; [&hellip;]<\/p>\n","protected":false},"author":1,"featured_media":72885,"comment_status":"","ping_status":"open","sticky":false,"template":"","format":"standard","meta":{"_jetpack_newsletter_access":"","_jetpack_dont_email_post_to_subs":false,"_jetpack_newsletter_tier_id":0,"_jetpack_memberships_contains_paywalled_content":false,"_mbp_banners":[],"_jetpack_feature_clip_id":0,"_jetpack_memberships_contains_paid_content":false,"footnotes":"","jetpack_publicize_message":"","jetpack_publicize_feature_enabled":true,"jetpack_social_post_already_shared":true,"jetpack_social_options":{"image_generator_settings":{"template":"highway","default_image_id":0,"font":"","enabled":false},"version":2},"jetpack_post_was_ever_published":false},"categories":[16],"tags":[],"class_list":["post-72884","post","type-post","status-publish","format-standard","has-post-thumbnail","category-local"],"jetpack_publicize_connections":[],"jetpack-related-posts":[],"jetpack_shortlink":"https:\/\/wp.me\/p7Eq1F-iXy","jetpack_sharing_enabled":true,"jetpack_featured_media_url":"https:\/\/i0.wp.com\/guialimeira.com.br\/news\/wp-content\/uploads\/2026\/07\/m_137_0_1_23072026172429.jpg?fit=1024%2C576&ssl=1","_links":{"self":[{"href":"https:\/\/guialimeira.com.br\/news\/wp-json\/wp\/v2\/posts\/72884","targetHints":{"allow":["GET"]}}],"collection":[{"href":"https:\/\/guialimeira.com.br\/news\/wp-json\/wp\/v2\/posts"}],"about":[{"href":"https:\/\/guialimeira.com.br\/news\/wp-json\/wp\/v2\/types\/post"}],"author":[{"embeddable":true,"href":"https:\/\/guialimeira.com.br\/news\/wp-json\/wp\/v2\/users\/1"}],"replies":[{"embeddable":true,"href":"https:\/\/guialimeira.com.br\/news\/wp-json\/wp\/v2\/comments?post=72884"}],"version-history":[{"count":0,"href":"https:\/\/guialimeira.com.br\/news\/wp-json\/wp\/v2\/posts\/72884\/revisions"}],"wp:featuredmedia":[{"embeddable":true,"href":"https:\/\/guialimeira.com.br\/news\/wp-json\/wp\/v2\/media\/72885"}],"wp:attachment":[{"href":"https:\/\/guialimeira.com.br\/news\/wp-json\/wp\/v2\/media?parent=72884"}],"wp:term":[{"taxonomy":"category","embeddable":true,"href":"https:\/\/guialimeira.com.br\/news\/wp-json\/wp\/v2\/categories?post=72884"},{"taxonomy":"post_tag","embeddable":true,"href":"https:\/\/guialimeira.com.br\/news\/wp-json\/wp\/v2\/tags?post=72884"}],"curies":[{"name":"wp","href":"https:\/\/api.w.org\/{rel}","templated":true}]}}