{"id":72882,"date":"2026-07-23T17:06:18","date_gmt":"2026-07-23T20:06:18","guid":{"rendered":"https:\/\/guialimeira.com.br\/prefeitura-abre-160-vagas-para-aulas-de-natacao-infantil-no-savoi\/"},"modified":"2026-07-23T17:06:18","modified_gmt":"2026-07-23T20:06:18","slug":"prefeitura-abre-160-vagas-para-aulas-de-natacao-infantil-no-savoi","status":"publish","type":"post","link":"https:\/\/guialimeira.com.br\/news\/prefeitura-abre-160-vagas-para-aulas-de-natacao-infantil-no-savoi\/","title":{"rendered":"Prefeitura abre 160 vagas para aulas de nata\u00e7\u00e3o infantil no Savoi"},"content":{"rendered":"<p> <br \/>\n<\/p>\n<div id=\"\">&#13;<br \/>\n                    &#13;<br \/>\n&#13;<br \/>\n&#13;<br \/>\n&#13;<\/p>\n<header class=\"list-header\">&#13;<br \/>\n    &#13;<br \/>\n&#13;<\/p>\n<nav class=\"breadcrumbs__container no-print\">&#13;<br \/>\n    <a class=\"breadcrumbs__item\" href=\"https:\/\/limeira.sp.gov.br\/\" rel=\"noopener\">In\u00edcio<\/a>&#13;<br \/>\n&#13;<br \/>\n&#13;<br \/>\n&#13;<br \/>\n<\/nav>\n<p>&#13;<br \/>\n&#13;<br \/>\n    &#13;<br \/>\n&#13;<\/p>\n<p class=\"page-description\">&#13;<br \/>\n            Inscri\u00e7\u00f5es acontecem na pr\u00f3xima segunda-feira (27), a partir das 8h&#13;<br \/>\n&#13;<br \/>\n&#13;\n        <\/p>\n<p>&#13;<br \/>\n&#13;<br \/>\n    &#13;<br \/>\n<\/header>\n<p>&#13;<br \/>\n&#13;<br \/>\n    <img data-recalc-dims=\"1\" decoding=\"async\" src=\"https:\/\/i0.wp.com\/ecrie.com.br\/sistema\/conteudos\/imagem\/m_137_0_1_23072026160638.jpg?w=696&#038;ssl=1\" alt=\"Prefeitura abre 160 vagas para aulas de nata\u00e7\u00e3o infantil no Savoi\"\/>&#13;<br \/>\n&#13;<br \/>\n&#13;<\/p>\n<p style=\"text-align: justify;\">A Prefeitura de Limeira abre, na pr\u00f3xima segunda-feira (27), as inscri\u00e7\u00f5es para aulas de nata\u00e7\u00e3o infantil no Complexo Aqu\u00e1tico Alberto Savoi. O atendimento ter\u00e1 in\u00edcio \u00e0s 8h, no pr\u00f3prio complexo, e \u00e9 destinado a crian\u00e7as de 6 a 14 anos.<\/p>\n<p>&#13;<\/p>\n<p style=\"text-align: justify;\">Est\u00e3o dispon\u00edveis 160 vagas. As inscri\u00e7\u00f5es ser\u00e3o realizadas por ordem de chegada e permanecer\u00e3o abertas at\u00e9 o preenchimento total das turmas.<\/p>\n<p>&#13;<\/p>\n<p style=\"text-align: justify;\">Para efetivar a matr\u00edcula, o respons\u00e1vel dever\u00e1 apresentar declara\u00e7\u00e3o m\u00e9dica de cl\u00ednico geral ou pediatra autorizando a pr\u00e1tica de atividade f\u00edsica, uma foto 3&#215;4 da crian\u00e7a, RG ou certid\u00e3o de nascimento do aluno, RG do respons\u00e1vel, Cart\u00e3o SUS e comprovante de endere\u00e7o.<\/p>\n<p>&#13;<\/p>\n<p style=\"text-align: justify;\">O secret\u00e1rio de Esporte e Lazer, Dimas Peruzza, destaca a import\u00e2ncia da iniciativa para ampliar o acesso das crian\u00e7as \u00e0s atividades esportivas. &#8220;A nata\u00e7\u00e3o contribui para o desenvolvimento f\u00edsico, motor e social das crian\u00e7as. Nosso objetivo \u00e9 oferecer mais oportunidades para que elas pratiquem esporte com qualidade e seguran\u00e7a&#8221;, afirma.<\/p>\n<p>&#13;<\/p>\n<p style=\"text-align: justify;\">A iniciativa est\u00e1 alinhada ao Objetivo de Desenvolvimento Sustent\u00e1vel (ODS) 3 da Organiza\u00e7\u00e3o das Na\u00e7\u00f5es Unidas (ONU), que promove sa\u00fade e bem-estar, ao incentivar a pr\u00e1tica regular de atividades f\u00edsicas desde a inf\u00e2ncia.<\/p>\n<p>&#13;<br \/>\n&#13;<br \/>\n&#13;<br \/>\n&#13;<\/p>\n<article class=\"conteudo-relacionado no-print\">&#13;<\/p>\n<header class=\"list-header\">&#13;<\/p>\n<h4>Conte\u00fados Relacionados<\/h4>\n<p>&#13;<br \/>\n        <\/header>\n<p>&#13;<br \/>\n&#13;<br \/>\n        &#13;<br \/>\n    <\/article>\n<p>&#13;<br \/>\n&#13;\n                <\/p><\/div>\n<p><br \/>\n<br \/><a href=\"https:\/\/limeira.sp.gov.br\/prefeitura-abre-160-vagas-para-aulas-de-natacao-infantil-no-savoi\" rel=\"noopener\">Informa\u00e7\u00f5es da PML <\/a><\/p>\n","protected":false},"excerpt":{"rendered":"<p>&#13; &#13; &#13; &#13; &#13; &#13; &#13; &#13; &#13; In\u00edcio&#13; &#13; &#13; &#13; &#13; &#13; &#13; &#13; &#13; Inscri\u00e7\u00f5es acontecem na pr\u00f3xima segunda-feira (27), a partir das 8h&#13; &#13; &#13; &#13; &#13; &#13; &#13; &#13; &#13; &#13; &#13; A Prefeitura de Limeira abre, na pr\u00f3xima segunda-feira (27), as inscri\u00e7\u00f5es para aulas de nata\u00e7\u00e3o infantil no [&hellip;]<\/p>\n","protected":false},"author":1,"featured_media":0,"comment_status":"","ping_status":"open","sticky":false,"template":"","format":"standard","meta":{"_jetpack_newsletter_access":"","_jetpack_dont_email_post_to_subs":false,"_jetpack_newsletter_tier_id":0,"_jetpack_memberships_contains_paywalled_content":false,"_mbp_banners":[],"_jetpack_feature_clip_id":0,"_jetpack_memberships_contains_paid_content":false,"footnotes":"","jetpack_publicize_message":"","jetpack_publicize_feature_enabled":true,"jetpack_social_post_already_shared":true,"jetpack_social_options":{"image_generator_settings":{"template":"highway","default_image_id":0,"font":"","enabled":false},"version":2},"jetpack_post_was_ever_published":false},"categories":[16],"tags":[],"class_list":["post-72882","post","type-post","status-publish","format-standard","category-local"],"jetpack_publicize_connections":[],"jetpack-related-posts":[],"jetpack_shortlink":"https:\/\/wp.me\/p7Eq1F-iXw","jetpack_sharing_enabled":true,"jetpack_featured_media_url":"","_links":{"self":[{"href":"https:\/\/guialimeira.com.br\/news\/wp-json\/wp\/v2\/posts\/72882","targetHints":{"allow":["GET"]}}],"collection":[{"href":"https:\/\/guialimeira.com.br\/news\/wp-json\/wp\/v2\/posts"}],"about":[{"href":"https:\/\/guialimeira.com.br\/news\/wp-json\/wp\/v2\/types\/post"}],"author":[{"embeddable":true,"href":"https:\/\/guialimeira.com.br\/news\/wp-json\/wp\/v2\/users\/1"}],"replies":[{"embeddable":true,"href":"https:\/\/guialimeira.com.br\/news\/wp-json\/wp\/v2\/comments?post=72882"}],"version-history":[{"count":0,"href":"https:\/\/guialimeira.com.br\/news\/wp-json\/wp\/v2\/posts\/72882\/revisions"}],"wp:attachment":[{"href":"https:\/\/guialimeira.com.br\/news\/wp-json\/wp\/v2\/media?parent=72882"}],"wp:term":[{"taxonomy":"category","embeddable":true,"href":"https:\/\/guialimeira.com.br\/news\/wp-json\/wp\/v2\/categories?post=72882"},{"taxonomy":"post_tag","embeddable":true,"href":"https:\/\/guialimeira.com.br\/news\/wp-json\/wp\/v2\/tags?post=72882"}],"curies":[{"name":"wp","href":"https:\/\/api.w.org\/{rel}","templated":true}]}}