{"id":72873,"date":"2026-07-23T15:20:17","date_gmt":"2026-07-23T18:20:17","guid":{"rendered":"https:\/\/guialimeira.com.br\/festa-do-agricultor-tera-vacinacao-itinerante-neste-sabado-25\/"},"modified":"2026-07-23T15:20:17","modified_gmt":"2026-07-23T18:20:17","slug":"festa-do-agricultor-tera-vacinacao-itinerante-neste-sabado-25","status":"publish","type":"post","link":"https:\/\/guialimeira.com.br\/news\/festa-do-agricultor-tera-vacinacao-itinerante-neste-sabado-25\/","title":{"rendered":"Festa do Agricultor ter\u00e1 Vacina\u00e7\u00e3o Itinerante neste s\u00e1bado (25)"},"content":{"rendered":"<p> <br \/>\n<\/p>\n<div id=\"\">&#13;<br \/>\n                    &#13;<br \/>\n&#13;<br \/>\n&#13;<br \/>\n&#13;<\/p>\n<header class=\"list-header\">&#13;<br \/>\n    &#13;<br \/>\n&#13;<\/p>\n<nav class=\"breadcrumbs__container no-print\">&#13;<br \/>\n    <a class=\"breadcrumbs__item\" href=\"https:\/\/limeira.sp.gov.br\/\" rel=\"noopener\">In\u00edcio<\/a>&#13;<br \/>\n&#13;<br \/>\n&#13;<br \/>\n&#13;<br \/>\n<\/nav>\n<p>&#13;<br \/>\n&#13;<br \/>\n    &#13;<br \/>\n&#13;<\/p>\n<p class=\"page-description\">&#13;<br \/>\n            A\u00e7\u00e3o acontece das 10h \u00e0s 15h, no Centro Rural do Pinhal&#13;<br \/>\n&#13;<br \/>\n&#13;\n        <\/p>\n<p>&#13;<br \/>\n&#13;<br \/>\n    &#13;<br \/>\n<\/header>\n<p>&#13;<br \/>\n&#13;<br \/>\n    <img data-recalc-dims=\"1\" decoding=\"async\" src=\"https:\/\/i0.wp.com\/ecrie.com.br\/sistema\/conteudos\/imagem\/m_137_0_1_23072026151741.jpeg?w=696&#038;ssl=1\" alt=\"Festa do Agricultor ter\u00e1 Vacina\u00e7\u00e3o Itinerante neste s\u00e1bado (25)\"\/>&#13;<br \/>\n&#13;<br \/>\n&#13;<\/p>\n<p style=\"text-align: justify;\">A Prefeitura de Limeira leva neste s\u00e1bado (25) a Vacina\u00e7\u00e3o Itinerante ao Centro Rural do Pinhal, durante a programa\u00e7\u00e3o da 6\u00aa Festa do Agricultor, promovida com o apoio da Secretaria de Agroneg\u00f3cios e \u00c1reas Rurais. O atendimento ser\u00e1 realizado das 10h \u00e0s 15h.<\/p>\n<p>&#13;<\/p>\n<p style=\"text-align: justify;\">A iniciativa tem como objetivo facilitar o acesso da popula\u00e7\u00e3o \u00e0s vacinas, ampliar a cobertura vacinal e refor\u00e7ar a import\u00e2ncia da imuniza\u00e7\u00e3o na preven\u00e7\u00e3o de doen\u00e7as. Durante a a\u00e7\u00e3o, ser\u00e3o disponibilizadas vacinas para diferentes faixas et\u00e1rias e p\u00fablicos priorit\u00e1rios, conforme o Calend\u00e1rio Nacional de Vacina\u00e7\u00e3o.<\/p>\n<p>&#13;<\/p>\n<p style=\"text-align: justify;\">Estar\u00e3o dispon\u00edveis as vacinas Dupla Adulto (t\u00e9tano e difteria), Hepatite B, Febre Amarela, Meningoc\u00f3cica ACWY, HPV, Covid-19 e Influenza, esta \u00faltima liberada para toda a popula\u00e7\u00e3o. Tamb\u00e9m ser\u00e3o oferecidas a vacina contra a bronquiolite, destinada \u00e0s gestantes, e a vacina contra a dengue para adolescentes que integram a faixa et\u00e1ria preconizada pelo Minist\u00e9rio da Sa\u00fade.<\/p>\n<p>&#13;<\/p>\n<p style=\"text-align: justify;\">Para receber a vacina, \u00e9 necess\u00e1rio apresentar documento com foto, CPF ou Cart\u00e3o SUS e, se poss\u00edvel, a caderneta de vacina\u00e7\u00e3o.<\/p>\n<p>&#13;<\/p>\n<p style=\"text-align: justify;\">A iniciativa \u00e9 da Secretaria da Sa\u00fade e est\u00e1 alinhada ao Objetivo de Desenvolvimento Sustent\u00e1vel (ODS) 3 da ONU, que visa assegurar uma vida saud\u00e1vel e promover o bem-estar para todas as pessoas, por meio da amplia\u00e7\u00e3o do acesso \u00e0 vacina\u00e7\u00e3o e da preven\u00e7\u00e3o de doen\u00e7as.<\/p>\n<p>&#13;<br \/>\n&#13;<br \/>\n&#13;<br \/>\n&#13;<\/p>\n<article class=\"conteudo-relacionado no-print\">&#13;<\/p>\n<header class=\"list-header\">&#13;<\/p>\n<h4>Conte\u00fados Relacionados<\/h4>\n<p>&#13;<br \/>\n        <\/header>\n<p>&#13;<br \/>\n&#13;<br \/>\n        &#13;<br \/>\n    <\/article>\n<p>&#13;<br \/>\n&#13;\n                <\/p><\/div>\n<p><br \/>\n<br \/><a href=\"https:\/\/limeira.sp.gov.br\/festa-do-agricultor-tera-vacinacao-itinerante-neste-sabado-25\" rel=\"noopener\">Informa\u00e7\u00f5es da PML <\/a><\/p>\n","protected":false},"excerpt":{"rendered":"<p>&#13; &#13; &#13; &#13; &#13; &#13; &#13; &#13; &#13; In\u00edcio&#13; &#13; &#13; &#13; &#13; &#13; &#13; &#13; &#13; A\u00e7\u00e3o acontece das 10h \u00e0s 15h, no Centro Rural do Pinhal&#13; &#13; &#13; &#13; &#13; &#13; &#13; &#13; &#13; &#13; &#13; A Prefeitura de Limeira leva neste s\u00e1bado (25) a Vacina\u00e7\u00e3o Itinerante ao Centro Rural do Pinhal, [&hellip;]<\/p>\n","protected":false},"author":1,"featured_media":72874,"comment_status":"","ping_status":"open","sticky":false,"template":"","format":"standard","meta":{"_jetpack_newsletter_access":"","_jetpack_dont_email_post_to_subs":false,"_jetpack_newsletter_tier_id":0,"_jetpack_memberships_contains_paywalled_content":false,"_mbp_banners":[],"_jetpack_feature_clip_id":0,"_jetpack_memberships_contains_paid_content":false,"footnotes":"","jetpack_publicize_message":"","jetpack_publicize_feature_enabled":true,"jetpack_social_post_already_shared":true,"jetpack_social_options":{"image_generator_settings":{"template":"highway","default_image_id":0,"font":"","enabled":false},"version":2},"jetpack_post_was_ever_published":false},"categories":[16],"tags":[],"class_list":["post-72873","post","type-post","status-publish","format-standard","has-post-thumbnail","category-local"],"jetpack_publicize_connections":[],"jetpack-related-posts":[],"jetpack_shortlink":"https:\/\/wp.me\/p7Eq1F-iXn","jetpack_sharing_enabled":true,"jetpack_featured_media_url":"https:\/\/i0.wp.com\/guialimeira.com.br\/news\/wp-content\/uploads\/2026\/07\/m_137_0_1_23072026151741.jpeg?fit=1024%2C681&ssl=1","_links":{"self":[{"href":"https:\/\/guialimeira.com.br\/news\/wp-json\/wp\/v2\/posts\/72873","targetHints":{"allow":["GET"]}}],"collection":[{"href":"https:\/\/guialimeira.com.br\/news\/wp-json\/wp\/v2\/posts"}],"about":[{"href":"https:\/\/guialimeira.com.br\/news\/wp-json\/wp\/v2\/types\/post"}],"author":[{"embeddable":true,"href":"https:\/\/guialimeira.com.br\/news\/wp-json\/wp\/v2\/users\/1"}],"replies":[{"embeddable":true,"href":"https:\/\/guialimeira.com.br\/news\/wp-json\/wp\/v2\/comments?post=72873"}],"version-history":[{"count":0,"href":"https:\/\/guialimeira.com.br\/news\/wp-json\/wp\/v2\/posts\/72873\/revisions"}],"wp:featuredmedia":[{"embeddable":true,"href":"https:\/\/guialimeira.com.br\/news\/wp-json\/wp\/v2\/media\/72874"}],"wp:attachment":[{"href":"https:\/\/guialimeira.com.br\/news\/wp-json\/wp\/v2\/media?parent=72873"}],"wp:term":[{"taxonomy":"category","embeddable":true,"href":"https:\/\/guialimeira.com.br\/news\/wp-json\/wp\/v2\/categories?post=72873"},{"taxonomy":"post_tag","embeddable":true,"href":"https:\/\/guialimeira.com.br\/news\/wp-json\/wp\/v2\/tags?post=72873"}],"curies":[{"name":"wp","href":"https:\/\/api.w.org\/{rel}","templated":true}]}}