{"id":72869,"date":"2026-07-23T15:05:22","date_gmt":"2026-07-23T18:05:22","guid":{"rendered":"https:\/\/guialimeira.com.br\/cursinho-pre-vestibular-colmeia-abre-inscricoes-para-vagas-remanescentes\/"},"modified":"2026-07-23T15:05:22","modified_gmt":"2026-07-23T18:05:22","slug":"cursinho-pre-vestibular-colmeia-abre-inscricoes-para-vagas-remanescentes","status":"publish","type":"post","link":"https:\/\/guialimeira.com.br\/news\/cursinho-pre-vestibular-colmeia-abre-inscricoes-para-vagas-remanescentes\/","title":{"rendered":"Cursinho Pr\u00e9-Vestibular Colmeia abre inscri\u00e7\u00f5es para vagas remanescentes"},"content":{"rendered":"<p> <br \/>\n<\/p>\n<div id=\"conteudo\">\n<p>    <img data-recalc-dims=\"1\" decoding=\"async\" src=\"https:\/\/i0.wp.com\/ecrie.com.br\/sistema\/conteudos\/imagem\/m_137_0_1_23072026150206.jpeg?w=696&#038;ssl=1\" alt=\"Cursinho Pr\u00e9-Vestibular Colmeia abre inscri\u00e7\u00f5es para vagas remanescentes\"\/><\/p>\n<p>O Cursinho Pr\u00e9-Vestibular Colmeia est\u00e1 com inscri\u00e7\u00f5es abertas para o preenchimento de vagas remanescentes do segundo semestre de 2026. Os interessados t\u00eam at\u00e9 o dia 30 de julho para se inscrever. O projeto \u00e9 realizado em parceria entre a Secretaria de Educa\u00e7\u00e3o de Limeira e a Faculdade de Ci\u00eancias Aplicadas (FCA) da Universidade Estadual de Campinas (Unicamp).<\/p>\n<p>As vagas s\u00e3o para aulas presenciais nos per\u00edodos da tarde e da noite. O cursinho \u00e9 voltado a jovens e adultos moradores de Limeira que desejam se preparar para vestibulares e outros processos seletivos de ingresso no ensino superior.<\/p>\n<p>As aulas ocorrem de segunda a sexta-feira, das 13h30 \u00e0s 18h, no per\u00edodo da tarde, e das 18h \u00e0s 22h20, no per\u00edodo noturno. Aos s\u00e1bados, os estudantes tamb\u00e9m podem participar de oficinas de matem\u00e1tica, sociologia, geografia do Brasil e geografia geral, refor\u00e7ando a prepara\u00e7\u00e3o para as provas.<\/p>\n<p>As inscri\u00e7\u00f5es devem ser feitas por meio do formul\u00e1rio online: <a href=\"https:\/\/forms.gle\/7uAcUD8cp9H74onE9\" rel=\"noopener\">https:\/\/forms.gle\/7uAcUD8cp9H74onE9<\/a>. Para participar, \u00e9 necess\u00e1rio n\u00e3o possuir diploma de curso superior, ter conclu\u00eddo o Ensino M\u00e9dio ou estar matriculado no 3\u00ba ano, residir em Limeira e possuir renda familiar mensal per capita de at\u00e9 dois sal\u00e1rios m\u00ednimos.<\/p>\n<p>O Cursinho Pr\u00e9-Vestibular Colmeia oferece prepara\u00e7\u00e3o gratuita e de qualidade para estudantes da rede p\u00fablica e demais moradores do munic\u00edpio que desejam ampliar as chances de ingresso em universidades p\u00fablicas e privadas.<\/p>\n<article class=\"conteudo-relacionado no-print\">&#13;<br \/>\n        &#13;<br \/>\n&#13;<br \/>\n        &#13;<br \/>\n    <\/article>\n<\/p><\/div>\n<p><br \/>\n<br \/><a href=\"https:\/\/limeira.sp.gov.br\/cursinho-pre-vestibular-colmeia-abre-inscricoes-para-vagas-remanescentes\" rel=\"noopener\">Informa\u00e7\u00f5es da PML <\/a><\/p>\n","protected":false},"excerpt":{"rendered":"<p>O Cursinho Pr\u00e9-Vestibular Colmeia est\u00e1 com inscri\u00e7\u00f5es abertas para o preenchimento de vagas remanescentes do segundo semestre de 2026. Os interessados t\u00eam at\u00e9 o dia 30 de julho para se inscrever. O projeto \u00e9 realizado em parceria entre a Secretaria de Educa\u00e7\u00e3o de Limeira e a Faculdade de Ci\u00eancias Aplicadas (FCA) da Universidade Estadual de [&hellip;]<\/p>\n","protected":false},"author":1,"featured_media":72870,"comment_status":"","ping_status":"open","sticky":false,"template":"","format":"standard","meta":{"_jetpack_newsletter_access":"","_jetpack_dont_email_post_to_subs":false,"_jetpack_newsletter_tier_id":0,"_jetpack_memberships_contains_paywalled_content":false,"_mbp_banners":[],"_jetpack_feature_clip_id":0,"_jetpack_memberships_contains_paid_content":false,"footnotes":"","jetpack_publicize_message":"","jetpack_publicize_feature_enabled":true,"jetpack_social_post_already_shared":true,"jetpack_social_options":{"image_generator_settings":{"template":"highway","default_image_id":0,"font":"","enabled":false},"version":2},"jetpack_post_was_ever_published":false},"categories":[16],"tags":[],"class_list":["post-72869","post","type-post","status-publish","format-standard","has-post-thumbnail","category-local"],"jetpack_publicize_connections":[],"jetpack-related-posts":[],"jetpack_shortlink":"https:\/\/wp.me\/p7Eq1F-iXj","jetpack_sharing_enabled":true,"jetpack_featured_media_url":"https:\/\/i0.wp.com\/guialimeira.com.br\/news\/wp-content\/uploads\/2026\/07\/m_137_0_1_23072026150206.jpeg?fit=1024%2C675&ssl=1","_links":{"self":[{"href":"https:\/\/guialimeira.com.br\/news\/wp-json\/wp\/v2\/posts\/72869","targetHints":{"allow":["GET"]}}],"collection":[{"href":"https:\/\/guialimeira.com.br\/news\/wp-json\/wp\/v2\/posts"}],"about":[{"href":"https:\/\/guialimeira.com.br\/news\/wp-json\/wp\/v2\/types\/post"}],"author":[{"embeddable":true,"href":"https:\/\/guialimeira.com.br\/news\/wp-json\/wp\/v2\/users\/1"}],"replies":[{"embeddable":true,"href":"https:\/\/guialimeira.com.br\/news\/wp-json\/wp\/v2\/comments?post=72869"}],"version-history":[{"count":0,"href":"https:\/\/guialimeira.com.br\/news\/wp-json\/wp\/v2\/posts\/72869\/revisions"}],"wp:featuredmedia":[{"embeddable":true,"href":"https:\/\/guialimeira.com.br\/news\/wp-json\/wp\/v2\/media\/72870"}],"wp:attachment":[{"href":"https:\/\/guialimeira.com.br\/news\/wp-json\/wp\/v2\/media?parent=72869"}],"wp:term":[{"taxonomy":"category","embeddable":true,"href":"https:\/\/guialimeira.com.br\/news\/wp-json\/wp\/v2\/categories?post=72869"},{"taxonomy":"post_tag","embeddable":true,"href":"https:\/\/guialimeira.com.br\/news\/wp-json\/wp\/v2\/tags?post=72869"}],"curies":[{"name":"wp","href":"https:\/\/api.w.org\/{rel}","templated":true}]}}