{"id":72858,"date":"2026-07-23T12:59:45","date_gmt":"2026-07-23T15:59:45","guid":{"rendered":"https:\/\/guialimeira.com.br\/ivete-sangalo-treina-jiu-jitsu-com-o-filho-e-daniel-cady-apos-separacao\/"},"modified":"2026-07-23T12:59:45","modified_gmt":"2026-07-23T15:59:45","slug":"ivete-sangalo-treina-jiu-jitsu-com-o-filho-e-daniel-cady-apos-separacao","status":"publish","type":"post","link":"https:\/\/guialimeira.com.br\/news\/ivete-sangalo-treina-jiu-jitsu-com-o-filho-e-daniel-cady-apos-separacao\/","title":{"rendered":"Ivete Sangalo treina jiu-j\u00edtsu com o filho e Daniel Cady ap\u00f3s separa\u00e7\u00e3o"},"content":{"rendered":"<p>Cantora compartilhou momento em fam\u00edlia e mostrou que mant\u00e9m uma rela\u00e7\u00e3o pr\u00f3xima com o ex-marido<\/p>\n<p>Ivete Sangalo reuniu o filho mais velho e o ex-marido durante uma atividade esportiva nesta ter\u00e7a-feira (22\/7). A cantora participou de um treino de jiu-j\u00edtsu ao lado de Marcelo Sangalo, de 16 anos, e Daniel Cady, de 41.<\/p>\n<p>O encontro foi registrado e compartilhado pela artista nas redes sociais. Nas imagens, os tr\u00eas aparecem juntos durante a aula, em um momento que chamou a aten\u00e7\u00e3o dos seguidores por mostrar a conviv\u00eancia entre Ivete e Daniel ap\u00f3s o fim do casamento.<\/p>\n<p>Apesar da separa\u00e7\u00e3o, os dois continuam mantendo uma rela\u00e7\u00e3o pr\u00f3xima, especialmente por causa da fam\u00edlia. A presen\u00e7a conjunta no treino evidenciou a parceria que permanece entre eles e a disposi\u00e7\u00e3o de preservar os momentos ao lado dos filhos.<\/p>\n<p>Marcelo tamb\u00e9m participou da atividade e acompanhou os pais durante o treino. O momento esportivo acabou se transformando em uma ocasi\u00e3o de conviv\u00eancia familiar, com a cantora mostrando parte da rotina fora dos palcos.<\/p>\n<p>A publica\u00e7\u00e3o foi recebida com coment\u00e1rios positivos pelos seguidores, que destacaram a forma respeitosa como Ivete e Daniel conduzem a rela\u00e7\u00e3o ap\u00f3s o t\u00e9rmino. O registro tamb\u00e9m refor\u00e7ou a presen\u00e7a da fam\u00edlia na rotina da artista.<\/p>\n<p><\/p>\n","protected":false},"excerpt":{"rendered":"<p>Cantora compartilhou momento em fam\u00edlia e mostrou que mant\u00e9m uma rela\u00e7\u00e3o pr\u00f3xima com o ex-marido Ivete Sangalo reuniu o filho mais velho e o ex-marido durante uma atividade esportiva nesta ter\u00e7a-feira (22\/7). A cantora participou de um treino de jiu-j\u00edtsu ao lado de Marcelo Sangalo, de 16 anos, e Daniel Cady, de 41. O encontro [\u2026]<\/p>\n","protected":false},"author":5,"featured_media":0,"comment_status":"","ping_status":"open","sticky":false,"template":"","format":"standard","meta":{"_jetpack_newsletter_access":"","_jetpack_dont_email_post_to_subs":false,"_jetpack_newsletter_tier_id":0,"_jetpack_memberships_contains_paywalled_content":false,"_mbp_banners":[],"_jetpack_feature_clip_id":0,"_jetpack_memberships_contains_paid_content":false,"footnotes":"","jetpack_publicize_message":"","jetpack_publicize_feature_enabled":true,"jetpack_social_post_already_shared":true,"jetpack_social_options":{"image_generator_settings":{"template":"highway","default_image_id":0,"font":"","enabled":false},"version":2},"jetpack_post_was_ever_published":false},"categories":[],"tags":[],"class_list":["post-72858","post","type-post","status-publish","format-standard"],"jetpack_publicize_connections":[],"jetpack-related-posts":[],"jetpack_shortlink":"https:\/\/wp.me\/p7Eq1F-iX8","jetpack_sharing_enabled":true,"jetpack_featured_media_url":"","_links":{"self":[{"href":"https:\/\/guialimeira.com.br\/news\/wp-json\/wp\/v2\/posts\/72858","targetHints":{"allow":["GET"]}}],"collection":[{"href":"https:\/\/guialimeira.com.br\/news\/wp-json\/wp\/v2\/posts"}],"about":[{"href":"https:\/\/guialimeira.com.br\/news\/wp-json\/wp\/v2\/types\/post"}],"author":[{"embeddable":true,"href":"https:\/\/guialimeira.com.br\/news\/wp-json\/wp\/v2\/users\/5"}],"replies":[{"embeddable":true,"href":"https:\/\/guialimeira.com.br\/news\/wp-json\/wp\/v2\/comments?post=72858"}],"version-history":[{"count":0,"href":"https:\/\/guialimeira.com.br\/news\/wp-json\/wp\/v2\/posts\/72858\/revisions"}],"wp:attachment":[{"href":"https:\/\/guialimeira.com.br\/news\/wp-json\/wp\/v2\/media?parent=72858"}],"wp:term":[{"taxonomy":"category","embeddable":true,"href":"https:\/\/guialimeira.com.br\/news\/wp-json\/wp\/v2\/categories?post=72858"},{"taxonomy":"post_tag","embeddable":true,"href":"https:\/\/guialimeira.com.br\/news\/wp-json\/wp\/v2\/tags?post=72858"}],"curies":[{"name":"wp","href":"https:\/\/api.w.org\/{rel}","templated":true}]}}