{"id":72853,"date":"2026-07-23T12:50:24","date_gmt":"2026-07-23T15:50:24","guid":{"rendered":"https:\/\/guialimeira.com.br\/joao-gustavo-lembra-marilia-mendonca-no-aniversario-de-31-anos-da-cantora\/"},"modified":"2026-07-23T12:50:24","modified_gmt":"2026-07-23T15:50:24","slug":"joao-gustavo-lembra-marilia-mendonca-no-aniversario-de-31-anos-da-cantora","status":"publish","type":"post","link":"https:\/\/guialimeira.com.br\/news\/joao-gustavo-lembra-marilia-mendonca-no-aniversario-de-31-anos-da-cantora\/","title":{"rendered":"Jo\u00e3o Gustavo lembra Mar\u00edlia Mendon\u00e7a no anivers\u00e1rio de 31 anos da cantora"},"content":{"rendered":"<p>Irm\u00e3o da artista fez uma homenagem nas redes sociais nesta quarta-feira (22\/7), data que marca o nascimento da cantora<\/p>\n<p>Mar\u00edlia Mendon\u00e7a foi lembrada pelo irm\u00e3o, Jo\u00e3o Gustavo, nesta quarta-feira (22\/7), data em que completaria 31 anos. O familiar compartilhou uma homenagem nas redes sociais para marcar o anivers\u00e1rio da cantora, que morreu em 2021.<\/p>\n<p>A publica\u00e7\u00e3o trouxe \u00e0 tona a saudade da artista, que segue presente na mem\u00f3ria de familiares, amigos e milh\u00f5es de f\u00e3s. Desde a morte da cantora, datas especiais como anivers\u00e1rios e lan\u00e7amentos musicais costumam ser marcadas por homenagens e lembran\u00e7as de sua trajet\u00f3ria.<\/p>\n<p>Mar\u00edlia Mendon\u00e7a se tornou um dos maiores nomes da m\u00fasica brasileira e ganhou o t\u00edtulo de \u201cRainha do Sertanejo\u201d. Com letras que abordavam relacionamentos, separa\u00e7\u00f5es e sentimentos do cotidiano, a cantora ajudou a ampliar o espa\u00e7o das mulheres no g\u00eanero e conquistou grande popularidade em todo o pa\u00eds.<\/p>\n<p>A artista morreu aos 26 anos, em novembro de 2021, ap\u00f3s a queda da aeronave em que estava, em Minas Gerais. A trag\u00e9dia interrompeu uma carreira de grande sucesso, mas n\u00e3o apagou a influ\u00eancia de Mar\u00edlia na m\u00fasica sertaneja.<\/p>\n<p>O anivers\u00e1rio de 31 anos refor\u00e7a a perman\u00eancia da cantora no imagin\u00e1rio do p\u00fablico. Mesmo ap\u00f3s sua morte, sua voz, suas can\u00e7\u00f5es e sua contribui\u00e7\u00e3o para a m\u00fasica brasileira continuam sendo celebradas por f\u00e3s e pessoas pr\u00f3ximas.<\/p>\n<p><\/p>\n","protected":false},"excerpt":{"rendered":"<p>Irm\u00e3o da artista fez uma homenagem nas redes sociais nesta quarta-feira (22\/7), data que marca o nascimento da cantora Mar\u00edlia Mendon\u00e7a foi lembrada pelo irm\u00e3o, Jo\u00e3o Gustavo, nesta quarta-feira (22\/7), data em que completaria 31 anos. O familiar compartilhou uma homenagem nas redes sociais para marcar o anivers\u00e1rio da cantora, que morreu em 2021. A [\u2026]<\/p>\n","protected":false},"author":5,"featured_media":0,"comment_status":"","ping_status":"open","sticky":false,"template":"","format":"standard","meta":{"_jetpack_newsletter_access":"","_jetpack_dont_email_post_to_subs":false,"_jetpack_newsletter_tier_id":0,"_jetpack_memberships_contains_paywalled_content":false,"_mbp_banners":[],"_jetpack_feature_clip_id":0,"_jetpack_memberships_contains_paid_content":false,"footnotes":"","jetpack_publicize_message":"","jetpack_publicize_feature_enabled":true,"jetpack_social_post_already_shared":true,"jetpack_social_options":{"image_generator_settings":{"template":"highway","default_image_id":0,"font":"","enabled":false},"version":2},"jetpack_post_was_ever_published":false},"categories":[],"tags":[],"class_list":["post-72853","post","type-post","status-publish","format-standard"],"jetpack_publicize_connections":[],"jetpack-related-posts":[],"jetpack_shortlink":"https:\/\/wp.me\/p7Eq1F-iX3","jetpack_sharing_enabled":true,"jetpack_featured_media_url":"","_links":{"self":[{"href":"https:\/\/guialimeira.com.br\/news\/wp-json\/wp\/v2\/posts\/72853","targetHints":{"allow":["GET"]}}],"collection":[{"href":"https:\/\/guialimeira.com.br\/news\/wp-json\/wp\/v2\/posts"}],"about":[{"href":"https:\/\/guialimeira.com.br\/news\/wp-json\/wp\/v2\/types\/post"}],"author":[{"embeddable":true,"href":"https:\/\/guialimeira.com.br\/news\/wp-json\/wp\/v2\/users\/5"}],"replies":[{"embeddable":true,"href":"https:\/\/guialimeira.com.br\/news\/wp-json\/wp\/v2\/comments?post=72853"}],"version-history":[{"count":0,"href":"https:\/\/guialimeira.com.br\/news\/wp-json\/wp\/v2\/posts\/72853\/revisions"}],"wp:attachment":[{"href":"https:\/\/guialimeira.com.br\/news\/wp-json\/wp\/v2\/media?parent=72853"}],"wp:term":[{"taxonomy":"category","embeddable":true,"href":"https:\/\/guialimeira.com.br\/news\/wp-json\/wp\/v2\/categories?post=72853"},{"taxonomy":"post_tag","embeddable":true,"href":"https:\/\/guialimeira.com.br\/news\/wp-json\/wp\/v2\/tags?post=72853"}],"curies":[{"name":"wp","href":"https:\/\/api.w.org\/{rel}","templated":true}]}}