{"id":7285,"date":"2024-06-03T17:58:43","date_gmt":"2024-06-03T20:58:43","guid":{"rendered":"https:\/\/guialimeira.com.br\/2024\/06\/03\/funcionarios-da-volkswagen-voltam-a-trabalhar-apos-ferias-coletivas\/"},"modified":"2024-06-03T17:58:43","modified_gmt":"2024-06-03T20:58:43","slug":"funcionarios-da-volkswagen-voltam-a-trabalhar-apos-ferias-coletivas","status":"publish","type":"post","link":"https:\/\/guialimeira.com.br\/news\/funcionarios-da-volkswagen-voltam-a-trabalhar-apos-ferias-coletivas\/","title":{"rendered":"Funcion\u00e1rios da Volkswagen voltam a trabalhar ap\u00f3s f\u00e9rias coletivas"},"content":{"rendered":"<p> <br \/>\n<\/p>\n<div>\n<p>Os funcion\u00e1rios das f\u00e1bricas da Volkswagen do Brasil em Anchieta, Taubat\u00e9 e S\u00e3o Carlos, no interior de S\u00e3o Paulo, retomaram a produ\u00e7\u00e3o nesta segunda-feira (3).<\/p>\n<p>Segundo a assessoria de imprensa da empresa, as unidades estavam em f\u00e9rias coletivas desde 20 maio em fun\u00e7\u00e3o de alguns fornecedores de pe\u00e7as do Rio Grande do Sul terem ficado impossibilitados de produzir por causa das fortes chuvas no estado.<img data-recalc-dims=\"1\" decoding=\"async\" src=\"https:\/\/i0.wp.com\/agenciabrasil.ebc.com.br\/ebc.png?w=696&#038;ssl=1\" style=\"width:1px; height:1px; display:inline;\"\/><img data-recalc-dims=\"1\" decoding=\"async\" src=\"https:\/\/i0.wp.com\/agenciabrasil.ebc.com.br\/ebc.gif?w=696&#038;ssl=1\" style=\"width:1px; height:1px; display:inline;\"\/><\/p>\n<p>De acordo com informa\u00e7\u00f5es da empresa, a f\u00e1brica de S\u00e3o Jos\u00e9 dos Pinhais, no Paran\u00e1, continuou produzindo normalmente nesse per\u00edodo. \u201cA Volkswagen do Brasil se solidariza com o povo sul-rio-grandense e refor\u00e7a sua convic\u00e7\u00e3o de que a reconstru\u00e7\u00e3o desse estado ser\u00e1 realizada com a mesma grandeza dos ga\u00fachos\u201d, diz a empresa por meio de nota.<\/p>\n<p>O Sindicato dos Metal\u00fargicos de Taubat\u00e9 e Regi\u00e3o foi procurado, mas n\u00e3o respondeu \u00e0 solicita\u00e7\u00e3o.<\/p>\n<\/p><\/div>\n<p><br \/>\n<br \/><a href=\"https:\/\/agenciabrasil.ebc.com.br\/economia\/noticia\/2024-06\/funcionarios-da-volkswagen-voltam-trabalhar-apos-ferias-coletivas\" rel=\"noopener\">Ag\u00eancia Brasil<\/a><\/p>\n","protected":false},"excerpt":{"rendered":"<p>Os funcion\u00e1rios das f\u00e1bricas da Volkswagen do Brasil em Anchieta, Taubat\u00e9 e S\u00e3o Carlos, no interior de S\u00e3o Paulo, retomaram a produ\u00e7\u00e3o nesta segunda-feira (3). Segundo a assessoria de imprensa da empresa, as unidades estavam em f\u00e9rias coletivas desde 20 maio em fun\u00e7\u00e3o de alguns fornecedores de pe\u00e7as do Rio Grande do Sul terem ficado [&hellip;]<\/p>\n","protected":false},"author":1,"featured_media":269,"comment_status":"open","ping_status":"open","sticky":false,"template":"","format":"standard","meta":{"_jetpack_newsletter_access":"","_jetpack_dont_email_post_to_subs":false,"_jetpack_newsletter_tier_id":0,"_jetpack_memberships_contains_paywalled_content":false,"_mbp_banners":[],"_jetpack_feature_clip_id":0,"_jetpack_memberships_contains_paid_content":false,"footnotes":"","jetpack_publicize_message":"","jetpack_publicize_feature_enabled":true,"jetpack_social_post_already_shared":true,"jetpack_social_options":{"image_generator_settings":{"template":"highway","default_image_id":0,"font":"","enabled":false},"version":2},"jetpack_post_was_ever_published":false},"categories":[24],"tags":[],"class_list":["post-7285","post","type-post","status-publish","format-standard","has-post-thumbnail","category-economia"],"jetpack_publicize_connections":[],"jetpack-related-posts":[],"jetpack_shortlink":"https:\/\/wp.me\/p7Eq1F-1Tv","jetpack_sharing_enabled":true,"jetpack_featured_media_url":"https:\/\/i0.wp.com\/guialimeira.com.br\/news\/wp-content\/uploads\/2024\/03\/thumb_1200x600_agbrasil.png?fit=1200%2C600&ssl=1","_links":{"self":[{"href":"https:\/\/guialimeira.com.br\/news\/wp-json\/wp\/v2\/posts\/7285","targetHints":{"allow":["GET"]}}],"collection":[{"href":"https:\/\/guialimeira.com.br\/news\/wp-json\/wp\/v2\/posts"}],"about":[{"href":"https:\/\/guialimeira.com.br\/news\/wp-json\/wp\/v2\/types\/post"}],"author":[{"embeddable":true,"href":"https:\/\/guialimeira.com.br\/news\/wp-json\/wp\/v2\/users\/1"}],"replies":[{"embeddable":true,"href":"https:\/\/guialimeira.com.br\/news\/wp-json\/wp\/v2\/comments?post=7285"}],"version-history":[{"count":0,"href":"https:\/\/guialimeira.com.br\/news\/wp-json\/wp\/v2\/posts\/7285\/revisions"}],"wp:featuredmedia":[{"embeddable":true,"href":"https:\/\/guialimeira.com.br\/news\/wp-json\/wp\/v2\/media\/269"}],"wp:attachment":[{"href":"https:\/\/guialimeira.com.br\/news\/wp-json\/wp\/v2\/media?parent=7285"}],"wp:term":[{"taxonomy":"category","embeddable":true,"href":"https:\/\/guialimeira.com.br\/news\/wp-json\/wp\/v2\/categories?post=7285"},{"taxonomy":"post_tag","embeddable":true,"href":"https:\/\/guialimeira.com.br\/news\/wp-json\/wp\/v2\/tags?post=7285"}],"curies":[{"name":"wp","href":"https:\/\/api.w.org\/{rel}","templated":true}]}}