{"id":72848,"date":"2026-07-23T11:55:46","date_gmt":"2026-07-23T14:55:46","guid":{"rendered":"https:\/\/guialimeira.com.br\/endrick-e-gabriely-miranda-reunem-familiares-e-amigos-em-festa-para-celebrar-chegada-do-primeiro-filho\/"},"modified":"2026-07-23T11:55:46","modified_gmt":"2026-07-23T14:55:46","slug":"endrick-e-gabriely-miranda-reunem-familiares-e-amigos-em-festa-para-celebrar-chegada-do-primeiro-filho","status":"publish","type":"post","link":"https:\/\/guialimeira.com.br\/news\/endrick-e-gabriely-miranda-reunem-familiares-e-amigos-em-festa-para-celebrar-chegada-do-primeiro-filho\/","title":{"rendered":"Endrick e Gabriely Miranda re\u00fanem familiares e amigos em festa para celebrar chegada do primeiro filho"},"content":{"rendered":"<p>Ch\u00e1 de beb\u00ea aconteceu em S\u00e3o Paulo e contou com aproximadamente 120 convidados; nome do primog\u00eanito foi revelado durante a comemora\u00e7\u00e3o<\/p>\n<p>A chegada do primeiro filho de Endrick e Gabriely Miranda foi celebrada em grande estilo nesta quarta-feira (22\/7). O casal organizou um ch\u00e1 de beb\u00ea em S\u00e3o Paulo e recebeu cerca de 120 convidados, entre familiares e amigos.<\/p>\n<p>O evento foi realizado em um espa\u00e7o de festas e marcou uma das etapas mais aguardadas da gesta\u00e7\u00e3o. Em meio \u00e0 celebra\u00e7\u00e3o, o jogador da Sele\u00e7\u00e3o Brasileira e a influenciadora tamb\u00e9m revelaram aos presentes o nome escolhido para o beb\u00ea.<\/p>\n<p>A festa foi preparada para reunir pessoas pr\u00f3ximas ao casal em um momento de celebra\u00e7\u00e3o da nova fase familiar. Endrick, de 20 anos, e Gabriely, de 23, t\u00eam acompanhado a gesta\u00e7\u00e3o e compartilhado parte dessa experi\u00eancia com os seguidores nas redes sociais.<\/p>\n<p>Com o ch\u00e1 de beb\u00ea, os dois deram mais um passo na prepara\u00e7\u00e3o para a chegada do primog\u00eanito. O nascimento do beb\u00ea \u00e9 aguardado com expectativa pela fam\u00edlia e tamb\u00e9m pelos f\u00e3s que acompanham a vida pessoal do casal.<\/p>\n<p><\/p>\n","protected":false},"excerpt":{"rendered":"<p>Ch\u00e1 de beb\u00ea aconteceu em S\u00e3o Paulo e contou com aproximadamente 120 convidados; nome do primog\u00eanito foi revelado durante a comemora\u00e7\u00e3o A chegada do primeiro filho de Endrick e Gabriely Miranda foi celebrada em grande estilo nesta quarta-feira (22\/7). O casal organizou um ch\u00e1 de beb\u00ea em S\u00e3o Paulo e recebeu cerca de 120 convidados, [\u2026]<\/p>\n","protected":false},"author":5,"featured_media":0,"comment_status":"","ping_status":"open","sticky":false,"template":"","format":"standard","meta":{"_jetpack_newsletter_access":"","_jetpack_dont_email_post_to_subs":false,"_jetpack_newsletter_tier_id":0,"_jetpack_memberships_contains_paywalled_content":false,"_mbp_banners":[],"_jetpack_feature_clip_id":0,"_jetpack_memberships_contains_paid_content":false,"footnotes":"","jetpack_publicize_message":"","jetpack_publicize_feature_enabled":true,"jetpack_social_post_already_shared":true,"jetpack_social_options":{"image_generator_settings":{"template":"highway","default_image_id":0,"font":"","enabled":false},"version":2},"jetpack_post_was_ever_published":false},"categories":[],"tags":[],"class_list":["post-72848","post","type-post","status-publish","format-standard"],"jetpack_publicize_connections":[],"jetpack-related-posts":[],"jetpack_shortlink":"https:\/\/wp.me\/p7Eq1F-iWY","jetpack_sharing_enabled":true,"jetpack_featured_media_url":"","_links":{"self":[{"href":"https:\/\/guialimeira.com.br\/news\/wp-json\/wp\/v2\/posts\/72848","targetHints":{"allow":["GET"]}}],"collection":[{"href":"https:\/\/guialimeira.com.br\/news\/wp-json\/wp\/v2\/posts"}],"about":[{"href":"https:\/\/guialimeira.com.br\/news\/wp-json\/wp\/v2\/types\/post"}],"author":[{"embeddable":true,"href":"https:\/\/guialimeira.com.br\/news\/wp-json\/wp\/v2\/users\/5"}],"replies":[{"embeddable":true,"href":"https:\/\/guialimeira.com.br\/news\/wp-json\/wp\/v2\/comments?post=72848"}],"version-history":[{"count":0,"href":"https:\/\/guialimeira.com.br\/news\/wp-json\/wp\/v2\/posts\/72848\/revisions"}],"wp:attachment":[{"href":"https:\/\/guialimeira.com.br\/news\/wp-json\/wp\/v2\/media?parent=72848"}],"wp:term":[{"taxonomy":"category","embeddable":true,"href":"https:\/\/guialimeira.com.br\/news\/wp-json\/wp\/v2\/categories?post=72848"},{"taxonomy":"post_tag","embeddable":true,"href":"https:\/\/guialimeira.com.br\/news\/wp-json\/wp\/v2\/tags?post=72848"}],"curies":[{"name":"wp","href":"https:\/\/api.w.org\/{rel}","templated":true}]}}