{"id":72845,"date":"2026-07-23T11:52:03","date_gmt":"2026-07-23T14:52:03","guid":{"rendered":"https:\/\/guialimeira.com.br\/virginia-fonseca-passa-o-dia-em-sao-goncalo-apos-reatar-relacionamento-com-vini-jr\/"},"modified":"2026-07-23T11:52:03","modified_gmt":"2026-07-23T14:52:03","slug":"virginia-fonseca-passa-o-dia-em-sao-goncalo-apos-reatar-relacionamento-com-vini-jr","status":"publish","type":"post","link":"https:\/\/guialimeira.com.br\/news\/virginia-fonseca-passa-o-dia-em-sao-goncalo-apos-reatar-relacionamento-com-vini-jr\/","title":{"rendered":"Virginia Fonseca passa o dia em S\u00e3o Gon\u00e7alo ap\u00f3s reatar relacionamento com Vini Jr."},"content":{"rendered":"<p>Influenciadora compartilhou registros de um almo\u00e7o ao lado de pessoas pr\u00f3ximas na cidade onde o jogador nasceu<\/p>\n<p>Virginia Fonseca esteve em S\u00e3o Gon\u00e7alo, na Regi\u00e3o Metropolitana do Rio de Janeiro, nesta quarta-feira (22\/7). A influenciadora compartilhou alguns momentos do dia com os seguidores e mostrou um almo\u00e7o descontra\u00eddo ao lado de familiares e amigos.<\/p>\n<p>Nos registros publicados nas redes sociais, Virginia revelou que estava no munic\u00edpio e exibiu o encontro ao ar livre. O momento contou com churrasco e a presen\u00e7a de v\u00e1rias pessoas reunidas em torno da mesa, em um ambiente marcado pela descontra\u00e7\u00e3o.<\/p>\n<p>A visita ocorreu poucos dias depois de Virginia e Vini Jr. tornarem p\u00fablica a reconcilia\u00e7\u00e3o. O casal voltou a aparecer junto na \u00faltima segunda-feira (20\/7), durante um evento realizado no Rio de Janeiro, confirmando que havia retomado a rela\u00e7\u00e3o ap\u00f3s um per\u00edodo de afastamento.<\/p>\n<p>S\u00e3o Gon\u00e7alo tem uma liga\u00e7\u00e3o direta com a hist\u00f3ria do jogador do Real Madrid. Foi na cidade que Vini Jr. nasceu, e o munic\u00edpio tamb\u00e9m est\u00e1 relacionado a iniciativas sociais desenvolvidas pelo atleta ao longo dos \u00faltimos anos.<\/p>\n<p>Entre as a\u00e7\u00f5es associadas ao jogador est\u00e1 o Instituto Vini Jr., que trabalha com projetos voltados \u00e0 educa\u00e7\u00e3o e ao desenvolvimento de crian\u00e7as e adolescentes.<\/p>\n<p>A presen\u00e7a de Virginia na cidade repercutiu entre os seguidores, principalmente por acontecer em meio \u00e0 nova fase do relacionamento com o jogador. Desde que anunciaram a reconcilia\u00e7\u00e3o, os dois t\u00eam sido vistos juntos em diferentes ocasi\u00f5es e compartilhado momentos ao lado de pessoas pr\u00f3ximas.<\/p>\n<p><\/p>\n","protected":false},"excerpt":{"rendered":"<p>Influenciadora compartilhou registros de um almo\u00e7o ao lado de pessoas pr\u00f3ximas na cidade onde o jogador nasceu Virginia Fonseca esteve em S\u00e3o Gon\u00e7alo, na Regi\u00e3o Metropolitana do Rio de Janeiro, nesta quarta-feira (22\/7). A influenciadora compartilhou alguns momentos do dia com os seguidores e mostrou um almo\u00e7o descontra\u00eddo ao lado de familiares e amigos. Nos [\u2026]<\/p>\n","protected":false},"author":5,"featured_media":0,"comment_status":"","ping_status":"open","sticky":false,"template":"","format":"standard","meta":{"_jetpack_newsletter_access":"","_jetpack_dont_email_post_to_subs":false,"_jetpack_newsletter_tier_id":0,"_jetpack_memberships_contains_paywalled_content":false,"_mbp_banners":[],"_jetpack_feature_clip_id":0,"_jetpack_memberships_contains_paid_content":false,"footnotes":"","jetpack_publicize_message":"","jetpack_publicize_feature_enabled":true,"jetpack_social_post_already_shared":true,"jetpack_social_options":{"image_generator_settings":{"template":"highway","default_image_id":0,"font":"","enabled":false},"version":2},"jetpack_post_was_ever_published":false},"categories":[],"tags":[],"class_list":["post-72845","post","type-post","status-publish","format-standard"],"jetpack_publicize_connections":[],"jetpack-related-posts":[],"jetpack_shortlink":"https:\/\/wp.me\/p7Eq1F-iWV","jetpack_sharing_enabled":true,"jetpack_featured_media_url":"","_links":{"self":[{"href":"https:\/\/guialimeira.com.br\/news\/wp-json\/wp\/v2\/posts\/72845","targetHints":{"allow":["GET"]}}],"collection":[{"href":"https:\/\/guialimeira.com.br\/news\/wp-json\/wp\/v2\/posts"}],"about":[{"href":"https:\/\/guialimeira.com.br\/news\/wp-json\/wp\/v2\/types\/post"}],"author":[{"embeddable":true,"href":"https:\/\/guialimeira.com.br\/news\/wp-json\/wp\/v2\/users\/5"}],"replies":[{"embeddable":true,"href":"https:\/\/guialimeira.com.br\/news\/wp-json\/wp\/v2\/comments?post=72845"}],"version-history":[{"count":0,"href":"https:\/\/guialimeira.com.br\/news\/wp-json\/wp\/v2\/posts\/72845\/revisions"}],"wp:attachment":[{"href":"https:\/\/guialimeira.com.br\/news\/wp-json\/wp\/v2\/media?parent=72845"}],"wp:term":[{"taxonomy":"category","embeddable":true,"href":"https:\/\/guialimeira.com.br\/news\/wp-json\/wp\/v2\/categories?post=72845"},{"taxonomy":"post_tag","embeddable":true,"href":"https:\/\/guialimeira.com.br\/news\/wp-json\/wp\/v2\/tags?post=72845"}],"curies":[{"name":"wp","href":"https:\/\/api.w.org\/{rel}","templated":true}]}}