{"id":7281,"date":"2024-06-03T17:06:48","date_gmt":"2024-06-03T20:06:48","guid":{"rendered":"https:\/\/guialimeira.com.br\/2024\/06\/03\/verso-e-voz-e-destaque-da-semana-programacao-tambem-traz-concertos-filme-e-outros-eventos\/"},"modified":"2024-06-03T17:06:48","modified_gmt":"2024-06-03T20:06:48","slug":"verso-e-voz-e-destaque-da-semana-programacao-tambem-traz-concertos-filme-e-outros-eventos","status":"publish","type":"post","link":"https:\/\/guialimeira.com.br\/news\/verso-e-voz-e-destaque-da-semana-programacao-tambem-traz-concertos-filme-e-outros-eventos\/","title":{"rendered":"Verso e Voz \u00e9 destaque da semana; programa\u00e7\u00e3o tamb\u00e9m traz concertos, filme e outros eventos"},"content":{"rendered":"<p> <br \/>\n<\/p>\n<div id=\"\">&#13;<br \/>\n                &#13;<br \/>\n&#13;<br \/>\n&#13;<br \/>\n&#13;<br \/>\n    <img data-recalc-dims=\"1\" decoding=\"async\" src=\"https:\/\/i0.wp.com\/ecrie.com.br\/sistema\/conteudos\/imagem\/m_137_0_1_03062024144305.jpeg?w=696&#038;ssl=1\" alt=\"Verso e Voz \u00e9 destaque da semana; programa\u00e7\u00e3o tamb\u00e9m traz concertos, filme e outros eventos\"\/>&#13;<br \/>\n&#13;<\/p>\n<p style=\"text-align: justify;\"><span style=\"font-weight: 400;\">A programa\u00e7\u00e3o da semana traz como destaque o projeto \u201cVerso e Voz\u201d, que acontece na quinta-feira (6), no Teatro Vit\u00f3ria Emiliano Bernardo da Silva, \u00e0s 13h30. O concurso de declama\u00e7\u00e3o de poesias re\u00fane alunos das escolas da cidade. A realiza\u00e7\u00e3o \u00e9 da Prefeitura de Limeira, por meio da Secretaria de Cultura, Diretoria Regional de Ensino e Centro do Professorado Paulista (CPP).<\/span><\/p>\n<p>&#13;<\/p>\n<p style=\"text-align: justify;\"><span style=\"font-weight: 400;\">A agenda cultural ainda conta com exibi\u00e7\u00e3o do Pontos MIS, concertos \u201cA Trindade Vienense\u201d da Orquestra Sinf\u00f4nica e \u201cGiambelli Rock Concert\u201d da Corpora\u00e7\u00e3o Musical Arthur Giambelli, al\u00e9m de outros eventos. Confira abaixo:<\/span><\/p>\n<p>&#13;<\/p>\n<p style=\"text-align: justify;\">\u00a0<\/p>\n<p>&#13;<\/p>\n<p style=\"text-align: justify;\"><strong>Pontos MIS &#8211; Exibi\u00e7\u00e3o do filme: Colegas<\/strong><\/p>\n<p>&#13;<\/p>\n<p style=\"text-align: justify;\"><span style=\"font-weight: 400;\">Quarta-feira (5), 9h e 14h &#8211; Museu Major Jos\u00e9 Levy Sobrinho<\/span><\/p>\n<p>&#13;<\/p>\n<p style=\"text-align: justify;\"><span style=\"font-weight: 400;\">Stallone, Aninha e M\u00e1rcio s\u00e3o bons amigos. Eles moram juntos em um instituto para portadores da s\u00edndrome de Down, e ap\u00f3s assistirem um filme na videoteca, saem em uma jornada com um carro roubado do jardineiro. O que pode dar errado para grandes sonhadores?<\/span><\/p>\n<p>&#13;<\/p>\n<p style=\"text-align: justify;\"><span style=\"font-weight: 400;\">Entrada: Gratuita, inscri\u00e7\u00e3o pelo telefone 3442-1707 ou email <a href=\"https:\/\/limeira.sp.gov.br\/cdn-cgi\/l\/email-protection\" class=\"__cf_email__\" data-cfemail=\"38595f5d565c59555d564c5716554d4b5d4d785451555d514a59164b48165f574e165a4a\" rel=\"noopener\">[email\u00a0protected]<\/a>.<\/span><\/p>\n<p>&#13;<\/p>\n<p style=\"text-align: justify;\"><span style=\"font-weight: 400;\">Classifica\u00e7\u00e3o: Livre.<\/span><\/p>\n<p>&#13;<\/p>\n<p style=\"text-align: justify;\"><span style=\"font-weight: 400;\">Realiza\u00e7\u00e3o: Governo do Estado de S\u00e3o Paulo e Museu da Imagem e do Som (MIS), em parceria com a Prefeitura, por meio da Secretaria de Cultura.<\/span><\/p>\n<p>&#13;<\/p>\n<p style=\"text-align: justify;\"><span style=\"font-weight: 400;\">\u00a0<\/span><\/p>\n<p>&#13;<\/p>\n<p style=\"text-align: justify;\"><strong>M\u00fasica: A Trindade Vienense &#8211; II Concerto da S\u00e9rie Relic\u00e1rio<\/strong><\/p>\n<p>&#13;<\/p>\n<p style=\"text-align: justify;\"><span style=\"font-weight: 400;\">Quarta-feira (5), \u00e0s 20h30 &#8211; Par\u00f3quia Santa Rita<\/span><\/p>\n<p>&#13;<\/p>\n<p style=\"text-align: justify;\"><span style=\"font-weight: 400;\">O concerto tem como convidado o solista Mateus Avancini, acompanhado do seu fagote, para interpretar m\u00fasicas de Joseph Haydn, que foi amigo de Mozart e professor de Beethoven. Considerado como o \u201cPai da Sinfonia\u201d e o \u201cPai do Quarteto de Cordas\u201d, Haydn foi decisivo para o desenvolvimento dessas formas. Seu amigo, Wolfgang Amadeus Mozart era um prol\u00edfico e influente compositor austr\u00edaco do per\u00edodo cl\u00e1ssico, mostrando uma habilidade musical prodigiosa desde sua inf\u00e2ncia. J\u00e1 Ludwig Van Beethoven foi um compositor, regente e pianista alem\u00e3o; a Nona Sinfonia, conhecida tamb\u00e9m como Sinfonia Coral, foi a obra que o consagrou em todo o mundo. Os tr\u00eas, formaram assim, uma Trindade Cl\u00e1ssica Vienense.<\/span><\/p>\n<p>&#13;<\/p>\n<p style=\"text-align: justify;\"><span style=\"font-weight: 400;\">Entrada: Gratuita.<\/span><\/p>\n<p>&#13;<\/p>\n<p style=\"text-align: justify;\"><span style=\"font-weight: 400;\">Classifica\u00e7\u00e3o: Livre.<\/span><\/p>\n<p>&#13;<\/p>\n<p style=\"text-align: justify;\"><span style=\"font-weight: 400;\">Realiza\u00e7\u00e3o: Sociedade Pr\u00f3-Sinf\u00f4nica de Limeira e Prefeitura, por meio da Secretaria de Cultura.<\/span><\/p>\n<p>&#13;<\/p>\n<p style=\"text-align: justify;\"><span style=\"font-weight: 400;\">Dura\u00e7\u00e3o: 90 min.<\/span><\/p>\n<p>&#13;<\/p>\n<p style=\"text-align: justify;\"><span style=\"font-weight: 400;\">\u00a0<\/span><\/p>\n<p>&#13;<\/p>\n<p style=\"text-align: justify;\"><strong>Literatura: Verso e Voz<\/strong><\/p>\n<p>&#13;<\/p>\n<p style=\"text-align: justify;\"><span style=\"font-weight: 400;\">Quinta-feira (6), \u00e0s 13h30 &#8211; Teatro Vit\u00f3ria Emiliano Bernardo da Silva<\/span><\/p>\n<p>&#13;<\/p>\n<p style=\"text-align: justify;\"><span style=\"font-weight: 400;\">Concurso de declama\u00e7\u00e3o de poesias para os alunos das escolas de Limeira.<\/span><\/p>\n<p>&#13;<\/p>\n<p style=\"text-align: justify;\"><span style=\"font-weight: 400;\">Entrada: Gratuita.<\/span><\/p>\n<p>&#13;<\/p>\n<p style=\"text-align: justify;\"><span style=\"font-weight: 400;\">Classifica\u00e7\u00e3o: Livre.<\/span><\/p>\n<p>&#13;<\/p>\n<p style=\"text-align: justify;\"><span style=\"font-weight: 400;\">Realiza\u00e7\u00e3o: Prefeitura de Limeira, por meio da Secretaria de Cultura, Diretoria Regional de Ensino e Centro do Professorado Paulista (CPP).<\/span><\/p>\n<p>&#13;<\/p>\n<p style=\"text-align: justify;\"><span style=\"font-weight: 400;\">\u00a0<\/span><\/p>\n<p>&#13;<\/p>\n<p style=\"text-align: justify;\"><strong>M\u00fasica:\u00a0 A\u00e7\u00e3o Cultural da Banda Henrique Marques<\/strong><\/p>\n<p>&#13;<\/p>\n<p style=\"text-align: justify;\"><span style=\"font-weight: 400;\">Quinta-feira (6), \u00e0s 20h30 &#8211; Igreja S\u00e3o Crist\u00f3v\u00e3o<\/span><\/p>\n<p>&#13;<\/p>\n<p style=\"text-align: justify;\"><span style=\"font-weight: 400;\">A Banda Henrique Marques se apresenta na Igreja S\u00e3o Crist\u00f3v\u00e3o.<\/span><\/p>\n<p>&#13;<\/p>\n<p style=\"text-align: justify;\"><span style=\"font-weight: 400;\">Entrada: Gratuita.<\/span><\/p>\n<p>&#13;<\/p>\n<p style=\"text-align: justify;\"><span style=\"font-weight: 400;\">Classifica\u00e7\u00e3o: Livre.<\/span><\/p>\n<p>&#13;<\/p>\n<p style=\"text-align: justify;\"><span style=\"font-weight: 400;\">Realiza\u00e7\u00e3o: Prefeitura, por meio da Secretaria de Cultura, e banda.<\/span><\/p>\n<p>&#13;<\/p>\n<p style=\"text-align: justify;\"><span style=\"font-weight: 400;\">Dura\u00e7\u00e3o:\u00a0 60 min.<\/span><\/p>\n<p>&#13;<\/p>\n<p style=\"text-align: justify;\"><span style=\"font-weight: 400;\">\u00a0<\/span><\/p>\n<p>&#13;<\/p>\n<p style=\"text-align: justify;\"><strong>Evento: Feira Noturna no Parque Cidade<\/strong><\/p>\n<p>&#13;<\/p>\n<p style=\"text-align: justify;\"><span style=\"font-weight: 400;\">Ter\u00e7a-feira (4), das 17h \u00e0s 22h &#8211; Parque Cidade<\/span><\/p>\n<p>&#13;<\/p>\n<p style=\"text-align: justify;\"><span style=\"font-weight: 400;\">Feira noturna.<\/span><\/p>\n<p>&#13;<\/p>\n<p style=\"text-align: justify;\"><span style=\"font-weight: 400;\">Entrada: Gratuita.<\/span><\/p>\n<p>&#13;<\/p>\n<p style=\"text-align: justify;\"><span style=\"font-weight: 400;\">Classifica\u00e7\u00e3o: Livre.<\/span><\/p>\n<p>&#13;<\/p>\n<p style=\"text-align: justify;\"><span style=\"font-weight: 400;\">Realiza\u00e7\u00e3o: Prefeitura, por meio da Secretaria de Cultura e da Secretaria do Meio Ambiente e Agricultura, com apoio da Associa\u00e7\u00e3o dos Feirantes de Limeira (Asfel).<\/span><\/p>\n<p>&#13;<\/p>\n<p style=\"text-align: justify;\"><span style=\"font-weight: 400;\">\u00a0<\/span><\/p>\n<p>&#13;<\/p>\n<p style=\"text-align: justify;\"><strong>Evento: Feira Noturna no Limeir\u00e3o<\/strong><\/p>\n<p>&#13;<\/p>\n<p style=\"text-align: justify;\"><span style=\"font-weight: 400;\">Quinta-feira (6), das 17h \u00e0s 22h &#8211; Limeir\u00e3o<\/span><\/p>\n<p>&#13;<\/p>\n<p style=\"text-align: justify;\"><span style=\"font-weight: 400;\">Feira noturna.<\/span><\/p>\n<p>&#13;<\/p>\n<p style=\"text-align: justify;\"><span style=\"font-weight: 400;\">Entrada: Gratuita.<\/span><\/p>\n<p>&#13;<\/p>\n<p style=\"text-align: justify;\"><span style=\"font-weight: 400;\">Classifica\u00e7\u00e3o: Livre.<\/span><\/p>\n<p>&#13;<\/p>\n<p style=\"text-align: justify;\"><span style=\"font-weight: 400;\">Realiza\u00e7\u00e3o: Prefeitura, por meio da Secretaria de Cultura e da Secretaria do Meio Ambiente e Agricultura, com apoio da Associa\u00e7\u00e3o dos Feirantes de Limeira (Asfel).<\/span><\/p>\n<p>&#13;<\/p>\n<p style=\"text-align: justify;\"><span style=\"font-weight: 400;\">\u00a0<\/span><\/p>\n<p>&#13;<\/p>\n<p style=\"text-align: justify;\"><strong>Evento: Festa Junina Par\u00f3quia Santa Eul\u00e1lia<\/strong><\/p>\n<p>&#13;<\/p>\n<p style=\"text-align: justify;\"><span style=\"font-weight: 400;\">Dias 7, 8 e 9, \u00e0s<\/span><a href=\"https:\/\/www.google.com\/maps\/search\/18h+-+Rua+Gilson+Queiroz+Penteado?entry=gmail&amp;source=g\" rel=\"noopener\"><span style=\"font-weight: 400;\"> 18h &#8211; Rua Gilson Queiroz Penteado<\/span><\/a><span style=\"font-weight: 400;\">, 116, Santa Eul\u00e1lia<\/span><\/p>\n<p>&#13;<\/p>\n<p style=\"text-align: justify;\"><span style=\"font-weight: 400;\">Festa junina da Par\u00f3quia Santa Eul\u00e1lia.<\/span><\/p>\n<p>&#13;<\/p>\n<p style=\"text-align: justify;\"><span style=\"font-weight: 400;\">Entrada: Gratuita.<\/span><\/p>\n<p>&#13;<\/p>\n<p style=\"text-align: justify;\"><span style=\"font-weight: 400;\">Classifica\u00e7\u00e3o: Livre.<\/span><\/p>\n<p>&#13;<\/p>\n<p style=\"text-align: justify;\"><span style=\"font-weight: 400;\">Realiza\u00e7\u00e3o: Par\u00f3quia Santa Eul\u00e1lia, com apoio da Prefeitura, por meio da Secretaria de Cultura.<\/span><\/p>\n<p>&#13;<\/p>\n<p style=\"text-align: justify;\"><span style=\"font-weight: 400;\">\u00a0<\/span><\/p>\n<p>&#13;<\/p>\n<p style=\"text-align: justify;\"><strong>Evento: Festa Popular da Catedral<\/strong><\/p>\n<p>&#13;<\/p>\n<p style=\"text-align: justify;\"><span style=\"font-weight: 400;\">Dias 7, 8, 9, 14, 15 e 16, \u00e0s 18h &#8211; Pra\u00e7a Luciano Esteves, S\/N<\/span><\/p>\n<p>&#13;<\/p>\n<p style=\"text-align: justify;\"><span style=\"font-weight: 400;\">Festa popular da Catedral.<\/span><\/p>\n<p>&#13;<\/p>\n<p style=\"text-align: justify;\"><span style=\"font-weight: 400;\">Entrada: Gratuita.<\/span><\/p>\n<p>&#13;<\/p>\n<p style=\"text-align: justify;\"><span style=\"font-weight: 400;\">Classifica\u00e7\u00e3o: Livre.<\/span><\/p>\n<p>&#13;<\/p>\n<p style=\"text-align: justify;\"><span style=\"font-weight: 400;\">Realiza\u00e7\u00e3o: Catedral, com apoio da Prefeitura, por meio da Secretaria de Cultura.<\/span><\/p>\n<p>&#13;<\/p>\n<p style=\"text-align: justify;\"><span style=\"font-weight: 400;\">\u00a0<\/span><\/p>\n<p>&#13;<\/p>\n<p style=\"text-align: justify;\"><strong>Evento: 10\u00ba Festa da Mandioca<\/strong><\/p>\n<p>&#13;<\/p>\n<p style=\"text-align: justify;\"><span style=\"font-weight: 400;\">Sexta-feira (7), das 19h \u00e0s 22h\u00a0 &#8211; Parque Cidade<\/span><\/p>\n<p>&#13;<\/p>\n<p style=\"text-align: justify;\"><span style=\"font-weight: 400;\">S\u00e1bado (8), 15h \u00e0s 22h &#8211; Parque Cidade<\/span><\/p>\n<p>&#13;<\/p>\n<p style=\"text-align: justify;\"><span style=\"font-weight: 400;\">Domingo (9), das 10h \u00e0s 21h &#8211; Parque Cidade<\/span><\/p>\n<p>&#13;<\/p>\n<p style=\"text-align: justify;\"><span style=\"font-weight: 400;\">O evento traz receitas com mandioca e diversas atra\u00e7\u00f5es musicais. No domingo ser\u00e1 servido \u00e0 parte, das 12h \u00e0s 15h, um almo\u00e7o de Costela no Bafo, vendido antecipadamente (19 99630-7981).<\/span><\/p>\n<p>&#13;<\/p>\n<p style=\"text-align: justify;\"><span style=\"font-weight: 400;\">Entrada: Gratuita.<\/span><\/p>\n<p>&#13;<\/p>\n<p style=\"text-align: justify;\"><span style=\"font-weight: 400;\">Classifica\u00e7\u00e3o: Livre.<\/span><\/p>\n<p>&#13;<\/p>\n<p style=\"text-align: justify;\"><span style=\"font-weight: 400;\">Realiza\u00e7\u00e3o: Casa de Apoio Romeiros de Aparecida (Cara), com apoio da Prefeitura, por meio da Secretaria de Cultura.<\/span><\/p>\n<p>&#13;<\/p>\n<p style=\"text-align: justify;\"><span style=\"font-weight: 400;\">\u00a0<\/span><\/p>\n<p>&#13;<\/p>\n<p style=\"text-align: justify;\"><strong>Evento: Festa Popular da Comunidade S\u00e3o Jos\u00e9 de Anchieta<\/strong><\/p>\n<p>&#13;<\/p>\n<p style=\"text-align: justify;\"><span style=\"font-weight: 400;\">Dias 7, 8 e 9, das 19h \u00e0s 22h &#8211; Comunidade S\u00e3o Jos\u00e9 de Anchieta, Jardim S\u00e3o Jo\u00e3o<\/span><\/p>\n<p>&#13;<\/p>\n<p style=\"text-align: justify;\"><span style=\"font-weight: 400;\">Festa popular da Comunidade S\u00e3o Jos\u00e9 de Anchieta.<\/span><\/p>\n<p>&#13;<\/p>\n<p style=\"text-align: justify;\"><span style=\"font-weight: 400;\">Entrada: Gratuita.<\/span><\/p>\n<p>&#13;<\/p>\n<p style=\"text-align: justify;\"><span style=\"font-weight: 400;\">Classifica\u00e7\u00e3o: Livre.<\/span><\/p>\n<p>&#13;<\/p>\n<p style=\"text-align: justify;\"><span style=\"font-weight: 400;\">Realiza\u00e7\u00e3o: Comunidade S\u00e3o Jos\u00e9 de Anchieta, com apoio da Prefeitura, por meio da Secretaria de Cultura.<\/span><\/p>\n<p>&#13;<\/p>\n<p style=\"text-align: justify;\"><span style=\"font-weight: 400;\">\u00a0<\/span><\/p>\n<p>&#13;<\/p>\n<p style=\"text-align: justify;\"><strong>Conhecimento: Encontro Numism\u00e1tico<\/strong><\/p>\n<p>&#13;<\/p>\n<p style=\"text-align: justify;\"><span style=\"font-weight: 400;\">S\u00e1bado (8), \u00e0s 10h &#8211; Anfiteatro Dr. Olindo de Luca da Biblioteca Municipal\u00a0<\/span><\/p>\n<p>&#13;<\/p>\n<p style=\"text-align: justify;\"><span style=\"font-weight: 400;\">O encontro faz estudos a fim de preservar a hist\u00f3ria, arte e cultura atrav\u00e9s dos sistemas monet\u00e1rios que tiveram in\u00edcio cerca de 2700 anos atr\u00e1s.<\/span><\/p>\n<p>&#13;<\/p>\n<p style=\"text-align: justify;\"><span style=\"font-weight: 400;\">Classifica\u00e7\u00e3o: Livre.<\/span><\/p>\n<p>&#13;<\/p>\n<p style=\"text-align: justify;\"><span style=\"font-weight: 400;\">Realiza\u00e7\u00e3o: Grupo Numism\u00e1tica Limeira, com apoio da Prefeitura, por meio da Secretaria de Cultura.<\/span><\/p>\n<p>&#13;<\/p>\n<p style=\"text-align: justify;\"><span style=\"font-weight: 400;\">\u00a0<\/span><\/p>\n<p>&#13;<\/p>\n<p style=\"text-align: justify;\"><strong>Evento: Festa Popular da Comunidade Santo Agostinho<\/strong><\/p>\n<p>&#13;<\/p>\n<p style=\"text-align: justify;\"><span style=\"font-weight: 400;\">S\u00e1bado (8), das 19h \u00e0s<\/span><a href=\"https:\/\/www.google.com\/maps\/search\/22h+-+Rua+P%C3%A9rcio+Machado+Gomes?entry=gmail&amp;source=g\" rel=\"noopener\"><span style=\"font-weight: 400;\"> 22h &#8211; Rua P\u00e9rcio Machado Gomes<\/span><\/a><span style=\"font-weight: 400;\">, 248, Jardim Anhanguera<\/span><\/p>\n<p>&#13;<\/p>\n<p style=\"text-align: justify;\"><span style=\"font-weight: 400;\">Festa popular da Comunidade Santo Agostinho.<\/span><\/p>\n<p>&#13;<\/p>\n<p style=\"text-align: justify;\"><span style=\"font-weight: 400;\">Entrada: Gratuita.<\/span><\/p>\n<p>&#13;<\/p>\n<p style=\"text-align: justify;\"><span style=\"font-weight: 400;\">Classifica\u00e7\u00e3o: Livre.<\/span><\/p>\n<p>&#13;<\/p>\n<p style=\"text-align: justify;\"><span style=\"font-weight: 400;\">Realiza\u00e7\u00e3o: Comunidade Santo Agostinho, com apoio da Prefeitura, por meio da Secretaria de Cultura.<\/span><\/p>\n<p>&#13;<\/p>\n<p style=\"text-align: justify;\"><span style=\"font-weight: 400;\">\u00a0<\/span><\/p>\n<p>&#13;<\/p>\n<p style=\"text-align: justify;\"><strong>M\u00fasica: Giambelli Rock Concert<\/strong><\/p>\n<p>&#13;<\/p>\n<p style=\"text-align: justify;\"><span style=\"font-weight: 400;\">S\u00e1bado (8), \u00e0s 20h &#8211; Teatro Vit\u00f3ria Emiliano Bernardo da Silva<\/span><\/p>\n<p>&#13;<\/p>\n<p style=\"text-align: justify;\"><span style=\"font-weight: 400;\">O evento celebra os 92 anos da Corpora\u00e7\u00e3o Musical Arthur Giambelli. O concerto promete um repert\u00f3rio diversificado e empolgante, com interpreta\u00e7\u00f5es de cl\u00e1ssicos do rock que marcaram gera\u00e7\u00f5es. S\u00e3o tocados sucessos de bandas lend\u00e1rias como Guns N&#8217; Roses, Beatles, Queen, Metallica, The Police, Scorpions e outros. A reg\u00eancia \u00e9 do maestro Leandro Rodrigo Pereira.<\/span><\/p>\n<p>&#13;<\/p>\n<p style=\"text-align: justify;\"><span style=\"font-weight: 400;\">Entrada: Gratuita.<\/span><\/p>\n<p>&#13;<\/p>\n<p style=\"text-align: justify;\"><span style=\"font-weight: 400;\">Classifica\u00e7\u00e3o: Livre.<\/span><\/p>\n<p>&#13;<\/p>\n<p style=\"text-align: justify;\"><span style=\"font-weight: 400;\">Realiza\u00e7\u00e3o: Banda Arthur Giambelli, com o apoio da Prefeitura, por meio da Secretaria de Cultura.<\/span><\/p>\n<p>&#13;<\/p>\n<p style=\"text-align: justify;\"><span style=\"font-weight: 400;\">Dura\u00e7\u00e3o:\u00a0 90 min.\u00a0<\/span><\/p>\n<p>&#13;<\/p>\n<p style=\"text-align: justify;\"><span style=\"font-weight: 400;\">\u00a0<\/span><\/p>\n<p>&#13;<\/p>\n<p style=\"text-align: justify;\"><strong>Inscri\u00e7\u00e3o: Festival de Curtas-metragens &#8211; Cinema no Parque<\/strong><\/p>\n<p>&#13;<\/p>\n<p style=\"text-align: justify;\"><span style=\"font-weight: 400;\">At\u00e9 s\u00e1bado (8), \u00e0s 17h &#8211; Parque Cidade<\/span><\/p>\n<p>&#13;<\/p>\n<p style=\"text-align: justify;\"><span style=\"font-weight: 400;\">O evento visa promover e valorizar a produ\u00e7\u00e3o audiovisual brasileira, proporcionando um espa\u00e7o para realizadores e estudantes de audiovisual mostrarem seus trabalhos para um novo p\u00fablico. As inscri\u00e7\u00f5es para o primeiro Cinema no Parque acontecem de 4 de maio a 8 de junho. Realizadores de audiovisual podem inscrever seus curtas de 5 a 15 minutos, realizados a partir de 2022. O Festival \u00e9 dividido em 3 mostras:\u00a0<\/span><\/p>\n<p>&#13;<\/p>\n<ol style=\"text-align: justify;\">&#13;<\/p>\n<li style=\"font-weight: 400;\" aria-level=\"1\"><span style=\"font-weight: 400;\">Mostra Brasil: Aberta a curtas realizados em qualquer lugar do pa\u00eds.\u00a0<\/span><\/li>\n<p>&#13;<\/p>\n<li style=\"font-weight: 400;\" aria-level=\"1\"><span style=\"font-weight: 400;\">Mostra Interior SP: Destinada a curtas realizados no interior de S\u00e3o Paulo.\u00a0<\/span><\/li>\n<p>&#13;<\/p>\n<li style=\"font-weight: 400;\" aria-level=\"1\"><span style=\"font-weight: 400;\">Mostra Universit\u00e1rio: Exclusiva para curtas produzidos em cursos de audiovisual. Inscri\u00e7\u00e3o e edital\u00a0 pelo link: <\/span><a href=\"https:\/\/linkme.bio\/cinemanoparquelimeira\" rel=\"noopener\"><span style=\"font-weight: 400;\">https:\/\/linkme.bio\/cinemanoparquelimeira<\/span><\/a><span style=\"font-weight: 400;\">.<\/span><\/li>\n<p>&#13;\n<\/ol>\n<p>&#13;<\/p>\n<p style=\"text-align: justify;\"><span style=\"font-weight: 400;\">Classifica\u00e7\u00e3o: Livre.<\/span><\/p>\n<p>&#13;<\/p>\n<p style=\"text-align: justify;\"><span style=\"font-weight: 400;\">Realiza\u00e7\u00e3o: Lei Paulo Gustavo do Minist\u00e9rio da Cultura do Governo Federal e Prefeitura de Limeira, atrav\u00e9s da Secretaria de Cultura de Limeira.<\/span><\/p>\n<p>&#13;<\/p>\n<p style=\"text-align: justify;\"><span style=\"font-weight: 400;\">\u00a0<\/span><\/p>\n<p>&#13;<\/p>\n<p style=\"text-align: justify;\"><strong>Evento: Festa Junina da Comunidade Evang\u00e9lica de Confiss\u00e3o Luterana<\/strong><\/p>\n<p>&#13;<\/p>\n<p style=\"text-align: justify;\"><span style=\"font-weight: 400;\">S\u00e1bado (8), \u00e0s<\/span><a href=\"https:\/\/www.google.com\/maps\/search\/19h+-+Via+Martim+Lutero?entry=gmail&amp;source=g\" rel=\"noopener\"><span style=\"font-weight: 400;\"> 19h &#8211; Via Martim Lutero<\/span><\/a><span style=\"font-weight: 400;\">, km 3, Bairro dos Pires<\/span><\/p>\n<p>&#13;<\/p>\n<p style=\"text-align: justify;\"><span style=\"font-weight: 400;\">Festa Junina da Comunidade Evang\u00e9lica de Confiss\u00e3o Luterana.<\/span><\/p>\n<p>&#13;<\/p>\n<p style=\"text-align: justify;\"><span style=\"font-weight: 400;\">Entrada: Gratuita.<\/span><\/p>\n<p>&#13;<\/p>\n<p style=\"text-align: justify;\"><span style=\"font-weight: 400;\">Classifica\u00e7\u00e3o: Livre.<\/span><\/p>\n<p>&#13;<\/p>\n<p style=\"text-align: justify;\"><span style=\"font-weight: 400;\">Realiza\u00e7\u00e3o:Comunidade Evang\u00e9lica de Confiss\u00e3o Luterana, com apoio da Prefeitura, por meio da Secretaria de Cultura.<\/span><\/p>\n<p>&#13;<\/p>\n<p style=\"text-align: justify;\"><strong>\u00a0<\/strong><\/p>\n<p>&#13;<\/p>\n<p style=\"text-align: justify;\"><strong>Evento: Cultura na Pra\u00e7a<\/strong><\/p>\n<p>&#13;<\/p>\n<p style=\"text-align: justify;\"><span style=\"font-weight: 400;\">S\u00e1bado (8), das 17h \u00e0s 22h &#8211;<\/span><span style=\"font-weight: 400;\"> Pra\u00e7a Marcos Aur\u00e9lio Girardello<\/span><\/p>\n<p>&#13;<\/p>\n<p style=\"text-align: justify;\"><span style=\"font-weight: 400;\">Apresenta\u00e7\u00f5es musicais.\u00a0\u00a0<\/span><\/p>\n<p>&#13;<\/p>\n<p style=\"text-align: justify;\"><span style=\"font-weight: 400;\">Entrada: Gratuita.<\/span><\/p>\n<p>&#13;<\/p>\n<p style=\"text-align: justify;\"><span style=\"font-weight: 400;\">Classifica\u00e7\u00e3o: Livre.<\/span><\/p>\n<p>&#13;<\/p>\n<p style=\"text-align: justify;\"><span style=\"font-weight: 400;\">Realiza\u00e7\u00e3o: Empreendedores locais, com apoio da Prefeitura, por meio da Secretaria de Cultura.<\/span><\/p>\n<p>&#13;<\/p>\n<p style=\"text-align: justify;\"><span style=\"font-weight: 400;\">\u00a0<\/span><\/p>\n<p>&#13;<\/p>\n<p style=\"text-align: justify;\"><strong>Evento: Festa Popular da Comunidade Santos Arcanjos<\/strong><\/p>\n<p>&#13;<\/p>\n<p style=\"text-align: justify;\"><span style=\"font-weight: 400;\">S\u00e1bado (8), \u00e0s 18h &#8211; Comunidade Santos Arcanjos<\/span><\/p>\n<p>&#13;<\/p>\n<p style=\"text-align: justify;\"><span style=\"font-weight: 400;\">Festa Popular da Comunidade Santos Arcanjos.<\/span><\/p>\n<p>&#13;<\/p>\n<p style=\"text-align: justify;\"><span style=\"font-weight: 400;\">Entrada: Gratuita.<\/span><\/p>\n<p>&#13;<\/p>\n<p style=\"text-align: justify;\"><span style=\"font-weight: 400;\">Classifica\u00e7\u00e3o: Livre.<\/span><\/p>\n<p>&#13;<\/p>\n<p style=\"text-align: justify;\"><span style=\"font-weight: 400;\">Realiza\u00e7\u00e3o: Comunidade Santos Arcanjos, com apoio da Prefeitura, por meio da Secretaria de Cultura.<\/span><\/p>\n<p>&#13;<\/p>\n<p style=\"text-align: justify;\"><span style=\"font-weight: 400;\">\u00a0<\/span><\/p>\n<p>&#13;<\/p>\n<p style=\"text-align: justify;\"><strong>Evento: Arrai\u00e1 da Par\u00f3quia Menino Jesus<\/strong><\/p>\n<p>&#13;<\/p>\n<p style=\"text-align: justify;\"><span style=\"font-weight: 400;\">Dias 8, 9, 15 e 16, \u00e0s 18h &#8211; Av. Jo\u00e3o Jorge de Oliveira, 211, Parque Novo Mundo<\/span><\/p>\n<p>&#13;<\/p>\n<p style=\"text-align: justify;\"><span style=\"font-weight: 400;\">Festa popular da Par\u00f3quia Menino Jesus.<\/span><\/p>\n<p>&#13;<\/p>\n<p style=\"text-align: justify;\"><span style=\"font-weight: 400;\">Entrada: Gratuita.<\/span><\/p>\n<p>&#13;<\/p>\n<p style=\"text-align: justify;\"><span style=\"font-weight: 400;\">Classifica\u00e7\u00e3o: Livre.<\/span><\/p>\n<p>&#13;<\/p>\n<p style=\"text-align: justify;\"><span style=\"font-weight: 400;\">Realiza\u00e7\u00e3o: Par\u00f3quia Menino Jesus, com apoio da Prefeitura, por meio da Secretaria de Cultura.<\/span><\/p>\n<p>&#13;<\/p>\n<p style=\"text-align: justify;\"><span style=\"font-weight: 400;\">\u00a0<\/span><\/p>\n<p>&#13;<\/p>\n<p style=\"text-align: justify;\"><strong>Evento: Festa Popular da Par\u00f3quia Sagrado Cora\u00e7\u00e3o de Jesus<\/strong><\/p>\n<p>&#13;<\/p>\n<p style=\"text-align: justify;\"><span style=\"font-weight: 400;\">S\u00e1bado (8), \u00e0s 19h &#8211;<\/span><a href=\"https:\/\/www.google.com\/maps\/search\/Rua+General+Rondon,+2261?entry=gmail&amp;source=g\" rel=\"noopener\"> <span style=\"font-weight: 400;\">Rua General Rondon, 2261<\/span><\/a><span style=\"font-weight: 400;\">, Vila Labak<\/span><\/p>\n<p>&#13;<\/p>\n<p style=\"text-align: justify;\"><span style=\"font-weight: 400;\">S\u00e1bado (15) \u00e0s 19h &#8211; Rua General Rondon, 2261, Vila Labak<\/span><\/p>\n<p>&#13;<\/p>\n<p style=\"text-align: justify;\"><span style=\"font-weight: 400;\">Festa Popular da Par\u00f3quia Sagrado Cora\u00e7\u00e3o de Jesus.<\/span><\/p>\n<p>&#13;<\/p>\n<p style=\"text-align: justify;\"><span style=\"font-weight: 400;\">Entrada: Gratuita.<\/span><\/p>\n<p>&#13;<\/p>\n<p style=\"text-align: justify;\"><span style=\"font-weight: 400;\">Classifica\u00e7\u00e3o: Livre.<\/span><\/p>\n<p>&#13;<\/p>\n<p style=\"text-align: justify;\"><span style=\"font-weight: 400;\">Realiza\u00e7\u00e3o: Festa Popular da Par\u00f3quia Sagrado Cora\u00e7\u00e3o de Jesus, com apoio da Prefeitura, por meio da Secretaria de Cultura.<\/span><\/p>\n<p>&#13;<\/p>\n<p style=\"text-align: justify;\"><span style=\"font-weight: 400;\">\u00a0<\/span><\/p>\n<p>&#13;<\/p>\n<p style=\"text-align: justify;\"><strong>Evento: Festa Popular da Par\u00f3quia Imaculado Cora\u00e7\u00e3o de Maria<\/strong><\/p>\n<p>&#13;<\/p>\n<p style=\"text-align: justify;\"><span style=\"font-weight: 400;\">Dias 8, 9, 15 e 16, das 19h \u00e0s 22h &#8211; Rua Professor Zeferino Vaz, 430, Vila Piza<\/span><\/p>\n<p>&#13;<\/p>\n<p style=\"text-align: justify;\"><span style=\"font-weight: 400;\">Festa popular da Par\u00f3quia Imaculado Cora\u00e7\u00e3o de Maria.<\/span><\/p>\n<p>&#13;<\/p>\n<p style=\"text-align: justify;\"><span style=\"font-weight: 400;\">Entrada: Gratuita.<\/span><\/p>\n<p>&#13;<\/p>\n<p style=\"text-align: justify;\"><span style=\"font-weight: 400;\">Classifica\u00e7\u00e3o: Livre.<\/span><\/p>\n<p>&#13;<\/p>\n<p style=\"text-align: justify;\"><span style=\"font-weight: 400;\">Realiza\u00e7\u00e3o: Par\u00f3quia Imaculado Cora\u00e7\u00e3o de Maria, com apoio da Prefeitura, por meio da Secretaria de Cultura.<\/span><\/p>\n<p>&#13;<\/p>\n<p style=\"text-align: justify;\"><span style=\"font-weight: 400;\">\u00a0<\/span><\/p>\n<p>&#13;<\/p>\n<p style=\"text-align: justify;\"><strong>Evento: 16\u00b0 Corrida Sem Barreiras<\/strong><\/p>\n<p>&#13;<\/p>\n<p style=\"text-align: justify;\"><span style=\"font-weight: 400;\">Domingo (9), \u00e0s 8h &#8211; Horto Florestal<\/span><\/p>\n<p>&#13;<\/p>\n<p style=\"text-align: justify;\"><span style=\"font-weight: 400;\">Corrida solid\u00e1ria.<\/span><\/p>\n<p>&#13;<\/p>\n<p style=\"text-align: justify;\"><span style=\"font-weight: 400;\">Entrada: Mediante inscri\u00e7\u00e3o.<\/span><\/p>\n<p>&#13;<\/p>\n<p style=\"text-align: justify;\"><span style=\"font-weight: 400;\">Classifica\u00e7\u00e3o: Livre.<\/span><\/p>\n<p>&#13;<\/p>\n<p style=\"text-align: justify;\"><span style=\"font-weight: 400;\">Realiza\u00e7\u00e3o: Associa\u00e7\u00e3o Integrada de Deficientes e Amigos (Ainda), com apoio da Prefeitura, por meio da Secretaria de Cultura.<\/span><\/p>\n<p>&#13;<\/p>\n<p style=\"text-align: justify;\"><span style=\"font-weight: 400;\">\u00a0<\/span><\/p>\n<p>&#13;<\/p>\n<p style=\"text-align: justify;\"><strong>M\u00fasica: Retreta com Corpora\u00e7\u00e3o Musical Arthur Giambelli<\/strong><\/p>\n<p>&#13;<\/p>\n<p style=\"text-align: justify;\"><span style=\"font-weight: 400;\">Domingo (9), \u00e0s 10h30 &#8211; Pra\u00e7a Toledo Barros<\/span><\/p>\n<p>&#13;<\/p>\n<p style=\"text-align: justify;\"><span style=\"font-weight: 400;\">A Embaixatriz Sonora de Limeira apresenta um repert\u00f3rio rom\u00e2ntico voltado especificamente ao dia dos namorados. A reg\u00eancia \u00e9 do maestro Leandro Pereira.<\/span><\/p>\n<p>&#13;<\/p>\n<p style=\"text-align: justify;\"><span style=\"font-weight: 400;\">Entrada: Gratuita.<\/span><\/p>\n<p>&#13;<\/p>\n<p style=\"text-align: justify;\"><span style=\"font-weight: 400;\">Classifica\u00e7\u00e3o: Livre.<\/span><\/p>\n<p>&#13;<\/p>\n<p style=\"text-align: justify;\"><span style=\"font-weight: 400;\">Realiza\u00e7\u00e3o: Prefeitura, por meio da Secretaria de Cultura, e banda.<\/span><\/p>\n<p>&#13;<\/p>\n<p style=\"text-align: justify;\"><span style=\"font-weight: 400;\">Dura\u00e7\u00e3o:\u00a0 90 min.\u00a0<\/span><\/p>\n<p>&#13;<\/p>\n<p style=\"text-align: justify;\"><span style=\"font-weight: 400;\">\u00a0<\/span><\/p>\n<p>&#13;<\/p>\n<p style=\"text-align: justify;\"><strong>Dan\u00e7a: Vida &#8211; Viver \u00e9 Uma Arte<\/strong><\/p>\n<p>&#13;<\/p>\n<p style=\"text-align: justify;\"><span style=\"font-weight: 400;\">Domingo (9), \u00e0s 18h &#8211; Teatro Vit\u00f3ria Emiliano Bernardo da Silva<\/span><\/p>\n<p>&#13;<\/p>\n<p style=\"text-align: justify;\"><span style=\"font-weight: 400;\">H\u00e1 quem diga que viver hoje em dia \u00e9 uma grande arte em todos os sentidos e se dan\u00e7a conforme a m\u00fasica. Neste espet\u00e1culo \u00e9 retratado de forma sucinta como tem sido o dia a dia de muitas pessoas, trazendo coreografias de tirar o f\u00f4lego.<\/span><\/p>\n<p>&#13;<\/p>\n<p style=\"text-align: justify;\"><span style=\"font-weight: 400;\">Entrada: R$ 40 (inteira) e R$ 20 (meia-entrada ou b\u00f4nus em compra antecipada at\u00e9 08\/06).<\/span><\/p>\n<p>&#13;<\/p>\n<p style=\"text-align: justify;\"><a href=\"https:\/\/www.ticketfacil.com.br\/eventos\/tv-vida-viver-e-uma-arte.aspx\" rel=\"noopener\"><span style=\"font-weight: 400;\">https:\/\/www.ticketfacil.com.br\/eventos\/tv-vida-viver-e-uma-arte.aspx<\/span><\/a><\/p>\n<p>&#13;<\/p>\n<p style=\"text-align: justify;\"><span style=\"font-weight: 400;\">Classifica\u00e7\u00e3o: Livre.<\/span><\/p>\n<p>&#13;<\/p>\n<p style=\"text-align: justify;\"><span style=\"font-weight: 400;\">Realiza\u00e7\u00e3o: Renata Cavinato Studio de Dan\u00e7a, com o apoio da Prefeitura, por meio da Secretaria de Cultura.<\/span><\/p>\n<p>&#13;<\/p>\n<p style=\"text-align: justify;\"><span style=\"font-weight: 400;\">Dura\u00e7\u00e3o: 60min.<\/span><\/p>\n<p>&#13;<\/p>\n<p style=\"text-align: justify;\"><span style=\"font-weight: 400;\">\u00a0<\/span><\/p>\n<p>&#13;<\/p>\n<p style=\"text-align: justify;\"><strong>Evento: Tradicional Romaria da Comunidade Nossa Senhora das Dores Rural<\/strong><\/p>\n<p>&#13;<\/p>\n<p style=\"text-align: justify;\"><span style=\"font-weight: 400;\">Domingo (9), das 9h \u00e0s 18h &#8211; Comunidade Nossa Senhora das Dores Rural<\/span><\/p>\n<p>&#13;<\/p>\n<p style=\"text-align: justify;\"><span style=\"font-weight: 400;\">Tradicional Romaria da Comunidade Nossa Senhora das Dores Rural.<\/span><\/p>\n<p>&#13;<\/p>\n<p style=\"text-align: justify;\"><span style=\"font-weight: 400;\">Entrada: Gratuita.<\/span><\/p>\n<p>&#13;<\/p>\n<p style=\"text-align: justify;\"><span style=\"font-weight: 400;\">Classifica\u00e7\u00e3o: Livre.<\/span><\/p>\n<p>&#13;<\/p>\n<p style=\"text-align: justify;\"><span style=\"font-weight: 400;\">Realiza\u00e7\u00e3o: Comunidade Nossa Senhora das Dores Rural, com apoio da Prefeitura, por meio da Secretaria de Cultura.<\/span><\/p>\n<p>&#13;<\/p>\n<p style=\"text-align: justify;\">\u00a0<\/p>\n<p>&#13;<br \/>\n&#13;<br \/>\n&#13;<br \/>\n&#13;<\/p>\n<aside class=\"list-related no-print\">&#13;<br \/>\n        &#13;<br \/>\n&#13;<\/p>\n<article class=\"list-item noticias \">&#13;<br \/>\n                    <a class=\"list-item__img\" href=\"https:\/\/limeira.sp.gov.br\/imprensa\/noticias\/cultura\/orquestra-apresenta-concerto-a-trindade-vienense-nesta-quarta-5\" tabindex=\"-1\" aria-hidden=\"true\" rel=\"noopener\">&#13;<br \/>\n                        <img data-recalc-dims=\"1\" decoding=\"async\" src=\"https:\/\/i0.wp.com\/ecrie.com.br\/sistema\/conteudos\/imagem\/m_137_0_1_03062024144654.jpg?w=696&#038;ssl=1\" alt=\"Orquestra apresenta concerto \u201cA Trindade Vienense\u201d nesta quarta (5)\"\/>&#13;<br \/>\n                    <\/a>&#13;<br \/>\n&#13;<br \/>\n                &#13;<br \/>\n            <\/article>\n<p>&#13;<\/p>\n<article class=\"list-item noticias \">&#13;<br \/>\n                    <a class=\"list-item__img\" href=\"https:\/\/limeira.sp.gov.br\/imprensa\/noticias\/cultura\/festa-junina-municipal-e-verso-e-voz-sao-destaques-da-programacao-cultural-do-mes\" tabindex=\"-1\" aria-hidden=\"true\" rel=\"noopener\">&#13;<br \/>\n                        <img data-recalc-dims=\"1\" decoding=\"async\" src=\"https:\/\/i0.wp.com\/ecrie.com.br\/sistema\/conteudos\/imagem\/m_137_0_1_30042024141915.jpeg?w=696&#038;ssl=1\" alt=\"Festa Junina Municipal e Verso e Voz s\u00e3o destaques da programa\u00e7\u00e3o cultural do m\u00eas\"\/>&#13;<br \/>\n                    <\/a>&#13;<br \/>\n&#13;<br \/>\n                &#13;<br \/>\n            <\/article>\n<p>&#13;<\/p>\n<article class=\"list-item noticias \">&#13;<br \/>\n                    <a class=\"list-item__img\" href=\"https:\/\/limeira.sp.gov.br\/imprensa\/noticias\/cultura\/teatro-vitoria-recebe-patrulha-canina-neste-domingo-2\" tabindex=\"-1\" aria-hidden=\"true\" rel=\"noopener\">&#13;<br \/>\n                        <img data-recalc-dims=\"1\" decoding=\"async\" src=\"https:\/\/i0.wp.com\/ecrie.com.br\/sistema\/conteudos\/imagem\/m_137_0_1_29052024144402.jpeg?w=696&#038;ssl=1\" alt=\"Teatro Vit\u00f3ria recebe Patrulha Canina neste domingo (2)\"\/>&#13;<br \/>\n                    <\/a>&#13;<br \/>\n&#13;<br \/>\n                &#13;<br \/>\n            <\/article>\n<p>&#13;<br \/>\n    <\/aside>\n<p>&#13;<br \/>\n&#13;\n            <\/p><\/div>\n<p><br \/>\n<br \/><a href=\"https:\/\/limeira.sp.gov.br\/verso-e-voz-e-destaque-da-semana-programacao-tambem-traz-concertos-filme-e-outros-eventos\" rel=\"noopener\">Informa\u00e7\u00f5es da PML <\/a><\/p>\n","protected":false},"excerpt":{"rendered":"<p>&#13; &#13; &#13; &#13; &#13; &#13; &#13; A programa\u00e7\u00e3o da semana traz como destaque o projeto \u201cVerso e Voz\u201d, que acontece na quinta-feira (6), no Teatro Vit\u00f3ria Emiliano Bernardo da Silva, \u00e0s 13h30. O concurso de declama\u00e7\u00e3o de poesias re\u00fane alunos das escolas da cidade. A realiza\u00e7\u00e3o \u00e9 da Prefeitura de Limeira, por meio da [&hellip;]<\/p>\n","protected":false},"author":1,"featured_media":7282,"comment_status":"open","ping_status":"open","sticky":false,"template":"","format":"standard","meta":{"_jetpack_newsletter_access":"","_jetpack_dont_email_post_to_subs":false,"_jetpack_newsletter_tier_id":0,"_jetpack_memberships_contains_paywalled_content":false,"_mbp_banners":[],"_jetpack_feature_clip_id":0,"_jetpack_memberships_contains_paid_content":false,"footnotes":"","jetpack_publicize_message":"","jetpack_publicize_feature_enabled":true,"jetpack_social_post_already_shared":true,"jetpack_social_options":{"image_generator_settings":{"template":"highway","default_image_id":0,"font":"","enabled":false},"version":2},"jetpack_post_was_ever_published":false},"categories":[16],"tags":[],"class_list":["post-7281","post","type-post","status-publish","format-standard","has-post-thumbnail","category-local"],"jetpack_publicize_connections":[],"jetpack-related-posts":[],"jetpack_shortlink":"https:\/\/wp.me\/p7Eq1F-1Tr","jetpack_sharing_enabled":true,"jetpack_featured_media_url":"https:\/\/i0.wp.com\/guialimeira.com.br\/news\/wp-content\/uploads\/2024\/06\/m_137_0_1_03062024144305.jpeg?fit=1250%2C852&ssl=1","_links":{"self":[{"href":"https:\/\/guialimeira.com.br\/news\/wp-json\/wp\/v2\/posts\/7281","targetHints":{"allow":["GET"]}}],"collection":[{"href":"https:\/\/guialimeira.com.br\/news\/wp-json\/wp\/v2\/posts"}],"about":[{"href":"https:\/\/guialimeira.com.br\/news\/wp-json\/wp\/v2\/types\/post"}],"author":[{"embeddable":true,"href":"https:\/\/guialimeira.com.br\/news\/wp-json\/wp\/v2\/users\/1"}],"replies":[{"embeddable":true,"href":"https:\/\/guialimeira.com.br\/news\/wp-json\/wp\/v2\/comments?post=7281"}],"version-history":[{"count":0,"href":"https:\/\/guialimeira.com.br\/news\/wp-json\/wp\/v2\/posts\/7281\/revisions"}],"wp:featuredmedia":[{"embeddable":true,"href":"https:\/\/guialimeira.com.br\/news\/wp-json\/wp\/v2\/media\/7282"}],"wp:attachment":[{"href":"https:\/\/guialimeira.com.br\/news\/wp-json\/wp\/v2\/media?parent=7281"}],"wp:term":[{"taxonomy":"category","embeddable":true,"href":"https:\/\/guialimeira.com.br\/news\/wp-json\/wp\/v2\/categories?post=7281"},{"taxonomy":"post_tag","embeddable":true,"href":"https:\/\/guialimeira.com.br\/news\/wp-json\/wp\/v2\/tags?post=7281"}],"curies":[{"name":"wp","href":"https:\/\/api.w.org\/{rel}","templated":true}]}}