{"id":728,"date":"2024-04-02T14:04:16","date_gmt":"2024-04-02T17:04:16","guid":{"rendered":"https:\/\/guialimeira.com.br\/2024\/04\/02\/especial-paralelos-da-tv-brasil-traca-comparativo-entre-1964-e-2023\/"},"modified":"2024-04-02T14:04:16","modified_gmt":"2024-04-02T17:04:16","slug":"especial-paralelos-da-tv-brasil-traca-comparativo-entre-1964-e-2023","status":"publish","type":"post","link":"https:\/\/guialimeira.com.br\/news\/especial-paralelos-da-tv-brasil-traca-comparativo-entre-1964-e-2023\/","title":{"rendered":"Especial Paralelos, da TV Brasil, tra\u00e7a comparativo entre 1964 e 2023"},"content":{"rendered":"<p> <br \/>\n<\/p>\n<div>\n<p>A <strong>TV Brasil<\/strong> exibe um programa tem\u00e1tico que tra\u00e7a um comparativo entre o golpe de 1964 e a tentativa de golpe de janeiro de 2023. Com dire\u00e7\u00e3o de conte\u00fado\u00a0do professor e jornalista Gabriel Priolli, o especial Paralelos vai ao ar nesta ter\u00e7a (2), \u00e0s 23h, na telinha da emissora p\u00fablica e fica dispon\u00edvel no app <a href=\"https:\/\/play.ebc.com.br\/tabs\/home\" target=\"_blank\" rel=\"noopener\">TV Brasil Play<\/a>.<img data-recalc-dims=\"1\" decoding=\"async\" src=\"https:\/\/i0.wp.com\/agenciabrasil.ebc.com.br\/ebc.png?w=696&#038;ssl=1\" style=\"width:1px; height:1px; display:inline;\"\/><img data-recalc-dims=\"1\" decoding=\"async\" src=\"https:\/\/i0.wp.com\/agenciabrasil.ebc.com.br\/ebc.gif?w=696&#038;ssl=1\" style=\"width:1px; height:1px; display:inline;\"\/><\/p>\n<p>O conte\u00fado original \u00e9 apresentado pela jornalista Luciana Barreto, \u00e2ncora do telejornal Rep\u00f3rter Brasil Tarde. A produ\u00e7\u00e3o traz entrevistas com especialistas sobre o contexto social, hist\u00f3rico, econ\u00f4mico e constitucional das duas \u00e9pocas.<\/p>\n<p>Os entrevistados s\u00e3o o historiador Renato Lemos, o cientista pol\u00edtico Luis Felipe Miguel, a advogada Manuellita Hermes e a professora Larissa Rosa Corr\u00eaa. Eles trazem abordagens sobre os momentos hist\u00f3ricos do pa\u00eds nos dois per\u00edodos. A atra\u00e7\u00e3o destaca perspectivas relevantes ao apontar pontos de converg\u00eancia e aspectos de distanciamento.<\/p>\n<\/p><\/div>\n<p><br \/>\n<br \/><a href=\"https:\/\/agenciabrasil.ebc.com.br\/geral\/noticia\/2024-04\/especial-paralelos-da-tv-brasil-traca-comparativo-entre-1964-e-2023\" rel=\"noopener\">Ag\u00eancia Brasil<\/a><\/p>\n","protected":false},"excerpt":{"rendered":"<p>A TV Brasil exibe um programa tem\u00e1tico que tra\u00e7a um comparativo entre o golpe de 1964 e a tentativa de golpe de janeiro de 2023. Com dire\u00e7\u00e3o de conte\u00fado\u00a0do professor e jornalista Gabriel Priolli, o especial Paralelos vai ao ar nesta ter\u00e7a (2), \u00e0s 23h, na telinha da emissora p\u00fablica e fica dispon\u00edvel no app [&hellip;]<\/p>\n","protected":false},"author":1,"featured_media":729,"comment_status":"open","ping_status":"open","sticky":false,"template":"","format":"standard","meta":{"_jetpack_newsletter_access":"","_jetpack_dont_email_post_to_subs":false,"_jetpack_newsletter_tier_id":0,"_jetpack_memberships_contains_paywalled_content":false,"_mbp_banners":[],"_jetpack_feature_clip_id":0,"_jetpack_memberships_contains_paid_content":false,"footnotes":"","jetpack_publicize_message":"","jetpack_publicize_feature_enabled":true,"jetpack_social_post_already_shared":true,"jetpack_social_options":{"image_generator_settings":{"template":"highway","default_image_id":0,"font":"","enabled":false},"version":2},"jetpack_post_was_ever_published":false},"categories":[1],"tags":[],"class_list":["post-728","post","type-post","status-publish","format-standard","has-post-thumbnail","category-geral"],"jetpack_publicize_connections":[],"jetpack-related-posts":[],"jetpack_shortlink":"https:\/\/wp.me\/p7Eq1F-bK","jetpack_sharing_enabled":true,"jetpack_featured_media_url":"https:\/\/i0.wp.com\/guialimeira.com.br\/news\/wp-content\/uploads\/2024\/04\/agencia_luciana-2_paralelos_1.jpg?fit=1600%2C800&ssl=1","_links":{"self":[{"href":"https:\/\/guialimeira.com.br\/news\/wp-json\/wp\/v2\/posts\/728","targetHints":{"allow":["GET"]}}],"collection":[{"href":"https:\/\/guialimeira.com.br\/news\/wp-json\/wp\/v2\/posts"}],"about":[{"href":"https:\/\/guialimeira.com.br\/news\/wp-json\/wp\/v2\/types\/post"}],"author":[{"embeddable":true,"href":"https:\/\/guialimeira.com.br\/news\/wp-json\/wp\/v2\/users\/1"}],"replies":[{"embeddable":true,"href":"https:\/\/guialimeira.com.br\/news\/wp-json\/wp\/v2\/comments?post=728"}],"version-history":[{"count":0,"href":"https:\/\/guialimeira.com.br\/news\/wp-json\/wp\/v2\/posts\/728\/revisions"}],"wp:featuredmedia":[{"embeddable":true,"href":"https:\/\/guialimeira.com.br\/news\/wp-json\/wp\/v2\/media\/729"}],"wp:attachment":[{"href":"https:\/\/guialimeira.com.br\/news\/wp-json\/wp\/v2\/media?parent=728"}],"wp:term":[{"taxonomy":"category","embeddable":true,"href":"https:\/\/guialimeira.com.br\/news\/wp-json\/wp\/v2\/categories?post=728"},{"taxonomy":"post_tag","embeddable":true,"href":"https:\/\/guialimeira.com.br\/news\/wp-json\/wp\/v2\/tags?post=728"}],"curies":[{"name":"wp","href":"https:\/\/api.w.org\/{rel}","templated":true}]}}