{"id":72794,"date":"2026-07-22T16:04:14","date_gmt":"2026-07-22T19:04:14","guid":{"rendered":"https:\/\/guialimeira.com.br\/animais-acolhidos-no-lar-temporario-passam-por-avaliacao-clinica-e-exames-laboratoriais\/"},"modified":"2026-07-22T16:04:14","modified_gmt":"2026-07-22T19:04:14","slug":"animais-acolhidos-no-lar-temporario-passam-por-avaliacao-clinica-e-exames-laboratoriais","status":"publish","type":"post","link":"https:\/\/guialimeira.com.br\/news\/animais-acolhidos-no-lar-temporario-passam-por-avaliacao-clinica-e-exames-laboratoriais\/","title":{"rendered":"Animais acolhidos no Lar Tempor\u00e1rio passam por avalia\u00e7\u00e3o cl\u00ednica e exames laboratoriais"},"content":{"rendered":"<p> <br \/>\n<br \/><img data-recalc-dims=\"1\" decoding=\"async\" src=\"https:\/\/i0.wp.com\/ecrie.com.br\/sistema\/conteudos\/imagem\/m_137_0_1_22072026155849.jpg?w=696&#038;ssl=1\" \/><\/p>\n<p style=\"text-align: justify\">Cerca de 100 animais acolhidos no Lar Tempor&aacute;rio de Animais passar&atilde;o por avalia&ccedil;&otilde;es cl&iacute;nicas e exames laboratoriais nos dias 29 e 30 de julho, em a&ccedil;&atilde;o promovida pela Secretaria de Prote&ccedil;&atilde;o Animal de Limeira. A iniciativa integra o trabalho permanente de cuidado e acompanhamento dos animais acolhidos no Lar Tempor&aacute;rio.<\/p>\n<p style=\"text-align: justify\">Para viabilizar a atividade, a equipe da secretaria estar&aacute; mobilizada no atendimento aos animais acolhidos. Por esse motivo, o n&uacute;mero de profissionais dispon&iacute;veis na Cl&iacute;nica Veterin&aacute;ria P&uacute;blica ser&aacute; reduzido nos dias 29 e 30 de julho, j&aacute; que a prioridade neste per&iacute;odo ser&aacute; a avalia&ccedil;&atilde;o cl&iacute;nica e a realiza&ccedil;&atilde;o de exames nos animais do Lar Tempor&aacute;rio.<\/p>\n<p style=\"text-align: justify\">A Secretaria de Prote&ccedil;&atilde;o Animal informa ainda que, nas duas datas, n&atilde;o ser&aacute; poss&iacute;vel realizar visitas ao Lar Tempor&aacute;rio para ado&ccedil;&atilde;o de animais, em raz&atilde;o da programa&ccedil;&atilde;o de exames e avalia&ccedil;&otilde;es.<\/p>\n<p style=\"text-align: justify\">Os atendimentos e servi&ccedil;os da Cl&iacute;nica Veterin&aacute;ria P&uacute;blica e do Lar Tempor&aacute;rio voltar&atilde;o &agrave; normalidade nos demais dias.<\/p>\n<p style=\"text-align: justify\">A Secretaria de Prote&ccedil;&atilde;o Animal agradece a compreens&atilde;o e a colabora&ccedil;&atilde;o da popula&ccedil;&atilde;o.<\/p>\n<p><br \/>\n<br \/><a href=\"https:\/\/limeira.sp.gov.br\/animais-acolhidos-no-lar-temporario-passam-por-avaliacao-clinica-e-exames-laboratoriais\" rel=\"noopener\">Informa\u00e7\u00f5es da PML <\/a><\/p>\n","protected":false},"excerpt":{"rendered":"<p>Cerca de 100 animais acolhidos no Lar Tempor&aacute;rio de Animais passar&atilde;o por avalia&ccedil;&otilde;es cl&iacute;nicas e exames laboratoriais nos dias 29 e 30 de julho, em a&ccedil;&atilde;o promovida pela Secretaria de Prote&ccedil;&atilde;o Animal de Limeira. A iniciativa integra o trabalho permanente de cuidado e acompanhamento dos animais acolhidos no Lar Tempor&aacute;rio. Para viabilizar a atividade, a [&hellip;]<\/p>\n","protected":false},"author":1,"featured_media":72795,"comment_status":"","ping_status":"open","sticky":false,"template":"","format":"standard","meta":{"_jetpack_newsletter_access":"","_jetpack_dont_email_post_to_subs":false,"_jetpack_newsletter_tier_id":0,"_jetpack_memberships_contains_paywalled_content":false,"_mbp_banners":[],"_jetpack_feature_clip_id":0,"_jetpack_memberships_contains_paid_content":false,"footnotes":"","jetpack_publicize_message":"","jetpack_publicize_feature_enabled":true,"jetpack_social_post_already_shared":true,"jetpack_social_options":{"image_generator_settings":{"template":"highway","default_image_id":0,"font":"","enabled":false},"version":2},"jetpack_post_was_ever_published":false},"categories":[16],"tags":[],"class_list":["post-72794","post","type-post","status-publish","format-standard","has-post-thumbnail","category-local"],"jetpack_publicize_connections":[],"jetpack-related-posts":[],"jetpack_shortlink":"https:\/\/wp.me\/p7Eq1F-iW6","jetpack_sharing_enabled":true,"jetpack_featured_media_url":"https:\/\/i0.wp.com\/guialimeira.com.br\/news\/wp-content\/uploads\/2026\/07\/m_137_0_1_22072026155849.jpg?fit=1024%2C819&ssl=1","_links":{"self":[{"href":"https:\/\/guialimeira.com.br\/news\/wp-json\/wp\/v2\/posts\/72794","targetHints":{"allow":["GET"]}}],"collection":[{"href":"https:\/\/guialimeira.com.br\/news\/wp-json\/wp\/v2\/posts"}],"about":[{"href":"https:\/\/guialimeira.com.br\/news\/wp-json\/wp\/v2\/types\/post"}],"author":[{"embeddable":true,"href":"https:\/\/guialimeira.com.br\/news\/wp-json\/wp\/v2\/users\/1"}],"replies":[{"embeddable":true,"href":"https:\/\/guialimeira.com.br\/news\/wp-json\/wp\/v2\/comments?post=72794"}],"version-history":[{"count":0,"href":"https:\/\/guialimeira.com.br\/news\/wp-json\/wp\/v2\/posts\/72794\/revisions"}],"wp:featuredmedia":[{"embeddable":true,"href":"https:\/\/guialimeira.com.br\/news\/wp-json\/wp\/v2\/media\/72795"}],"wp:attachment":[{"href":"https:\/\/guialimeira.com.br\/news\/wp-json\/wp\/v2\/media?parent=72794"}],"wp:term":[{"taxonomy":"category","embeddable":true,"href":"https:\/\/guialimeira.com.br\/news\/wp-json\/wp\/v2\/categories?post=72794"},{"taxonomy":"post_tag","embeddable":true,"href":"https:\/\/guialimeira.com.br\/news\/wp-json\/wp\/v2\/tags?post=72794"}],"curies":[{"name":"wp","href":"https:\/\/api.w.org\/{rel}","templated":true}]}}