{"id":7279,"date":"2024-06-03T17:02:53","date_gmt":"2024-06-03T20:02:53","guid":{"rendered":"https:\/\/guialimeira.com.br\/2024\/06\/03\/dia-da-bicicleta-cptm-reafirma-compromisso-com-a-mobilidade-urbana\/"},"modified":"2024-06-03T17:02:53","modified_gmt":"2024-06-03T20:02:53","slug":"dia-da-bicicleta-cptm-reafirma-compromisso-com-a-mobilidade-urbana","status":"publish","type":"post","link":"https:\/\/guialimeira.com.br\/news\/dia-da-bicicleta-cptm-reafirma-compromisso-com-a-mobilidade-urbana\/","title":{"rendered":"Dia da Bicicleta, CPTM reafirma compromisso com a mobilidade urbana"},"content":{"rendered":"<p> <br \/>\n<\/p>\n<div id=\"\">&#13;<br \/>\n                                <!-- Title -->&#13;<br \/>\n                                &#13;<br \/>\n&#13;<br \/>\n                                <!-- Excerpt -->&#13;<\/p>\n<p class=\"excerpt\">Atualmente, a companhia oferece 20 biciclet\u00e1rios nas esta\u00e7\u00f5es, totalizando quase 6 mil vagas<\/p>\n<p>&#13;<br \/>\n&#13;<br \/>\n                                &#13;\n                            <\/p><\/div>\n<div id=\"\">&#13;<\/p>\n<p><span style=\"font-weight: 400;\">No Dia Mundial da Bicicleta, comemorado nesta segunda-feira (3), a CPTM reafirma seu compromisso na promo\u00e7\u00e3o do uso de bicicletas, contribuindo, significativamente, para a redu\u00e7\u00e3o do tr\u00e1fego de ve\u00edculos nos munic\u00edpios onde atende com seus biciclet\u00e1rios e sua pol\u00edtica abrangente de mobilidade urbana, no qual amplia a op\u00e7\u00e3o de movimenta\u00e7\u00e3o para passageiros, ciclistas e simpatizantes do modal.<\/span><\/p>\n<p><span style=\"font-weight: 400;\">Atualmente, a companhia oferece 20 biciclet\u00e1rios nas esta\u00e7\u00f5es, totalizando quase 6 mil vagas. Desses, 18 s\u00e3o administrados diretamente pela CPTM. Esses espa\u00e7os s\u00e3o bem equipados, com ilumina\u00e7\u00e3o adequada, piso de concreto e medidas de seguran\u00e7a para controlar o acesso. Para utilizar os biciclet\u00e1rios, basta se cadastrar com o RG e levar um cadeado e corrente para prender a bicicleta.<\/span><\/p>\n<p><span style=\"font-weight: 400;\">Em 2023, 783.826 passageiros utilizaram os biciclet\u00e1rios, uma m\u00e9dia de 65.300 bicicletas guardadas por m\u00eas.<\/span><\/p>\n<p><span style=\"font-weight: 400;\">\u201cN\u00f3s entendemos a import\u00e2ncia de criarmos espa\u00e7os para este meio de locomo\u00e7\u00e3o para nossos passageiros. Al\u00e9m disso, com esta atitude temos a ci\u00eancia que minimizamos a presen\u00e7a de mais carros nas ruas e avenidas na regi\u00e3o central e metropolitana de S\u00e3o Paulo, ajudando assim a mobilidade urbana\u201d, diz Pedro Moro, presidente da CPTM.<\/span><\/p>\n<p><span style=\"font-weight: 400;\">Est\u00e3o em andamento obras para a implanta\u00e7\u00e3o de biciclet\u00e1rios nas esta\u00e7\u00f5es Engenheiro Manoel Feio e Aracar\u00e9, da Linha 12-Safira. Na Esta\u00e7\u00e3o Guaianases, o biciclet\u00e1rio est\u00e1 em fase de prepara\u00e7\u00e3o de edital para a contrata\u00e7\u00e3o das obras. Al\u00e9m disso, o projeto de reconstru\u00e7\u00e3o da Esta\u00e7\u00e3o Itaquaquecetuba tamb\u00e9m inclui um espa\u00e7o para bicicletas.\u00a0 \u201cReconhecemos a necessidade de cada vez mais criar locais para esse meio de transporte. Desta forma, estamos com obras e projetos em andamento para reafirmar o nosso compromisso com a mobilidade urbana. Al\u00e9m disso, em todos os novos projetos estudamos a implanta\u00e7\u00e3o de biciclet\u00e1rios\u201d, ressalta Moro.<\/span><\/p>\n<p><span style=\"font-weight: 400;\">Outra iniciativa importante da CPTM \u00e9 permitir o acesso de ciclistas nos trens em hor\u00e1rios espec\u00edficos durante a semana, fins de semana e feriados. As regras de uso est\u00e3o dispon\u00edveis no site oficial da CPTM.<\/span><\/p>\n<p><span style=\"font-weight: 400;\">Todos os biciclet\u00e1rios da CPTM s\u00e3o gratuitos e funcionam durante o hor\u00e1rio comercial, de segunda a domingo, das 4h \u00e0 meia-noite. H\u00e1 tamb\u00e9m dois biciclet\u00e1rios administrados pela iniciativa privada, localizados em Santo Andr\u00e9 e Mau\u00e1, que oferecem vagas adicionais.<\/span><\/p>\n<p><span style=\"font-weight: 400;\">Al\u00e9m dos biciclet\u00e1rios, a CPTM disponibiliza paraciclos em algumas esta\u00e7\u00f5es, permitindo que os ciclistas estacionem suas bicicletas de forma segura.<\/span><\/p>\n<p>Siga o canal \u201cGoverno de S\u00e3o Paulo\u201d no WhatsApp:<br \/><a href=\"https:\/\/bit.ly\/govspnozap\" target=\"_blank\" rel=\"noopener noreferrer\">https:\/\/bit.ly\/govspnozap<\/a><\/p>\n<\/p><\/div>\n<p><br \/>\n<br \/><a href=\"https:\/\/www.saopaulo.sp.gov.br\/spnoticias\/ultimas-noticias\/no-dia-mundial-da-bicicleta-cptm-reafirma-seu-compromisso-com-a-mobilidade-urbana\/\" rel=\"noopener\">Informa\u00e7\u00f5es GOV.SP<\/a><\/p>\n","protected":false},"excerpt":{"rendered":"<p>&#13; &#13; &#13; &#13; &#13; Atualmente, a companhia oferece 20 biciclet\u00e1rios nas esta\u00e7\u00f5es, totalizando quase 6 mil vagas &#13; &#13; &#13; &#13; No Dia Mundial da Bicicleta, comemorado nesta segunda-feira (3), a CPTM reafirma seu compromisso na promo\u00e7\u00e3o do uso de bicicletas, contribuindo, significativamente, para a redu\u00e7\u00e3o do tr\u00e1fego de ve\u00edculos nos munic\u00edpios onde atende [&hellip;]<\/p>\n","protected":false},"author":1,"featured_media":238,"comment_status":"open","ping_status":"open","sticky":false,"template":"","format":"standard","meta":{"_jetpack_newsletter_access":"","_jetpack_dont_email_post_to_subs":false,"_jetpack_newsletter_tier_id":0,"_jetpack_memberships_contains_paywalled_content":false,"_mbp_banners":[],"_jetpack_feature_clip_id":0,"_jetpack_memberships_contains_paid_content":false,"footnotes":"","jetpack_publicize_message":"","jetpack_publicize_feature_enabled":true,"jetpack_social_post_already_shared":true,"jetpack_social_options":{"image_generator_settings":{"template":"highway","default_image_id":0,"font":"","enabled":false},"version":2},"jetpack_post_was_ever_published":false},"categories":[21],"tags":[],"class_list":["post-7279","post","type-post","status-publish","format-standard","has-post-thumbnail","category-sp-news"],"jetpack_publicize_connections":[],"jetpack-related-posts":[],"jetpack_shortlink":"https:\/\/wp.me\/p7Eq1F-1Tp","jetpack_sharing_enabled":true,"jetpack_featured_media_url":"https:\/\/i0.wp.com\/guialimeira.com.br\/news\/wp-content\/uploads\/2024\/03\/cover.png?fit=650%2C650&ssl=1","_links":{"self":[{"href":"https:\/\/guialimeira.com.br\/news\/wp-json\/wp\/v2\/posts\/7279","targetHints":{"allow":["GET"]}}],"collection":[{"href":"https:\/\/guialimeira.com.br\/news\/wp-json\/wp\/v2\/posts"}],"about":[{"href":"https:\/\/guialimeira.com.br\/news\/wp-json\/wp\/v2\/types\/post"}],"author":[{"embeddable":true,"href":"https:\/\/guialimeira.com.br\/news\/wp-json\/wp\/v2\/users\/1"}],"replies":[{"embeddable":true,"href":"https:\/\/guialimeira.com.br\/news\/wp-json\/wp\/v2\/comments?post=7279"}],"version-history":[{"count":0,"href":"https:\/\/guialimeira.com.br\/news\/wp-json\/wp\/v2\/posts\/7279\/revisions"}],"wp:featuredmedia":[{"embeddable":true,"href":"https:\/\/guialimeira.com.br\/news\/wp-json\/wp\/v2\/media\/238"}],"wp:attachment":[{"href":"https:\/\/guialimeira.com.br\/news\/wp-json\/wp\/v2\/media?parent=7279"}],"wp:term":[{"taxonomy":"category","embeddable":true,"href":"https:\/\/guialimeira.com.br\/news\/wp-json\/wp\/v2\/categories?post=7279"},{"taxonomy":"post_tag","embeddable":true,"href":"https:\/\/guialimeira.com.br\/news\/wp-json\/wp\/v2\/tags?post=7279"}],"curies":[{"name":"wp","href":"https:\/\/api.w.org\/{rel}","templated":true}]}}