{"id":72785,"date":"2026-07-22T13:41:45","date_gmt":"2026-07-22T16:41:45","guid":{"rendered":"https:\/\/guialimeira.com.br\/rafa-kalimann-revela-que-nao-conseguiu-amamentar-a-filha-e-compartilha-desabafo-nas-redes\/"},"modified":"2026-07-22T13:41:45","modified_gmt":"2026-07-22T16:41:45","slug":"rafa-kalimann-revela-que-nao-conseguiu-amamentar-a-filha-e-compartilha-desabafo-nas-redes","status":"publish","type":"post","link":"https:\/\/guialimeira.com.br\/news\/rafa-kalimann-revela-que-nao-conseguiu-amamentar-a-filha-e-compartilha-desabafo-nas-redes\/","title":{"rendered":"Rafa Kalimann revela que n\u00e3o conseguiu amamentar a filha e compartilha desabafo nas redes"},"content":{"rendered":"<p>A experi\u00eancia com a amamenta\u00e7\u00e3o foi diferente do que Rafa Kalimann havia imaginado antes do nascimento da filha. A influenciadora contou nesta ter\u00e7a-feira (21\/7) que n\u00e3o conseguiu alimentar Zuza com leite materno, apesar de ter tentado fazer com que o processo desse certo.<\/p>\n<p>A menina tem seis meses e nasceu em janeiro deste ano, fruto do relacionamento de Rafa com o cantor Nattan. Desde o nascimento da filha, a influenciadora tem compartilhado com os seguidores diferentes aspectos da rotina como m\u00e3e.<\/p>\n<p>Em um relato publicado nas redes sociais, Rafa falou sobre a dificuldade enfrentada e revelou que buscou diferentes maneiras de conseguir amamentar. \u201cFiz de tudo\u201d, afirmou ao resumir os esfor\u00e7os realizados durante o per\u00edodo.<\/p>\n<p>A situa\u00e7\u00e3o acabou despertando sentimentos de frustra\u00e7\u00e3o, especialmente porque a amamenta\u00e7\u00e3o fazia parte dos planos da influenciadora. O desabafo mostrou que a maternidade tamb\u00e9m pode ser marcada por expectativas que n\u00e3o se concretizam da maneira esperada.<\/p>\n<p>Ao dividir a experi\u00eancia, Rafa recebeu mensagens de outras m\u00e3es que passaram por situa\u00e7\u00f5es semelhantes. O relato tamb\u00e9m abriu espa\u00e7o para conversas sobre as diferentes realidades da amamenta\u00e7\u00e3o e sobre a press\u00e3o que muitas mulheres enfrentam durante os primeiros meses ap\u00f3s o nascimento dos filhos.<\/p>\n<p>Aos seis meses de vida de Zuza, Rafa segue compartilhando momentos da maternidade com o p\u00fablico. Desta vez, a influenciadora decidiu falar sobre uma experi\u00eancia pessoal e mostrar que nem sempre o caminho da maternidade acontece conforme os planos feitos inicialmente.<\/p>\n<p><\/p>\n","protected":false},"excerpt":{"rendered":"<p>A experi\u00eancia com a amamenta\u00e7\u00e3o foi diferente do que Rafa Kalimann havia imaginado antes do nascimento da filha. A influenciadora contou nesta ter\u00e7a-feira (21\/7) que n\u00e3o conseguiu alimentar Zuza com leite materno, apesar de ter tentado fazer com que o processo desse certo. A menina tem seis meses e nasceu em janeiro deste ano, fruto [\u2026]<\/p>\n","protected":false},"author":5,"featured_media":0,"comment_status":"","ping_status":"open","sticky":false,"template":"","format":"standard","meta":{"_jetpack_newsletter_access":"","_jetpack_dont_email_post_to_subs":false,"_jetpack_newsletter_tier_id":0,"_jetpack_memberships_contains_paywalled_content":false,"_mbp_banners":[],"_jetpack_feature_clip_id":0,"_jetpack_memberships_contains_paid_content":false,"footnotes":"","jetpack_publicize_message":"","jetpack_publicize_feature_enabled":true,"jetpack_social_post_already_shared":true,"jetpack_social_options":{"image_generator_settings":{"template":"highway","default_image_id":0,"font":"","enabled":false},"version":2},"jetpack_post_was_ever_published":false},"categories":[],"tags":[],"class_list":["post-72785","post","type-post","status-publish","format-standard"],"jetpack_publicize_connections":[],"jetpack-related-posts":[],"jetpack_shortlink":"https:\/\/wp.me\/p7Eq1F-iVX","jetpack_sharing_enabled":true,"jetpack_featured_media_url":"","_links":{"self":[{"href":"https:\/\/guialimeira.com.br\/news\/wp-json\/wp\/v2\/posts\/72785","targetHints":{"allow":["GET"]}}],"collection":[{"href":"https:\/\/guialimeira.com.br\/news\/wp-json\/wp\/v2\/posts"}],"about":[{"href":"https:\/\/guialimeira.com.br\/news\/wp-json\/wp\/v2\/types\/post"}],"author":[{"embeddable":true,"href":"https:\/\/guialimeira.com.br\/news\/wp-json\/wp\/v2\/users\/5"}],"replies":[{"embeddable":true,"href":"https:\/\/guialimeira.com.br\/news\/wp-json\/wp\/v2\/comments?post=72785"}],"version-history":[{"count":0,"href":"https:\/\/guialimeira.com.br\/news\/wp-json\/wp\/v2\/posts\/72785\/revisions"}],"wp:attachment":[{"href":"https:\/\/guialimeira.com.br\/news\/wp-json\/wp\/v2\/media?parent=72785"}],"wp:term":[{"taxonomy":"category","embeddable":true,"href":"https:\/\/guialimeira.com.br\/news\/wp-json\/wp\/v2\/categories?post=72785"},{"taxonomy":"post_tag","embeddable":true,"href":"https:\/\/guialimeira.com.br\/news\/wp-json\/wp\/v2\/tags?post=72785"}],"curies":[{"name":"wp","href":"https:\/\/api.w.org\/{rel}","templated":true}]}}