{"id":72783,"date":"2026-07-22T13:40:14","date_gmt":"2026-07-22T16:40:14","guid":{"rendered":"https:\/\/guialimeira.com.br\/patio-limeira-shopping-sedia-coroacao-da-realeza-da-festa-da-laranja-2026\/"},"modified":"2026-07-22T13:40:14","modified_gmt":"2026-07-22T16:40:14","slug":"patio-limeira-shopping-sedia-coroacao-da-realeza-da-festa-da-laranja-2026","status":"publish","type":"post","link":"https:\/\/guialimeira.com.br\/news\/patio-limeira-shopping-sedia-coroacao-da-realeza-da-festa-da-laranja-2026\/","title":{"rendered":"P\u00e1tio Limeira Shopping sedia Coroa\u00e7\u00e3o da Realeza da Festa da Laranja 2026"},"content":{"rendered":"<p> <br \/>\n<\/p>\n<div data-id=\"626ab9d\" data-element_type=\"widget\" data-e-type=\"widget\" data-widget_type=\"theme-post-content.default\">\n<p class=\"wp-block-paragraph\"><em>Evento acontece no s\u00e1bado, 25 de julho, no palco da pra\u00e7a de alimenta\u00e7\u00e3o<\/em><\/p>\n<p class=\"wp-block-paragraph\">O P\u00e1tio Limeira Shopping sedia no pr\u00f3ximo s\u00e1bado, 25 de julho, \u00e0s 17h, o evento de Coroa\u00e7\u00e3o da Realeza da Festa da Laranja 2026. O empreendimento \u00e9 patrocinador master do evento.<\/p>\n<p class=\"wp-block-paragraph\">As 10 candidatas aos t\u00edtulos de rainha, primeira e segunda princesas, madrinha e miss simpatia ir\u00e3o desfilar para os jurados no palco da pra\u00e7a de alimenta\u00e7\u00e3o do P\u00e1tio Limeira Shopping. O t\u00edtulo de miss simpatia conta uma etapa digital. A apresenta\u00e7\u00e3o ser\u00e1 do locutor Daves dos Santos e a entrada \u00e9 gratuita.<\/p>\n<p class=\"wp-block-paragraph\">As eleitas ir\u00e3o representar a beleza, a simpatia e a desenvoltura da mulher limeirense em eventos pr\u00e9-festa e tamb\u00e9m durante nos dias de evento em contato direto com o p\u00fablico no recinto. \u201cTodos os anos sediamos o an\u00fancio da realeza e, novamente, o p\u00fablico aguarda com muita expectativa. A pra\u00e7a de alimenta\u00e7\u00e3o fica tomada pelas torcidas das candidatas nessa grande celebra\u00e7\u00e3o da hist\u00f3ria e das tradi\u00e7\u00f5es de Limeira\u201d, diz Sibelly Paganotti, coordenadora de marketing do P\u00e1tio Limeira Shopping.<\/p>\n<p class=\"wp-block-paragraph\">As eleitas ir\u00e3o representar a identidade cultural de Limeira. \u201c\u00c9 um t\u00edtulo que elas levam para a vida inteira. Nos enche de orgulho acompanhar a trajet\u00f3ria de todas depois do reinado. Muitas t\u00eam as vidas transformadas\u201d, comenta organizador do evento, Fabio D\u2019Andrea.<\/p>\n<p class=\"wp-block-paragraph\">O evento de Coroa\u00e7\u00e3o da Realeza conta com o patroc\u00ednio do Coco Bambu, restaurante que fica localizado na pra\u00e7a de alimenta\u00e7\u00e3o do P\u00e1tio Limeira Shopping, e que tamb\u00e9m far\u00e1 sorteio de brindes durante os tr\u00eas dias da Festa da Laranja 2026.<\/p>\n<p class=\"wp-block-paragraph\">Como j\u00e1 \u00e9 tradi\u00e7\u00e3o, a 14\u00aa edi\u00e7\u00e3o da Festa da Laranja reunir\u00e1 cultura, hist\u00f3ria, gastronomia, entretenimento e oportunidades de neg\u00f3cios. Em 2026, a festa ganha um significado ainda mais especial ao integrar as comemora\u00e7\u00f5es dos 200 anos de Limeira. Para marcar a ocasi\u00e3o, os expositores da pra\u00e7a de alimenta\u00e7\u00e3o foram desafiados a criar pelo menos um prato que tenha laranja, fruta s\u00edmbolo do munic\u00edpio, como ingrediente principal.<\/p>\n<p class=\"wp-block-paragraph\">Outro destaque ser\u00e1 o Parque de Expositores, que reunir\u00e1 dezenas de empresas dos mais diversos segmentos para apresentar produtos, servi\u00e7os e novidades ao p\u00fablico, fortalecendo o ambiente de neg\u00f3cios e incentivando o empreendedorismo local.<\/p>\n<p class=\"wp-block-paragraph\">A programa\u00e7\u00e3o tamb\u00e9m contar\u00e1 com shows musicais gratuitos para todos os p\u00fablicos. Entre as atra\u00e7\u00f5es confirmadas est\u00e3o os irm\u00e3os M\u00e1rcio &amp; Vav\u00e1 (25\/09), o roqueiro Supla (26\/09) e a dupla sertaneja raiz Craveiro e Cravinho (27\/08).<\/p>\n<p class=\"wp-block-paragraph\">A entrada ser\u00e1 gratuita, mediante doa\u00e7\u00e3o espont\u00e2nea de alimentos, que ser\u00e3o destinados a entidades assistenciais do munic\u00edpio.<\/p>\n<figure class=\"wp-block-image size-large\"><img data-recalc-dims=\"1\" data-lazyloaded=\"1\" fetchpriority=\"high\" decoding=\"async\" width=\"696\" height=\"392\" src=\"https:\/\/i0.wp.com\/dinamuscomunicacao.com.br\/wp-content\/uploads\/2026\/07\/WhatsApp-Image-2026-07-22-at-11.06.09-1024x576.jpeg?resize=696%2C392&#038;ssl=1\" alt=\"\" class=\"wp-image-6336\" srcset=\"https:\/\/dinamuscomunicacao.com.br\/wp-content\/uploads\/2026\/07\/WhatsApp-Image-2026-07-22-at-11.06.09-1024x576.jpeg 1024w, https:\/\/dinamuscomunicacao.com.br\/wp-content\/uploads\/2026\/07\/WhatsApp-Image-2026-07-22-at-11.06.09-300x169.jpeg 300w, https:\/\/dinamuscomunicacao.com.br\/wp-content\/uploads\/2026\/07\/WhatsApp-Image-2026-07-22-at-11.06.09-768x432.jpeg 768w, https:\/\/dinamuscomunicacao.com.br\/wp-content\/uploads\/2026\/07\/WhatsApp-Image-2026-07-22-at-11.06.09-1536x864.jpeg 1536w, https:\/\/dinamuscomunicacao.com.br\/wp-content\/uploads\/2026\/07\/WhatsApp-Image-2026-07-22-at-11.06.09.jpeg 1600w\" data-sizes=\"(max-width: 1024px) 100vw, 1024px\"\/><\/figure>\n<\/div>\n<p><br \/>\n<br \/><a href=\"https:\/\/dinamuscomunicacao.com.br\/patio-limeira-shopping-sedia-coroacao-da-realeza-da-festa-da-laranja-2026\/\" rel=\"noopener\"> Informa\u00e7\u00f5es: D\u00ednamus Comunica\u00e7\u00e3o <\/a><\/p>\n","protected":false},"excerpt":{"rendered":"<p>Evento acontece no s\u00e1bado, 25 de julho, no palco da pra\u00e7a de alimenta\u00e7\u00e3o O P\u00e1tio Limeira Shopping sedia no pr\u00f3ximo s\u00e1bado, 25 de julho, \u00e0s 17h, o evento de Coroa\u00e7\u00e3o da Realeza da Festa da Laranja 2026. O empreendimento \u00e9 patrocinador master do evento. As 10 candidatas aos t\u00edtulos de rainha, primeira e segunda princesas, [&hellip;]<\/p>\n","protected":false},"author":1,"featured_media":72784,"comment_status":"","ping_status":"open","sticky":false,"template":"","format":"standard","meta":{"_jetpack_newsletter_access":"","_jetpack_dont_email_post_to_subs":false,"_jetpack_newsletter_tier_id":0,"_jetpack_memberships_contains_paywalled_content":false,"_mbp_banners":[],"_jetpack_feature_clip_id":0,"_jetpack_memberships_contains_paid_content":false,"footnotes":"","jetpack_publicize_message":"","jetpack_publicize_feature_enabled":true,"jetpack_social_post_already_shared":true,"jetpack_social_options":{"image_generator_settings":{"template":"highway","default_image_id":0,"font":"","enabled":false},"version":2},"jetpack_post_was_ever_published":false},"categories":[16],"tags":[],"class_list":["post-72783","post","type-post","status-publish","format-standard","has-post-thumbnail","category-local"],"jetpack_publicize_connections":[],"jetpack-related-posts":[],"jetpack_shortlink":"https:\/\/wp.me\/p7Eq1F-iVV","jetpack_sharing_enabled":true,"jetpack_featured_media_url":"https:\/\/i0.wp.com\/guialimeira.com.br\/news\/wp-content\/uploads\/2026\/07\/WhatsApp-Image-2026-07-22-at-12.18.54.jpeg?fit=1600%2C1200&ssl=1","_links":{"self":[{"href":"https:\/\/guialimeira.com.br\/news\/wp-json\/wp\/v2\/posts\/72783","targetHints":{"allow":["GET"]}}],"collection":[{"href":"https:\/\/guialimeira.com.br\/news\/wp-json\/wp\/v2\/posts"}],"about":[{"href":"https:\/\/guialimeira.com.br\/news\/wp-json\/wp\/v2\/types\/post"}],"author":[{"embeddable":true,"href":"https:\/\/guialimeira.com.br\/news\/wp-json\/wp\/v2\/users\/1"}],"replies":[{"embeddable":true,"href":"https:\/\/guialimeira.com.br\/news\/wp-json\/wp\/v2\/comments?post=72783"}],"version-history":[{"count":0,"href":"https:\/\/guialimeira.com.br\/news\/wp-json\/wp\/v2\/posts\/72783\/revisions"}],"wp:featuredmedia":[{"embeddable":true,"href":"https:\/\/guialimeira.com.br\/news\/wp-json\/wp\/v2\/media\/72784"}],"wp:attachment":[{"href":"https:\/\/guialimeira.com.br\/news\/wp-json\/wp\/v2\/media?parent=72783"}],"wp:term":[{"taxonomy":"category","embeddable":true,"href":"https:\/\/guialimeira.com.br\/news\/wp-json\/wp\/v2\/categories?post=72783"},{"taxonomy":"post_tag","embeddable":true,"href":"https:\/\/guialimeira.com.br\/news\/wp-json\/wp\/v2\/tags?post=72783"}],"curies":[{"name":"wp","href":"https:\/\/api.w.org\/{rel}","templated":true}]}}