{"id":72780,"date":"2026-07-22T13:33:19","date_gmt":"2026-07-22T16:33:19","guid":{"rendered":"https:\/\/guialimeira.com.br\/marcos-oliveira-recebe-alta-apos-cirurgia-e-volta-para-o-retiro-dos-artistas\/"},"modified":"2026-07-22T13:33:19","modified_gmt":"2026-07-22T16:33:19","slug":"marcos-oliveira-recebe-alta-apos-cirurgia-e-volta-para-o-retiro-dos-artistas","status":"publish","type":"post","link":"https:\/\/guialimeira.com.br\/news\/marcos-oliveira-recebe-alta-apos-cirurgia-e-volta-para-o-retiro-dos-artistas\/","title":{"rendered":"Marcos Oliveira recebe alta ap\u00f3s cirurgia e volta para o Retiro dos Artistas"},"content":{"rendered":"<p>O ator Marcos Oliveira, que ficou conhecido pelo personagem Bei\u00e7ola em <em>A Grande Fam\u00edlia<\/em>, est\u00e1 novamente no Retiro dos Artistas. O artista, de 70 anos, retornou \u00e0 institui\u00e7\u00e3o nesta ter\u00e7a-feira (21\/7), depois de passar 18 dias internado para tratar um problema de sa\u00fade.<\/p>\n<p>Marcos foi submetido a uma cirurgia no in\u00edcio de julho para a retirada de um abscesso no per\u00edneo. O procedimento foi realizado no dia 2, e o ator permaneceu sob cuidados m\u00e9dicos at\u00e9 receber alta hospitalar.<\/p>\n<p>A chegada ao Retiro dos Artistas foi marcada por emo\u00e7\u00e3o. Em um v\u00eddeo publicado nas redes sociais da institui\u00e7\u00e3o, Marcos Oliveira falou sobre a felicidade de estar de volta ao local e reencontrar os amigos com quem convive diariamente.<\/p>\n<p>O ator tamb\u00e9m comentou sobre os momentos dif\u00edceis enfrentados durante o per\u00edodo de interna\u00e7\u00e3o. Apesar da experi\u00eancia delicada, ele demonstrou bom humor e comemorou a recupera\u00e7\u00e3o, destacando que conseguiu superar a fase complicada.<\/p>\n<p>Ao retornar, Marcos fez quest\u00e3o de apresentar alguns de seus companheiros e vizinhos. O reencontro marcou o fim de um per\u00edodo de afastamento e trouxe al\u00edvio para aqueles que acompanharam sua recupera\u00e7\u00e3o.<\/p>\n<p>Agora, o artista segue o processo de recupera\u00e7\u00e3o junto aos amigos do Retiro dos Artistas. A institui\u00e7\u00e3o tamb\u00e9m vem acompanhando de perto seu retorno \u00e0 rotina ap\u00f3s a alta m\u00e9dica.<\/p>\n<p><\/p>\n","protected":false},"excerpt":{"rendered":"<p>O ator Marcos Oliveira, que ficou conhecido pelo personagem Bei\u00e7ola em A Grande Fam\u00edlia, est\u00e1 novamente no Retiro dos Artistas. O artista, de 70 anos, retornou \u00e0 institui\u00e7\u00e3o nesta ter\u00e7a-feira (21\/7), depois de passar 18 dias internado para tratar um problema de sa\u00fade. Marcos foi submetido a uma cirurgia no in\u00edcio de julho para a [\u2026]<\/p>\n","protected":false},"author":5,"featured_media":0,"comment_status":"","ping_status":"open","sticky":false,"template":"","format":"standard","meta":{"_jetpack_newsletter_access":"","_jetpack_dont_email_post_to_subs":false,"_jetpack_newsletter_tier_id":0,"_jetpack_memberships_contains_paywalled_content":false,"_mbp_banners":[],"_jetpack_feature_clip_id":0,"_jetpack_memberships_contains_paid_content":false,"footnotes":"","jetpack_publicize_message":"","jetpack_publicize_feature_enabled":true,"jetpack_social_post_already_shared":true,"jetpack_social_options":{"image_generator_settings":{"template":"highway","default_image_id":0,"font":"","enabled":false},"version":2},"jetpack_post_was_ever_published":false},"categories":[],"tags":[],"class_list":["post-72780","post","type-post","status-publish","format-standard"],"jetpack_publicize_connections":[],"jetpack-related-posts":[],"jetpack_shortlink":"https:\/\/wp.me\/p7Eq1F-iVS","jetpack_sharing_enabled":true,"jetpack_featured_media_url":"","_links":{"self":[{"href":"https:\/\/guialimeira.com.br\/news\/wp-json\/wp\/v2\/posts\/72780","targetHints":{"allow":["GET"]}}],"collection":[{"href":"https:\/\/guialimeira.com.br\/news\/wp-json\/wp\/v2\/posts"}],"about":[{"href":"https:\/\/guialimeira.com.br\/news\/wp-json\/wp\/v2\/types\/post"}],"author":[{"embeddable":true,"href":"https:\/\/guialimeira.com.br\/news\/wp-json\/wp\/v2\/users\/5"}],"replies":[{"embeddable":true,"href":"https:\/\/guialimeira.com.br\/news\/wp-json\/wp\/v2\/comments?post=72780"}],"version-history":[{"count":0,"href":"https:\/\/guialimeira.com.br\/news\/wp-json\/wp\/v2\/posts\/72780\/revisions"}],"wp:attachment":[{"href":"https:\/\/guialimeira.com.br\/news\/wp-json\/wp\/v2\/media?parent=72780"}],"wp:term":[{"taxonomy":"category","embeddable":true,"href":"https:\/\/guialimeira.com.br\/news\/wp-json\/wp\/v2\/categories?post=72780"},{"taxonomy":"post_tag","embeddable":true,"href":"https:\/\/guialimeira.com.br\/news\/wp-json\/wp\/v2\/tags?post=72780"}],"curies":[{"name":"wp","href":"https:\/\/api.w.org\/{rel}","templated":true}]}}