{"id":72775,"date":"2026-07-22T13:23:26","date_gmt":"2026-07-22T16:23:26","guid":{"rendered":"https:\/\/guialimeira.com.br\/vini-jr-estreia-novo-visual-e-reconciliacao-com-virginia-fonseca-repercute-fora-do-brasil\/"},"modified":"2026-07-22T13:23:26","modified_gmt":"2026-07-22T16:23:26","slug":"vini-jr-estreia-novo-visual-e-reconciliacao-com-virginia-fonseca-repercute-fora-do-brasil","status":"publish","type":"post","link":"https:\/\/guialimeira.com.br\/news\/vini-jr-estreia-novo-visual-e-reconciliacao-com-virginia-fonseca-repercute-fora-do-brasil\/","title":{"rendered":"Vini Jr. estreia novo visual e reconcilia\u00e7\u00e3o com Virginia Fonseca repercute fora do Brasil"},"content":{"rendered":"<p>A nova apari\u00e7\u00e3o p\u00fablica de Vini Jr. ao lado de Virginia Fonseca chamou aten\u00e7\u00e3o n\u00e3o apenas dos brasileiros. A mudan\u00e7a no visual do jogador, que passou por uma harmoniza\u00e7\u00e3o facial ap\u00f3s retornar ao pa\u00eds, tamb\u00e9m foi destaque em ve\u00edculos da imprensa internacional.<\/p>\n<p>O atleta do Real Madrid surgiu com a apar\u00eancia renovada durante um evento realizado na segunda-feira (20\/7), ligado ao lan\u00e7amento da marca de Virginia. O momento acabou reunindo duas novidades envolvendo o casal: a transforma\u00e7\u00e3o no rosto de Vini Jr. e a confirma\u00e7\u00e3o de que os dois retomaram o relacionamento.<\/p>\n<p>A presen\u00e7a dos dois juntos encerrou as especula\u00e7\u00f5es que vinham circulando sobre uma poss\u00edvel reconcilia\u00e7\u00e3o. Ao aparecerem lado a lado publicamente, Vini Jr. e Virginia mostraram que est\u00e3o vivendo uma nova fase na rela\u00e7\u00e3o.<\/p>\n<p>No entanto, foi o rosto do jogador que inicialmente despertou a curiosidade do p\u00fablico. A transforma\u00e7\u00e3o est\u00e9tica foi rapidamente percebida pelos internautas e, posteriormente, ganhou espa\u00e7o em reportagens de outros pa\u00edses.<\/p>\n<p>A repercuss\u00e3o internacional destacou justamente a combina\u00e7\u00e3o entre a mudan\u00e7a na apar\u00eancia do craque e o retorno do relacionamento com a influenciadora. O assunto rapidamente se espalhou pelas redes sociais e chamou aten\u00e7\u00e3o de f\u00e3s de diferentes lugares.<\/p>\n<p>Conhecido mundialmente por sua carreira no futebol, Vini Jr. voltou a ser not\u00edcia por motivos que v\u00e3o al\u00e9m do esporte. A nova apar\u00eancia e a reaproxima\u00e7\u00e3o com Virginia Fonseca transformaram a participa\u00e7\u00e3o do jogador no evento em um dos assuntos mais comentados do momento.<\/p>\n<p><\/p>\n","protected":false},"excerpt":{"rendered":"<p>A nova apari\u00e7\u00e3o p\u00fablica de Vini Jr. ao lado de Virginia Fonseca chamou aten\u00e7\u00e3o n\u00e3o apenas dos brasileiros. A mudan\u00e7a no visual do jogador, que passou por uma harmoniza\u00e7\u00e3o facial ap\u00f3s retornar ao pa\u00eds, tamb\u00e9m foi destaque em ve\u00edculos da imprensa internacional. O atleta do Real Madrid surgiu com a apar\u00eancia renovada durante um evento [\u2026]<\/p>\n","protected":false},"author":5,"featured_media":0,"comment_status":"","ping_status":"open","sticky":false,"template":"","format":"standard","meta":{"_jetpack_newsletter_access":"","_jetpack_dont_email_post_to_subs":false,"_jetpack_newsletter_tier_id":0,"_jetpack_memberships_contains_paywalled_content":false,"_mbp_banners":[],"_jetpack_feature_clip_id":0,"_jetpack_memberships_contains_paid_content":false,"footnotes":"","jetpack_publicize_message":"","jetpack_publicize_feature_enabled":true,"jetpack_social_post_already_shared":true,"jetpack_social_options":{"image_generator_settings":{"template":"highway","default_image_id":0,"font":"","enabled":false},"version":2},"jetpack_post_was_ever_published":false},"categories":[],"tags":[],"class_list":["post-72775","post","type-post","status-publish","format-standard"],"jetpack_publicize_connections":[],"jetpack-related-posts":[],"jetpack_shortlink":"https:\/\/wp.me\/p7Eq1F-iVN","jetpack_sharing_enabled":true,"jetpack_featured_media_url":"","_links":{"self":[{"href":"https:\/\/guialimeira.com.br\/news\/wp-json\/wp\/v2\/posts\/72775","targetHints":{"allow":["GET"]}}],"collection":[{"href":"https:\/\/guialimeira.com.br\/news\/wp-json\/wp\/v2\/posts"}],"about":[{"href":"https:\/\/guialimeira.com.br\/news\/wp-json\/wp\/v2\/types\/post"}],"author":[{"embeddable":true,"href":"https:\/\/guialimeira.com.br\/news\/wp-json\/wp\/v2\/users\/5"}],"replies":[{"embeddable":true,"href":"https:\/\/guialimeira.com.br\/news\/wp-json\/wp\/v2\/comments?post=72775"}],"version-history":[{"count":0,"href":"https:\/\/guialimeira.com.br\/news\/wp-json\/wp\/v2\/posts\/72775\/revisions"}],"wp:attachment":[{"href":"https:\/\/guialimeira.com.br\/news\/wp-json\/wp\/v2\/media?parent=72775"}],"wp:term":[{"taxonomy":"category","embeddable":true,"href":"https:\/\/guialimeira.com.br\/news\/wp-json\/wp\/v2\/categories?post=72775"},{"taxonomy":"post_tag","embeddable":true,"href":"https:\/\/guialimeira.com.br\/news\/wp-json\/wp\/v2\/tags?post=72775"}],"curies":[{"name":"wp","href":"https:\/\/api.w.org\/{rel}","templated":true}]}}