{"id":72773,"date":"2026-07-22T13:16:03","date_gmt":"2026-07-22T16:16:03","guid":{"rendered":"https:\/\/guialimeira.com.br\/novo-visual-de-vini-jr-vira-assunto-nas-redes-e-mumuzinho-reage-as-comparacoes\/"},"modified":"2026-07-22T13:16:03","modified_gmt":"2026-07-22T16:16:03","slug":"novo-visual-de-vini-jr-vira-assunto-nas-redes-e-mumuzinho-reage-as-comparacoes","status":"publish","type":"post","link":"https:\/\/guialimeira.com.br\/news\/novo-visual-de-vini-jr-vira-assunto-nas-redes-e-mumuzinho-reage-as-comparacoes\/","title":{"rendered":"Novo visual de Vini Jr. vira assunto nas redes, e Mumuzinho reage \u00e0s compara\u00e7\u00f5es"},"content":{"rendered":"<p>Vini Jr. chamou a aten\u00e7\u00e3o ao surgir com uma apar\u00eancia diferente durante um evento em Goi\u00e2nia. A mudan\u00e7a no rosto do jogador rapidamente foi percebida pelos internautas, que passaram a fazer compara\u00e7\u00f5es bem-humoradas com o cantor Mumuzinho.<\/p>\n<p>A presen\u00e7a do atleta no evento, que tamb\u00e9m contou com Virginia Fonseca, acabou gerando grande repercuss\u00e3o nas redes sociais. Entre os coment\u00e1rios publicados pelos usu\u00e1rios, muitos apontaram uma suposta semelhan\u00e7a entre o novo visual de Vini Jr. e a apar\u00eancia do artista.<\/p>\n<p>A brincadeira chegou at\u00e9 Mumuzinho, que decidiu reagir \u00e0s compara\u00e7\u00f5es. Com bom humor, o cantor comentou sobre a repercuss\u00e3o e afirmou que o jogador estaria \u201cparecido\u201d com ele.<\/p>\n<p>A declara\u00e7\u00e3o divertiu os seguidores e ajudou a aumentar ainda mais a repercuss\u00e3o do assunto. O coment\u00e1rio do artista foi recebido de forma descontra\u00edda pelos internautas, que continuaram compartilhando opini\u00f5es sobre a transforma\u00e7\u00e3o na apar\u00eancia do jogador.<\/p>\n<p>Conhecido por seu destaque no futebol internacional, Vini Jr. tamb\u00e9m costuma chamar aten\u00e7\u00e3o fora dos gramados. Desta vez, entretanto, foi o visual do atleta que dominou as conversas nas redes sociais e acabou aproximando, de maneira inusitada, o nome do jogador ao de Mumuzinho.<\/p>\n<p><\/p>\n","protected":false},"excerpt":{"rendered":"<p>Vini Jr. chamou a aten\u00e7\u00e3o ao surgir com uma apar\u00eancia diferente durante um evento em Goi\u00e2nia. A mudan\u00e7a no rosto do jogador rapidamente foi percebida pelos internautas, que passaram a fazer compara\u00e7\u00f5es bem-humoradas com o cantor Mumuzinho. A presen\u00e7a do atleta no evento, que tamb\u00e9m contou com Virginia Fonseca, acabou gerando grande repercuss\u00e3o nas redes [\u2026]<\/p>\n","protected":false},"author":5,"featured_media":0,"comment_status":"","ping_status":"open","sticky":false,"template":"","format":"standard","meta":{"_jetpack_newsletter_access":"","_jetpack_dont_email_post_to_subs":false,"_jetpack_newsletter_tier_id":0,"_jetpack_memberships_contains_paywalled_content":false,"_mbp_banners":[],"_jetpack_feature_clip_id":0,"_jetpack_memberships_contains_paid_content":false,"footnotes":"","jetpack_publicize_message":"","jetpack_publicize_feature_enabled":true,"jetpack_social_post_already_shared":true,"jetpack_social_options":{"image_generator_settings":{"template":"highway","default_image_id":0,"font":"","enabled":false},"version":2},"jetpack_post_was_ever_published":false},"categories":[],"tags":[],"class_list":["post-72773","post","type-post","status-publish","format-standard"],"jetpack_publicize_connections":[],"jetpack-related-posts":[],"jetpack_shortlink":"https:\/\/wp.me\/p7Eq1F-iVL","jetpack_sharing_enabled":true,"jetpack_featured_media_url":"","_links":{"self":[{"href":"https:\/\/guialimeira.com.br\/news\/wp-json\/wp\/v2\/posts\/72773","targetHints":{"allow":["GET"]}}],"collection":[{"href":"https:\/\/guialimeira.com.br\/news\/wp-json\/wp\/v2\/posts"}],"about":[{"href":"https:\/\/guialimeira.com.br\/news\/wp-json\/wp\/v2\/types\/post"}],"author":[{"embeddable":true,"href":"https:\/\/guialimeira.com.br\/news\/wp-json\/wp\/v2\/users\/5"}],"replies":[{"embeddable":true,"href":"https:\/\/guialimeira.com.br\/news\/wp-json\/wp\/v2\/comments?post=72773"}],"version-history":[{"count":0,"href":"https:\/\/guialimeira.com.br\/news\/wp-json\/wp\/v2\/posts\/72773\/revisions"}],"wp:attachment":[{"href":"https:\/\/guialimeira.com.br\/news\/wp-json\/wp\/v2\/media?parent=72773"}],"wp:term":[{"taxonomy":"category","embeddable":true,"href":"https:\/\/guialimeira.com.br\/news\/wp-json\/wp\/v2\/categories?post=72773"},{"taxonomy":"post_tag","embeddable":true,"href":"https:\/\/guialimeira.com.br\/news\/wp-json\/wp\/v2\/tags?post=72773"}],"curies":[{"name":"wp","href":"https:\/\/api.w.org\/{rel}","templated":true}]}}