{"id":7272,"date":"2024-06-03T16:05:51","date_gmt":"2024-06-03T19:05:51","guid":{"rendered":"https:\/\/guialimeira.com.br\/2024\/06\/03\/adesao-ao-dia-do-desafio-aumenta-34-com-participacao-de-34-381-limeirenses\/"},"modified":"2024-06-03T16:05:51","modified_gmt":"2024-06-03T19:05:51","slug":"adesao-ao-dia-do-desafio-aumenta-34-com-participacao-de-34-381-limeirenses","status":"publish","type":"post","link":"https:\/\/guialimeira.com.br\/news\/adesao-ao-dia-do-desafio-aumenta-34-com-participacao-de-34-381-limeirenses\/","title":{"rendered":"Ades\u00e3o ao Dia do Desafio aumenta 34%, com participa\u00e7\u00e3o de 34.381 limeirenses"},"content":{"rendered":"<p> <br \/>\n<\/p>\n<div>\n            <main class=\"\">&#13;<br \/>\n                &#13;<br \/>\n&#13;<br \/>\n&#13;<br \/>\n&#13;<br \/>\n    <img data-recalc-dims=\"1\" decoding=\"async\" src=\"https:\/\/i0.wp.com\/ecrie.com.br\/sistema\/conteudos\/imagem\/m_137_0_1_03062024155403.jpg?w=696&#038;ssl=1\" alt=\"Ades\u00e3o ao Dia do Desafio aumenta 34%, com participa\u00e7\u00e3o de 34.381 limeirenses\"\/>&#13;<br \/>\n&#13;<\/p>\n<p>A\u00a030\u00aa edi\u00e7\u00e3o do Dia do Desafio, na quarta-feira (29), mobilizou 34.381\u00a0em Limeira, segundo atualiza\u00e7\u00e3o da Secretaria de Esporte e Lazer. Com atividades realizadas em centros comunit\u00e1rios, escolas p\u00fablicas e particulares, institui\u00e7\u00f5es diversas, academias de gin\u00e1stica, entre outros espa\u00e7os, a ades\u00e3o da popula\u00e7\u00e3o aumentou 34% em rela\u00e7\u00e3o ao ano passado. Com esse resultado, o munic\u00edpio conseguiu bater a meta do \u201cautodesafio\u201d, atual proposta dos organizadores do evento. Em anos anteriores, o desafio ocorria entre munic\u00edpios com popula\u00e7\u00e3o equivalente.<\/p>\n<p>&#13;<\/p>\n<p>No Edif\u00edcio Prada, sede da prefeitura, as atividades iniciaram-se logo pela manh\u00e3, com a Meia Maratona\u00a0e o\u00a0\u201cAul\u00e3o do Desafio\u201d. Na hora do almo\u00e7o, os servidores participaram ainda de uma aula de yoga. O Dia do Desafio \u00e9 uma campanha mundial que tem como principal objetivo quebrar a rotina sedent\u00e1ria,\u00a0estimulando a pr\u00e1tica de atividade f\u00edsica por, pelo menos, 15 minutos consecutivos.\u00a0No Brasil, a campanha \u00e9 liderada pela Tafisa (The Association For International Sport for All) e coordenada pelo\u00a0Sesc S\u00e3o Paulo.\u00a0<\/p>\n<p>&#13;<br \/>\n&#13;<br \/>\n&#13;<br \/>\n&#13;<\/p>\n<aside class=\"list-related no-print\">&#13;<br \/>\n        &#13;<br \/>\n&#13;<\/p>\n<article class=\"list-item noticias \">&#13;<br \/>\n                    <a class=\"list-item__img\" href=\"https:\/\/limeira.sp.gov.br\/imprensa\/noticias\/esporte-e-lazer\/acao-nas-pracas-esta-com-inscricoes-abertas-ate-o-dia-16\" tabindex=\"-1\" aria-hidden=\"true\" rel=\"noopener\">&#13;<br \/>\n                        <img data-recalc-dims=\"1\" decoding=\"async\" src=\"https:\/\/i0.wp.com\/ecrie.com.br\/sistema\/conteudos\/imagem\/m_137_18_67_15122022150125.jpg?w=696&#038;ssl=1\" alt=\"A\u00e7\u00e3o nas Pra\u00e7as est\u00e1 com inscri\u00e7\u00f5es abertas at\u00e9 o dia 16\"\/>&#13;<br \/>\n                    <\/a>&#13;<br \/>\n&#13;<br \/>\n                &#13;<br \/>\n            <\/article>\n<p>&#13;<\/p>\n<article class=\"list-item noticias \">&#13;<br \/>\n                    <a class=\"list-item__img\" href=\"https:\/\/limeira.sp.gov.br\/imprensa\/noticias\/esporte-e-lazer\/inscricoes-para-os-jogos-escolares-seguem-abertas\" tabindex=\"-1\" aria-hidden=\"true\" rel=\"noopener\">&#13;<br \/>\n                        <img data-recalc-dims=\"1\" decoding=\"async\" src=\"https:\/\/i0.wp.com\/ecrie.com.br\/sistema\/conteudos\/imagem\/m_137_0_1_03062024134201.jpg?w=696&#038;ssl=1\" alt=\"Inscri\u00e7\u00f5es para os Jogos Escolares seguem abertas\"\/>&#13;<br \/>\n                    <\/a>&#13;<br \/>\n&#13;<br \/>\n                &#13;<br \/>\n            <\/article>\n<p>&#13;<\/p>\n<article class=\"list-item noticias \">&#13;<br \/>\n                    <a class=\"list-item__img\" href=\"https:\/\/limeira.sp.gov.br\/imprensa\/noticias\/esporte-e-lazer\/5-rodada-da-copa-dos-campeoes-2024-sera-neste-domingo\" tabindex=\"-1\" aria-hidden=\"true\" rel=\"noopener\">&#13;<br \/>\n                        <img data-recalc-dims=\"1\" decoding=\"async\" src=\"https:\/\/i0.wp.com\/ecrie.com.br\/sistema\/conteudos\/imagem\/m_137_0_1_29052024122657.jpg?w=696&#038;ssl=1\" alt=\"5\u00aa rodada da Copa dos Campe\u00f5es 2024 ser\u00e1 neste domingo\"\/>&#13;<br \/>\n                    <\/a>&#13;<br \/>\n&#13;<br \/>\n                &#13;<br \/>\n            <\/article>\n<p>&#13;<br \/>\n    <\/aside>\n<p>&#13;<br \/>\n&#13;<br \/>\n            <\/main><\/p><\/div>\n<p><br \/>\n<br \/><a href=\"https:\/\/limeira.sp.gov.br\/adesao-ao-dia-do-desafio-aumenta-34-com-participacao-de-34381-limeirenses\" rel=\"noopener\">Informa\u00e7\u00f5es da PML <\/a><\/p>\n","protected":false},"excerpt":{"rendered":"<p>&#13; &#13; &#13; &#13; &#13; &#13; &#13; A\u00a030\u00aa edi\u00e7\u00e3o do Dia do Desafio, na quarta-feira (29), mobilizou 34.381\u00a0em Limeira, segundo atualiza\u00e7\u00e3o da Secretaria de Esporte e Lazer. Com atividades realizadas em centros comunit\u00e1rios, escolas p\u00fablicas e particulares, institui\u00e7\u00f5es diversas, academias de gin\u00e1stica, entre outros espa\u00e7os, a ades\u00e3o da popula\u00e7\u00e3o aumentou 34% em rela\u00e7\u00e3o ao ano [&hellip;]<\/p>\n","protected":false},"author":1,"featured_media":7273,"comment_status":"open","ping_status":"open","sticky":false,"template":"","format":"standard","meta":{"_jetpack_newsletter_access":"","_jetpack_dont_email_post_to_subs":false,"_jetpack_newsletter_tier_id":0,"_jetpack_memberships_contains_paywalled_content":false,"_mbp_banners":[],"_jetpack_feature_clip_id":0,"_jetpack_memberships_contains_paid_content":false,"footnotes":"","jetpack_publicize_message":"","jetpack_publicize_feature_enabled":true,"jetpack_social_post_already_shared":true,"jetpack_social_options":{"image_generator_settings":{"template":"highway","default_image_id":0,"font":"","enabled":false},"version":2},"jetpack_post_was_ever_published":false},"categories":[16],"tags":[],"class_list":["post-7272","post","type-post","status-publish","format-standard","has-post-thumbnail","category-local"],"jetpack_publicize_connections":[],"jetpack-related-posts":[],"jetpack_shortlink":"https:\/\/wp.me\/p7Eq1F-1Ti","jetpack_sharing_enabled":true,"jetpack_featured_media_url":"https:\/\/i0.wp.com\/guialimeira.com.br\/news\/wp-content\/uploads\/2024\/06\/m_137_0_1_03062024155403.jpg?fit=1108%2C584&ssl=1","_links":{"self":[{"href":"https:\/\/guialimeira.com.br\/news\/wp-json\/wp\/v2\/posts\/7272","targetHints":{"allow":["GET"]}}],"collection":[{"href":"https:\/\/guialimeira.com.br\/news\/wp-json\/wp\/v2\/posts"}],"about":[{"href":"https:\/\/guialimeira.com.br\/news\/wp-json\/wp\/v2\/types\/post"}],"author":[{"embeddable":true,"href":"https:\/\/guialimeira.com.br\/news\/wp-json\/wp\/v2\/users\/1"}],"replies":[{"embeddable":true,"href":"https:\/\/guialimeira.com.br\/news\/wp-json\/wp\/v2\/comments?post=7272"}],"version-history":[{"count":0,"href":"https:\/\/guialimeira.com.br\/news\/wp-json\/wp\/v2\/posts\/7272\/revisions"}],"wp:featuredmedia":[{"embeddable":true,"href":"https:\/\/guialimeira.com.br\/news\/wp-json\/wp\/v2\/media\/7273"}],"wp:attachment":[{"href":"https:\/\/guialimeira.com.br\/news\/wp-json\/wp\/v2\/media?parent=7272"}],"wp:term":[{"taxonomy":"category","embeddable":true,"href":"https:\/\/guialimeira.com.br\/news\/wp-json\/wp\/v2\/categories?post=7272"},{"taxonomy":"post_tag","embeddable":true,"href":"https:\/\/guialimeira.com.br\/news\/wp-json\/wp\/v2\/tags?post=7272"}],"curies":[{"name":"wp","href":"https:\/\/api.w.org\/{rel}","templated":true}]}}