{"id":72710,"date":"2026-07-21T16:49:18","date_gmt":"2026-07-21T19:49:18","guid":{"rendered":"https:\/\/guialimeira.com.br\/prefeitura-de-limeira-realiza-5a-audiencia-publica-para-apresentar-resultados-da-revisao-do-plano-diretor\/"},"modified":"2026-07-21T16:49:18","modified_gmt":"2026-07-21T19:49:18","slug":"prefeitura-de-limeira-realiza-5a-audiencia-publica-para-apresentar-resultados-da-revisao-do-plano-diretor","status":"publish","type":"post","link":"https:\/\/guialimeira.com.br\/news\/prefeitura-de-limeira-realiza-5a-audiencia-publica-para-apresentar-resultados-da-revisao-do-plano-diretor\/","title":{"rendered":"Prefeitura de Limeira realiza 5\u00aa Audi\u00eancia P\u00fablica para apresentar resultados da revis\u00e3o do Plano Diretor"},"content":{"rendered":"<p> <br \/>\n<\/p>\n<div>\n                <main class=\"\">&#13;<br \/>\n                    &#13;<br \/>\n&#13;<br \/>\n&#13;<br \/>\n&#13;<br \/>\n&#13;<br \/>\n&#13;<br \/>\n    <img data-recalc-dims=\"1\" decoding=\"async\" src=\"https:\/\/i0.wp.com\/ecrie.com.br\/sistema\/conteudos\/imagem\/m_137_0_1_19062026180125.jpeg?w=696&#038;ssl=1\" alt=\"Prefeitura de Limeira realiza 5\u00aa Audi\u00eancia P\u00fablica para apresentar resultados da revis\u00e3o do Plano Diretor\"\/>&#13;<br \/>\n&#13;<br \/>\n&#13;<\/p>\n<p style=\"text-align: justify;\">A Prefeitura de Limeira realiza, no dia 6 de agosto, das 17h \u00e0s 22h, a 5\u00aa Audi\u00eancia P\u00fablica da revis\u00e3o do Plano Diretor. O encontro ocorrer\u00e1 no anfiteatro da Faculdade de Tecnologia (FT) da Unicamp e ter\u00e1 como objetivo apresentar os resultados da an\u00e1lise das contribui\u00e7\u00f5es recebidas durante o processo participativo, al\u00e9m da minuta do Projeto de Lei que trata da revis\u00e3o do instrumento de planejamento urbano do munic\u00edpio.<\/p>\n<p>&#13;<\/p>\n<p style=\"text-align: justify;\">A realiza\u00e7\u00e3o de uma nova audi\u00eancia foi definida ap\u00f3s a ampla participa\u00e7\u00e3o popular registrada no \u00faltimo encontro. A medida busca garantir maior transpar\u00eancia ao processo e possibilitar a apresenta\u00e7\u00e3o dos resultados das an\u00e1lises das emendas e sugest\u00f5es encaminhadas pela popula\u00e7\u00e3o \u00e0 minuta do Projeto de Lei.<\/p>\n<p>&#13;<\/p>\n<p style=\"text-align: justify;\">O Plano Diretor \u00e9 o principal instrumento de planejamento urbano de Limeira e estabelece diretrizes para o desenvolvimento do munic\u00edpio nos pr\u00f3ximos dez anos. \u201cA participa\u00e7\u00e3o da sociedade \u00e9 fundamental para qualificar o debate t\u00e9cnico e ampliar a escuta da sociedade civil organizada, contribuindo de forma significativa para a constru\u00e7\u00e3o de uma cidade mais equilibrada, inclusiva e sustent\u00e1vel\u201d, destaca a secret\u00e1ria de Planejamento e Urbanismo, Ana Cristina Machado.<\/p>\n<p>&#13;<\/p>\n<p style=\"text-align: justify;\">Os interessados podem encaminhar sugest\u00f5es, contribui\u00e7\u00f5es e propostas de emenda \u00e0 minuta do Projeto de Lei at\u00e9 o dia 2 de agosto, pelo e-mail (<a href=\"https:\/\/limeira.sp.gov.br\/cdn-cgi\/l\/email-protection\" class=\"__cf_email__\" data-cfemail=\"c3b3afa2adaca7aab1a6b7acb183afaaaea6aab1a2edb0b3eda4acb5eda1b1\" rel=\"noopener\">[email\u00a0protected]<\/a>). As contribui\u00e7\u00f5es devem identificar de forma clara o dispositivo ou conte\u00fado a que se referem, para subsidiar a an\u00e1lise t\u00e9cnica da Equipe T\u00e9cnica Municipal e da consultoria respons\u00e1vel pela revis\u00e3o.<\/p>\n<p>&#13;<\/p>\n<p style=\"text-align: justify;\">A audi\u00eancia ter\u00e1 transmiss\u00e3o ao vivo pelo canal oficial da Prefeitura de Limeira no YouTube. Os arquivos, apresenta\u00e7\u00f5es e demais documentos relacionados \u00e0 revis\u00e3o do Plano Diretor est\u00e3o dispon\u00edveis para consulta no link: www.limeira.sp.gov.br\/plano-diretor<\/p>\n<p>&#13;<\/p>\n<p style=\"text-align: justify;\">Servi\u00e7o<\/p>\n<p>&#13;<\/p>\n<p style=\"text-align: justify;\">5\u00aa Audi\u00eancia P\u00fablica da Revis\u00e3o do Plano Diretor<\/p>\n<p>&#13;<\/p>\n<p style=\"text-align: justify;\">Data: 6 de agosto (quinta-feira)<br \/>Local: Faculdade de Tecnologia (FT) da Unicamp \u2013 Anfiteatro PA-07<br \/>Rua Paschoal Marmo, 188 \u2013 Jardim Nova It\u00e1lia<\/p>\n<p>&#13;<\/p>\n<p style=\"text-align: justify;\">Mais informa\u00e7\u00f5es:<br \/><a href=\"http:\/\/www.limeira.sp.gov.br\/plano-diretor\" rel=\"noopener\">www.limeira.sp.gov.br\/plano-diretor<\/a><\/p>\n<p>&#13;<br \/>\n&#13;<br \/>\n&#13;<br \/>\n&#13;<\/p>\n<article class=\"conteudo-relacionado no-print\">&#13;<br \/>\n        &#13;<br \/>\n&#13;<br \/>\n        &#13;<br \/>\n    <\/article>\n<p>&#13;<br \/>\n&#13;<br \/>\n                <\/main><\/p><\/div>\n<p><br \/>\n<br \/><a href=\"https:\/\/limeira.sp.gov.br\/prefeitura-de-limeira-realiza-5-audiencia-publica-para-apresentar-resultados-da-revisao-do-plano-diretor\" rel=\"noopener\">Informa\u00e7\u00f5es da PML <\/a><\/p>\n","protected":false},"excerpt":{"rendered":"<p>&#13; &#13; &#13; &#13; &#13; &#13; &#13; &#13; &#13; &#13; A Prefeitura de Limeira realiza, no dia 6 de agosto, das 17h \u00e0s 22h, a 5\u00aa Audi\u00eancia P\u00fablica da revis\u00e3o do Plano Diretor. O encontro ocorrer\u00e1 no anfiteatro da Faculdade de Tecnologia (FT) da Unicamp e ter\u00e1 como objetivo apresentar os resultados da an\u00e1lise das [&hellip;]<\/p>\n","protected":false},"author":1,"featured_media":72711,"comment_status":"","ping_status":"open","sticky":false,"template":"","format":"standard","meta":{"_jetpack_newsletter_access":"","_jetpack_dont_email_post_to_subs":false,"_jetpack_newsletter_tier_id":0,"_jetpack_memberships_contains_paywalled_content":false,"_mbp_banners":[],"_jetpack_feature_clip_id":0,"_jetpack_memberships_contains_paid_content":false,"footnotes":"","jetpack_publicize_message":"","jetpack_publicize_feature_enabled":true,"jetpack_social_post_already_shared":true,"jetpack_social_options":{"image_generator_settings":{"template":"highway","default_image_id":0,"font":"","enabled":false},"version":2},"jetpack_post_was_ever_published":false},"categories":[16],"tags":[],"class_list":["post-72710","post","type-post","status-publish","format-standard","has-post-thumbnail","category-local"],"jetpack_publicize_connections":[],"jetpack-related-posts":[],"jetpack_shortlink":"https:\/\/wp.me\/p7Eq1F-iUK","jetpack_sharing_enabled":true,"jetpack_featured_media_url":"https:\/\/i0.wp.com\/guialimeira.com.br\/news\/wp-content\/uploads\/2026\/07\/m_137_0_1_19062026180125.jpeg?fit=1024%2C576&ssl=1","_links":{"self":[{"href":"https:\/\/guialimeira.com.br\/news\/wp-json\/wp\/v2\/posts\/72710","targetHints":{"allow":["GET"]}}],"collection":[{"href":"https:\/\/guialimeira.com.br\/news\/wp-json\/wp\/v2\/posts"}],"about":[{"href":"https:\/\/guialimeira.com.br\/news\/wp-json\/wp\/v2\/types\/post"}],"author":[{"embeddable":true,"href":"https:\/\/guialimeira.com.br\/news\/wp-json\/wp\/v2\/users\/1"}],"replies":[{"embeddable":true,"href":"https:\/\/guialimeira.com.br\/news\/wp-json\/wp\/v2\/comments?post=72710"}],"version-history":[{"count":0,"href":"https:\/\/guialimeira.com.br\/news\/wp-json\/wp\/v2\/posts\/72710\/revisions"}],"wp:featuredmedia":[{"embeddable":true,"href":"https:\/\/guialimeira.com.br\/news\/wp-json\/wp\/v2\/media\/72711"}],"wp:attachment":[{"href":"https:\/\/guialimeira.com.br\/news\/wp-json\/wp\/v2\/media?parent=72710"}],"wp:term":[{"taxonomy":"category","embeddable":true,"href":"https:\/\/guialimeira.com.br\/news\/wp-json\/wp\/v2\/categories?post=72710"},{"taxonomy":"post_tag","embeddable":true,"href":"https:\/\/guialimeira.com.br\/news\/wp-json\/wp\/v2\/tags?post=72710"}],"curies":[{"name":"wp","href":"https:\/\/api.w.org\/{rel}","templated":true}]}}