{"id":72705,"date":"2026-07-21T15:43:32","date_gmt":"2026-07-21T18:43:32","guid":{"rendered":"https:\/\/guialimeira.com.br\/limeira-reune-representantes-de-mais-de-50-cidades-em-forum-de-cidades-digitais-e-inteligentes\/"},"modified":"2026-07-21T15:43:32","modified_gmt":"2026-07-21T18:43:32","slug":"limeira-reune-representantes-de-mais-de-50-cidades-em-forum-de-cidades-digitais-e-inteligentes","status":"publish","type":"post","link":"https:\/\/guialimeira.com.br\/news\/limeira-reune-representantes-de-mais-de-50-cidades-em-forum-de-cidades-digitais-e-inteligentes\/","title":{"rendered":"Limeira re\u00fane representantes de mais de 50 cidades em F\u00f3rum de Cidades Digitais e Inteligentes"},"content":{"rendered":"<p> <br \/>\n<\/p>\n<div id=\"\">&#13;<br \/>\n                    &#13;<br \/>\n&#13;<br \/>\n&#13;<br \/>\n&#13;<br \/>\n&#13;<br \/>\n&#13;<br \/>\n    <img data-recalc-dims=\"1\" decoding=\"async\" src=\"https:\/\/i0.wp.com\/ecrie.com.br\/sistema\/conteudos\/imagem\/m_137_0_1_21072026153600.jpeg?w=696&#038;ssl=1\" alt=\"Limeira re\u00fane representantes de mais de 50 cidades em F\u00f3rum de Cidades Digitais e Inteligentes\"\/>&#13;<br \/>\n&#13;<br \/>\n&#13;<\/p>\n<p>Limeira recebe, nesta quinta-feira (23), representantes de mais de 50 munic\u00edpios paulistas para o F\u00f3rum de Cidades Digitais e Inteligentes, um dos principais eventos do interior do Estado voltados \u00e0 inova\u00e7\u00e3o e \u00e0 transforma\u00e7\u00e3o digital na administra\u00e7\u00e3o p\u00fablica. O encontro re\u00fane prefeitos, vice-prefeitos, secret\u00e1rios municipais, vereadores, servidores p\u00fablicos, especialistas e empresas de tecnologia para compartilhar experi\u00eancias e apresentar solu\u00e7\u00f5es que tornam a gest\u00e3o p\u00fablica mais eficiente, moderna e conectada \u00e0s necessidades da popula\u00e7\u00e3o.<\/p>\n<p>&#13;<\/p>\n<p>Promovido pela Rede Cidade Digital (RCD), em parceria com a Prefeitura de Limeira e com apoio institucional da Associa\u00e7\u00e3o dos Munic\u00edpios de Pequeno e M\u00e9dio Porte do Estado de S\u00e3o Paulo (AMPPESP), o evento ser\u00e1 realizado no campus da UNIP e contar\u00e1 com uma programa\u00e7\u00e3o voltada ao interc\u00e2mbio de boas pr\u00e1ticas e ao debate sobre os desafios da inova\u00e7\u00e3o no setor p\u00fablico.<\/p>\n<p>&#13;<\/p>\n<p>Durante todo o dia, os participantes acompanhar\u00e3o palestras e pain\u00e9is sobre temas estrat\u00e9gicos, como intelig\u00eancia artificial aplicada aos servi\u00e7os p\u00fablicos, cidades inteligentes, ciberseguran\u00e7a, transforma\u00e7\u00e3o digital, conectividade, atendimento ao cidad\u00e3o, infraestrutura tecnol\u00f3gica, inova\u00e7\u00e3o e efici\u00eancia administrativa.<\/p>\n<p>&#13;<\/p>\n<p>Entre os palestrantes confirmados est\u00e3o o prefeito de Limeira, Murilo F\u00e9lix, al\u00e9m de representantes das prefeituras de S\u00e3o Carlos, \u00c1guas de S\u00e3o Pedro, Mat\u00e3o, Nova Europa, Ribeir\u00e3o Bonito e Caraguatatuba, al\u00e9m de especialistas de institui\u00e7\u00f5es e empresas que atuam nas \u00e1reas de tecnologia e inova\u00e7\u00e3o.<\/p>\n<p>&#13;<\/p>\n<p>Para o prefeito Murilo F\u00e9lix, sediar o encontro refor\u00e7a o protagonismo de Limeira na constru\u00e7\u00e3o de uma gest\u00e3o p\u00fablica cada vez mais inovadora.&#8221;Receber gestores de mais de 50 cidades demonstra que Limeira vem se consolidando como refer\u00eancia em transforma\u00e7\u00e3o digital e inova\u00e7\u00e3o na administra\u00e7\u00e3o p\u00fablica. \u00c9 uma oportunidade para compartilhar experi\u00eancias, conhecer solu\u00e7\u00f5es bem-sucedidas e fortalecer uma rede de munic\u00edpios comprometidos com uma gest\u00e3o mais eficiente, transparente e preparada para o futuro&#8221;, destaca.<\/p>\n<p>&#13;<\/p>\n<p>As inscri\u00e7\u00f5es continuam abertas e s\u00e3o gratuitas para prefeitos, vice-prefeitos, secret\u00e1rios municipais, vereadores, servidores p\u00fablicos, representantes de universidades e de entidades interessadas na moderniza\u00e7\u00e3o da gest\u00e3o p\u00fablica. A programa\u00e7\u00e3o completa e as inscri\u00e7\u00f5es est\u00e3o dispon\u00edveis na plataforma Sympla.<\/p>\n<p>&#13;<\/p>\n<p><strong>Servi\u00e7o:<\/strong> <br \/>F\u00f3rum de Cidades Digitais e Inteligentes de Limeira<br \/>Data: 23 de julho de 2026 (quinta-feira)<br \/>Hor\u00e1rio: das 8h \u00e0s 17h<br \/>Local: UNIP Campus Limeira \u2013 Rua Miguel Guidote, 405 \u2013 Parque Egisto Ragazzo \u2013 Limeira (SP)<br \/>Inscri\u00e7\u00f5es gratuitas: https:\/\/www.sympla.com.br\/evento\/forum-de-cidades-digitais-e-inteligentes-de-limeira\/3249587<\/p>\n<p>&#13;<br \/>\n&#13;<br \/>\n&#13;<br \/>\n&#13;<\/p>\n<article class=\"conteudo-relacionado no-print\">&#13;<br \/>\n        &#13;<br \/>\n&#13;<br \/>\n        &#13;<br \/>\n    <\/article>\n<p>&#13;<br \/>\n&#13;\n                <\/p><\/div>\n<p><br \/>\n<br \/><a href=\"https:\/\/limeira.sp.gov.br\/limeira-reune-representantes-de-mais-de-50-cidades-em-forum-de-cidades-digitais-e-inteligentes\" rel=\"noopener\">Informa\u00e7\u00f5es da PML <\/a><\/p>\n","protected":false},"excerpt":{"rendered":"<p>&#13; &#13; &#13; &#13; &#13; &#13; &#13; &#13; &#13; &#13; Limeira recebe, nesta quinta-feira (23), representantes de mais de 50 munic\u00edpios paulistas para o F\u00f3rum de Cidades Digitais e Inteligentes, um dos principais eventos do interior do Estado voltados \u00e0 inova\u00e7\u00e3o e \u00e0 transforma\u00e7\u00e3o digital na administra\u00e7\u00e3o p\u00fablica. O encontro re\u00fane prefeitos, vice-prefeitos, secret\u00e1rios municipais, [&hellip;]<\/p>\n","protected":false},"author":1,"featured_media":72706,"comment_status":"","ping_status":"open","sticky":false,"template":"","format":"standard","meta":{"_jetpack_newsletter_access":"","_jetpack_dont_email_post_to_subs":false,"_jetpack_newsletter_tier_id":0,"_jetpack_memberships_contains_paywalled_content":false,"_mbp_banners":[],"_jetpack_feature_clip_id":0,"_jetpack_memberships_contains_paid_content":false,"footnotes":"","jetpack_publicize_message":"","jetpack_publicize_feature_enabled":true,"jetpack_social_post_already_shared":true,"jetpack_social_options":{"image_generator_settings":{"template":"highway","default_image_id":0,"font":"","enabled":false},"version":2},"jetpack_post_was_ever_published":false},"categories":[16],"tags":[],"class_list":["post-72705","post","type-post","status-publish","format-standard","has-post-thumbnail","category-local"],"jetpack_publicize_connections":[],"jetpack-related-posts":[],"jetpack_shortlink":"https:\/\/wp.me\/p7Eq1F-iUF","jetpack_sharing_enabled":true,"jetpack_featured_media_url":"https:\/\/i0.wp.com\/guialimeira.com.br\/news\/wp-content\/uploads\/2026\/07\/m_137_0_1_21072026153600.jpeg?fit=1024%2C576&ssl=1","_links":{"self":[{"href":"https:\/\/guialimeira.com.br\/news\/wp-json\/wp\/v2\/posts\/72705","targetHints":{"allow":["GET"]}}],"collection":[{"href":"https:\/\/guialimeira.com.br\/news\/wp-json\/wp\/v2\/posts"}],"about":[{"href":"https:\/\/guialimeira.com.br\/news\/wp-json\/wp\/v2\/types\/post"}],"author":[{"embeddable":true,"href":"https:\/\/guialimeira.com.br\/news\/wp-json\/wp\/v2\/users\/1"}],"replies":[{"embeddable":true,"href":"https:\/\/guialimeira.com.br\/news\/wp-json\/wp\/v2\/comments?post=72705"}],"version-history":[{"count":0,"href":"https:\/\/guialimeira.com.br\/news\/wp-json\/wp\/v2\/posts\/72705\/revisions"}],"wp:featuredmedia":[{"embeddable":true,"href":"https:\/\/guialimeira.com.br\/news\/wp-json\/wp\/v2\/media\/72706"}],"wp:attachment":[{"href":"https:\/\/guialimeira.com.br\/news\/wp-json\/wp\/v2\/media?parent=72705"}],"wp:term":[{"taxonomy":"category","embeddable":true,"href":"https:\/\/guialimeira.com.br\/news\/wp-json\/wp\/v2\/categories?post=72705"},{"taxonomy":"post_tag","embeddable":true,"href":"https:\/\/guialimeira.com.br\/news\/wp-json\/wp\/v2\/tags?post=72705"}],"curies":[{"name":"wp","href":"https:\/\/api.w.org\/{rel}","templated":true}]}}