{"id":7268,"date":"2024-06-03T16:02:02","date_gmt":"2024-06-03T19:02:02","guid":{"rendered":"https:\/\/guialimeira.com.br\/2024\/06\/03\/governo-prorroga-vacinacao-contra-gripe-durante-todo-o-mes-de-junho\/"},"modified":"2024-06-03T16:02:02","modified_gmt":"2024-06-03T19:02:02","slug":"governo-prorroga-vacinacao-contra-gripe-durante-todo-o-mes-de-junho","status":"publish","type":"post","link":"https:\/\/guialimeira.com.br\/news\/governo-prorroga-vacinacao-contra-gripe-durante-todo-o-mes-de-junho\/","title":{"rendered":"Governo prorroga vacina\u00e7\u00e3o contra gripe durante todo o m\u00eas de junho"},"content":{"rendered":"<p> <br \/>\n<\/p>\n<div id=\"\">&#13;<br \/>\n                                <!-- Title -->&#13;<br \/>\n                                &#13;<br \/>\n&#13;<br \/>\n                                <!-- Excerpt -->&#13;<\/p>\n<p class=\"excerpt\">Imuniza\u00e7\u00e3o que est\u00e1 dispon\u00edvel para toda a popula\u00e7\u00e3o acima dos 6 meses de idade \u00e9 a forma de preven\u00e7\u00e3o mais segura para evitar complica\u00e7\u00f5es<\/p>\n<p>&#13;<br \/>\n&#13;<br \/>\n                                &#13;\n                            <\/p><\/div>\n<div id=\"\">&#13;<\/p>\n<p><iframe loading=\"lazy\" title=\"Governo de SP prorroga vacina\u00e7\u00e3o contra gripe durante todo o m\u00eas de junho by Governo do Estado de S\u00e3o Paulo\" width=\"587\" height=\"330\" scrolling=\"no\" frameborder=\"no\" src=\"https:\/\/w.soundcloud.com\/player\/?visual=true&amp;url=https%3A%2F%2Fapi.soundcloud.com%2Ftracks%2F1836717111&amp;show_artwork=true&amp;maxheight=330&amp;maxwidth=587\"><\/iframe><\/p>\n<p>O Governo de S\u00e3o Paulo, por meio da Secretaria de Estado da Sa\u00fade (SES), prorrogou a vacina\u00e7\u00e3o contra a gripe para toda a popula\u00e7\u00e3o paulista acima dos 6 meses de idade durante todo o m\u00eas de junho. O objetivo da amplia\u00e7\u00e3o \u00e9 atualizar a situa\u00e7\u00e3o vacinal e aumentar a cobertura contra a <em>Influenza<\/em>. Para garantir a imuniza\u00e7\u00e3o, \u00e9 necess\u00e1rio comparecer a uma Unidade B\u00e1sica de Sa\u00fade (UBS) mais pr\u00f3xima de sua casa.<\/p>\n<p>Considerada a forma de preven\u00e7\u00e3o mais eficaz contra o v\u00edrus da <em>Influenza<\/em>, respons\u00e1vel pelas infec\u00e7\u00f5es respirat\u00f3rias, a vacina\u00e7\u00e3o evita complica\u00e7\u00f5es e o agravamento da doen\u00e7a. \u201cGripes e resfriados, se n\u00e3o tratados adequadamente, podem evoluir para uma infec\u00e7\u00e3o local ou das vias respirat\u00f3rias, e at\u00e9 mesmo pneumonia. Portanto, a vacina \u00e9 a melhor maneira de se proteger contra a infec\u00e7\u00e3o pelo v\u00edrus\u201d, afirma a diretora do Centro de Vigil\u00e2ncia Epidemiol\u00f3gica (CVE) da SES, Tatiana Lang D\u2019Agostini.<\/p>\n<p>A a\u00e7\u00e3o divulgada pela SES nos 645 munic\u00edpios paulistas vacinou, entre mar\u00e7o e maio deste ano, 29,7% dos grupos priorit\u00e1rios, que abrangem crian\u00e7as entre 6 meses e 6 anos, gestantes, pu\u00e9rperas, professores do ensino b\u00e1sico, idosos, entre outros.<\/p>\n<p>De acordo com a diretora, em 2023, foi registrada uma cobertura de 53% em todo o estado. \u201cA meta para esta campanha \u00e9 que ela supere os n\u00fameros do ano anterior, fazendo com que o m\u00e1ximo de pessoas estejam imunizadas\u201d, acrescenta.<\/p>\n<p>Vale refor\u00e7ar que o per\u00edodo entre o outono e o inverno favorece o aumento dos casos de gripe e as suas complica\u00e7\u00f5es devido \u00e0s condi\u00e7\u00f5es clim\u00e1ticas e maior circula\u00e7\u00e3o do v\u00edrus. A SES orienta que a imuniza\u00e7\u00e3o seja realizada anualmente, anteriormente \u00e0 chegada do inverno, para que os anticorpos gerem a prote\u00e7\u00e3o necess\u00e1ria o quanto antes.<\/p>\n<h3>D\u00favidas sobre a vacina\u00e7\u00e3o?<\/h3>\n<p>O Governo de S\u00e3o Paulo, por meio da SES, criou o portal \u201cVacina 100 D\u00favidas\u201d com as perguntas mais frequentes sobre vacina\u00e7\u00e3o nos buscadores da internet. A plataforma esclarece quest\u00f5es como efeitos colaterais, efic\u00e1cia das vacinas, doen\u00e7as imunopreven\u00edveis e quais os perigos ao n\u00e3o se imunizar. O acesso est\u00e1 dispon\u00edvel no link: <a href=\"https:\/\/www.vacina100duvidas.sp.gov.br\" target=\"_blank\" rel=\"noopener noreferrer\">https:\/\/www.vacina100duvidas.sp.gov.br<\/a><\/p>\n<p>Siga o canal \u201cGoverno de S\u00e3o Paulo\u201d no WhatsApp:<br \/><a href=\"https:\/\/bit.ly\/govspnozap\" target=\"_blank\" rel=\"noopener noreferrer\">https:\/\/bit.ly\/govspnozap<\/a><\/p>\n<\/p><\/div>\n<p><br \/>\n<br \/><a href=\"https:\/\/www.saopaulo.sp.gov.br\/spnoticias\/ultimas-noticias\/governo-de-sp-prorroga-vacinacao-contra-a-gripe-durante-todo-o-mes-de-junho\/\" rel=\"noopener\">Informa\u00e7\u00f5es GOV.SP<\/a><\/p>\n","protected":false},"excerpt":{"rendered":"<p>&#13; &#13; &#13; &#13; &#13; Imuniza\u00e7\u00e3o que est\u00e1 dispon\u00edvel para toda a popula\u00e7\u00e3o acima dos 6 meses de idade \u00e9 a forma de preven\u00e7\u00e3o mais segura para evitar complica\u00e7\u00f5es &#13; &#13; &#13; &#13; O Governo de S\u00e3o Paulo, por meio da Secretaria de Estado da Sa\u00fade (SES), prorrogou a vacina\u00e7\u00e3o contra a gripe para toda [&hellip;]<\/p>\n","protected":false},"author":1,"featured_media":238,"comment_status":"open","ping_status":"open","sticky":false,"template":"","format":"standard","meta":{"_jetpack_newsletter_access":"","_jetpack_dont_email_post_to_subs":false,"_jetpack_newsletter_tier_id":0,"_jetpack_memberships_contains_paywalled_content":false,"_mbp_banners":[],"_jetpack_feature_clip_id":0,"_jetpack_memberships_contains_paid_content":false,"footnotes":"","jetpack_publicize_message":"","jetpack_publicize_feature_enabled":true,"jetpack_social_post_already_shared":true,"jetpack_social_options":{"image_generator_settings":{"template":"highway","default_image_id":0,"font":"","enabled":false},"version":2},"jetpack_post_was_ever_published":false},"categories":[21],"tags":[],"class_list":["post-7268","post","type-post","status-publish","format-standard","has-post-thumbnail","category-sp-news"],"jetpack_publicize_connections":[],"jetpack-related-posts":[],"jetpack_shortlink":"https:\/\/wp.me\/p7Eq1F-1Te","jetpack_sharing_enabled":true,"jetpack_featured_media_url":"https:\/\/i0.wp.com\/guialimeira.com.br\/news\/wp-content\/uploads\/2024\/03\/cover.png?fit=650%2C650&ssl=1","_links":{"self":[{"href":"https:\/\/guialimeira.com.br\/news\/wp-json\/wp\/v2\/posts\/7268","targetHints":{"allow":["GET"]}}],"collection":[{"href":"https:\/\/guialimeira.com.br\/news\/wp-json\/wp\/v2\/posts"}],"about":[{"href":"https:\/\/guialimeira.com.br\/news\/wp-json\/wp\/v2\/types\/post"}],"author":[{"embeddable":true,"href":"https:\/\/guialimeira.com.br\/news\/wp-json\/wp\/v2\/users\/1"}],"replies":[{"embeddable":true,"href":"https:\/\/guialimeira.com.br\/news\/wp-json\/wp\/v2\/comments?post=7268"}],"version-history":[{"count":0,"href":"https:\/\/guialimeira.com.br\/news\/wp-json\/wp\/v2\/posts\/7268\/revisions"}],"wp:featuredmedia":[{"embeddable":true,"href":"https:\/\/guialimeira.com.br\/news\/wp-json\/wp\/v2\/media\/238"}],"wp:attachment":[{"href":"https:\/\/guialimeira.com.br\/news\/wp-json\/wp\/v2\/media?parent=7268"}],"wp:term":[{"taxonomy":"category","embeddable":true,"href":"https:\/\/guialimeira.com.br\/news\/wp-json\/wp\/v2\/categories?post=7268"},{"taxonomy":"post_tag","embeddable":true,"href":"https:\/\/guialimeira.com.br\/news\/wp-json\/wp\/v2\/tags?post=7268"}],"curies":[{"name":"wp","href":"https:\/\/api.w.org\/{rel}","templated":true}]}}