{"id":72678,"date":"2026-07-21T09:52:18","date_gmt":"2026-07-21T12:52:18","guid":{"rendered":"https:\/\/guialimeira.com.br\/prefeitura-abre-inscricoes-para-curso-gratuito-sobre-seguranca-no-uso-de-aplicativos-e-redes-sociais\/"},"modified":"2026-07-21T09:52:18","modified_gmt":"2026-07-21T12:52:18","slug":"prefeitura-abre-inscricoes-para-curso-gratuito-sobre-seguranca-no-uso-de-aplicativos-e-redes-sociais","status":"publish","type":"post","link":"https:\/\/guialimeira.com.br\/news\/prefeitura-abre-inscricoes-para-curso-gratuito-sobre-seguranca-no-uso-de-aplicativos-e-redes-sociais\/","title":{"rendered":"Prefeitura abre inscri\u00e7\u00f5es para curso gratuito sobre seguran\u00e7a no uso de aplicativos e redes sociais"},"content":{"rendered":"<p> <br \/>\n<\/p>\n<div>\n                <main class=\"\">&#13;<br \/>\n                    &#13;<br \/>\n&#13;<br \/>\n&#13;<br \/>\n&#13;<br \/>\n&#13;<br \/>\n&#13;<br \/>\n    <img data-recalc-dims=\"1\" decoding=\"async\" src=\"https:\/\/i0.wp.com\/ecrie.com.br\/sistema\/conteudos\/imagem\/m_137_0_1_21072026094805.jpg?w=696&#038;ssl=1\" alt=\"Prefeitura abre inscri\u00e7\u00f5es para curso gratuito sobre seguran\u00e7a no uso de aplicativos e redes sociais\"\/>&#13;<br \/>\n&#13;<br \/>\n&#13;<\/p>\n<p style=\"text-align: justify;\">A Secretaria de Promo\u00e7\u00e3o Social, em parceria com o Senai, abre nesta ter\u00e7a-feira (21) as inscri\u00e7\u00f5es para a terceira turma do curso gratuito &#8220;Uso consciente e seguro do WhatsApp e Instagram com dispositivos m\u00f3veis&#8221;. As aulas ocorrer\u00e3o entre 10 de agosto e 21 de setembro, sempre \u00e0s segundas e ter\u00e7as-feiras, das 8h \u00e0s 12h, no NAC, localizado na Avenida Dr. Lauro Corr\u00eaa da Silva, n\u00ba 3.800.<\/p>\n<p>&#13;<\/p>\n<p style=\"text-align: justify;\">Podem participar moradores de Limeira com 18 anos ou mais, ensino fundamental completo e que possuam smartphone com sistema Android ou iOS. As inscri\u00e7\u00f5es podem ser feitas de forma on-line, por meio de formul\u00e1rio: <a href=\"https:\/\/forms.gle\/pkzS8kgA15oYtPCGA\" rel=\"noopener\">https:\/\/forms.gle\/pkzS8kgA15oYtPCGA<\/a>, ou presencialmente no N\u00facleo de Atendimento ao Cidad\u00e3o (NAC). S\u00e3o oferecidas 20 vagas, preenchidas por ordem de inscri\u00e7\u00e3o.<\/p>\n<p>&#13;<\/p>\n<p style=\"text-align: justify;\">Com carga hor\u00e1ria de 40 horas, o curso abordar\u00e1 recursos de personaliza\u00e7\u00e3o de perfis, configura\u00e7\u00f5es de privacidade, autentica\u00e7\u00e3o em dois fatores e prote\u00e7\u00e3o contra v\u00edrus e malwares. Os participantes tamb\u00e9m aprender\u00e3o a gerenciar grupos e intera\u00e7\u00f5es com mais seguran\u00e7a, al\u00e9m de identificar perfis falsos, mensagens fraudulentas e golpes aplicados em redes sociais e compras on-line.<\/p>\n<p>&#13;<\/p>\n<p style=\"text-align: justify;\"><strong>SERVI\u00c7O<\/strong><\/p>\n<p>&#13;<\/p>\n<p style=\"text-align: justify;\">Curso: \u201cUso consciente e seguro do WhatsApp e Instagram com dispositivos m\u00f3veis\u201d<br \/>Inscri\u00e7\u00f5es: a partir de 21 de julho<br \/>Como se inscrever: on-line, pelo formul\u00e1rio <a href=\"https:\/\/forms.gle\/pkzS8kgA15oYtPCGA\" rel=\"noopener\">https:\/\/forms.gle\/pkzS8kgA15oYtPCGA<\/a>, ou presencialmente no NAC<br \/>Vagas: 20, preenchidas por ordem de inscri\u00e7\u00e3o<br \/>P\u00fablico-alvo: moradores de Limeira com 18 anos ou mais, ensino fundamental completo e smartphone (Android ou iOS)<br \/>Per\u00edodo das aulas: de 10 de agosto a 21 de setembro, \u00e0s segundas e ter\u00e7as-feiras, das 8h \u00e0s 12h<br \/>Local: N\u00facleo de Atendimento ao Cidad\u00e3o (NAC) \u2013 Avenida Dr. Lauro Corr\u00eaa da Silva, n\u00ba 3.800.<\/p>\n<p>&#13;<br \/>\n&#13;<br \/>\n&#13;<br \/>\n&#13;<\/p>\n<article class=\"conteudo-relacionado no-print\">&#13;<br \/>\n        &#13;<br \/>\n&#13;<br \/>\n        &#13;<br \/>\n    <\/article>\n<p>&#13;<br \/>\n&#13;<br \/>\n                <\/main><\/p><\/div>\n<p><br \/>\n<br \/><a href=\"https:\/\/limeira.sp.gov.br\/prefeitura-abre-inscricoes-para-curso-gratuito-sobre-seguranca-no-uso-de-aplicativos-e-redes-sociais\" rel=\"noopener\">Informa\u00e7\u00f5es da PML <\/a><\/p>\n","protected":false},"excerpt":{"rendered":"<p>&#13; &#13; &#13; &#13; &#13; &#13; &#13; &#13; &#13; &#13; A Secretaria de Promo\u00e7\u00e3o Social, em parceria com o Senai, abre nesta ter\u00e7a-feira (21) as inscri\u00e7\u00f5es para a terceira turma do curso gratuito &#8220;Uso consciente e seguro do WhatsApp e Instagram com dispositivos m\u00f3veis&#8221;. As aulas ocorrer\u00e3o entre 10 de agosto e 21 de setembro, [&hellip;]<\/p>\n","protected":false},"author":1,"featured_media":72679,"comment_status":"","ping_status":"open","sticky":false,"template":"","format":"standard","meta":{"_jetpack_newsletter_access":"","_jetpack_dont_email_post_to_subs":false,"_jetpack_newsletter_tier_id":0,"_jetpack_memberships_contains_paywalled_content":false,"_mbp_banners":[],"_jetpack_feature_clip_id":0,"_jetpack_memberships_contains_paid_content":false,"footnotes":"","jetpack_publicize_message":"","jetpack_publicize_feature_enabled":true,"jetpack_social_post_already_shared":true,"jetpack_social_options":{"image_generator_settings":{"template":"highway","default_image_id":0,"font":"","enabled":false},"version":2},"jetpack_post_was_ever_published":false},"categories":[16],"tags":[],"class_list":["post-72678","post","type-post","status-publish","format-standard","has-post-thumbnail","category-local"],"jetpack_publicize_connections":[],"jetpack-related-posts":[],"jetpack_shortlink":"https:\/\/wp.me\/p7Eq1F-iUe","jetpack_sharing_enabled":true,"jetpack_featured_media_url":"https:\/\/i0.wp.com\/guialimeira.com.br\/news\/wp-content\/uploads\/2026\/07\/m_137_0_1_21072026094805.jpg?fit=1024%2C682&ssl=1","_links":{"self":[{"href":"https:\/\/guialimeira.com.br\/news\/wp-json\/wp\/v2\/posts\/72678","targetHints":{"allow":["GET"]}}],"collection":[{"href":"https:\/\/guialimeira.com.br\/news\/wp-json\/wp\/v2\/posts"}],"about":[{"href":"https:\/\/guialimeira.com.br\/news\/wp-json\/wp\/v2\/types\/post"}],"author":[{"embeddable":true,"href":"https:\/\/guialimeira.com.br\/news\/wp-json\/wp\/v2\/users\/1"}],"replies":[{"embeddable":true,"href":"https:\/\/guialimeira.com.br\/news\/wp-json\/wp\/v2\/comments?post=72678"}],"version-history":[{"count":0,"href":"https:\/\/guialimeira.com.br\/news\/wp-json\/wp\/v2\/posts\/72678\/revisions"}],"wp:featuredmedia":[{"embeddable":true,"href":"https:\/\/guialimeira.com.br\/news\/wp-json\/wp\/v2\/media\/72679"}],"wp:attachment":[{"href":"https:\/\/guialimeira.com.br\/news\/wp-json\/wp\/v2\/media?parent=72678"}],"wp:term":[{"taxonomy":"category","embeddable":true,"href":"https:\/\/guialimeira.com.br\/news\/wp-json\/wp\/v2\/categories?post=72678"},{"taxonomy":"post_tag","embeddable":true,"href":"https:\/\/guialimeira.com.br\/news\/wp-json\/wp\/v2\/tags?post=72678"}],"curies":[{"name":"wp","href":"https:\/\/api.w.org\/{rel}","templated":true}]}}