{"id":7263,"date":"2024-06-03T15:04:53","date_gmt":"2024-06-03T18:04:53","guid":{"rendered":"https:\/\/guialimeira.com.br\/2024\/06\/03\/orquestra-apresenta-concerto-a-trindade-vienense-nesta-quarta-5\/"},"modified":"2024-06-03T15:04:53","modified_gmt":"2024-06-03T18:04:53","slug":"orquestra-apresenta-concerto-a-trindade-vienense-nesta-quarta-5","status":"publish","type":"post","link":"https:\/\/guialimeira.com.br\/news\/orquestra-apresenta-concerto-a-trindade-vienense-nesta-quarta-5\/","title":{"rendered":"Orquestra apresenta concerto \u201cA Trindade Vienense\u201d nesta quarta (5)"},"content":{"rendered":"<p> <br \/>\n<\/p>\n<div>\n            <main class=\"\">&#13;<br \/>\n                &#13;<br \/>\n&#13;<br \/>\n&#13;<br \/>\n&#13;<br \/>\n    <img data-recalc-dims=\"1\" decoding=\"async\" src=\"https:\/\/i0.wp.com\/ecrie.com.br\/sistema\/conteudos\/imagem\/m_137_0_1_03062024144654.jpg?w=696&#038;ssl=1\" alt=\"Orquestra apresenta concerto \u201cA Trindade Vienense\u201d nesta quarta (5)\"\/>&#13;<br \/>\n&#13;<\/p>\n<p dir=\"ltr\" style=\"text-align: justify;\">Nesta quarta-feira (5), a Orquestra Sinf\u00f4nica de Limeira apresenta o concerto gratuito \u201cA Trindade Vienense\u201d, na Par\u00f3quia Santa Rita, \u00e0s 20h30. O concerto comp\u00f5e a S\u00e9rie Relic\u00e1rio, homenageando grandes g\u00eanios que sintetizam a m\u00fasica no per\u00edodo cl\u00e1ssico: Haydn, Mozart e Beethoven. A realiza\u00e7\u00e3o \u00e9 da Sociedade Pr\u00f3-Sinf\u00f4nica de Limeira e Prefeitura de Limeira, por meio da Secretaria de Cultura.<\/p>\n<p>&#13;<\/p>\n<p dir=\"ltr\" style=\"text-align: justify;\">Joseph Haydn foi amigo de Mozart e professor de Beethoven. Considerado como o \u201cPai da Sinfonia\u201d e o \u201cPai do Quarteto de Cordas\u201d, Haydn foi decisivo para o desenvolvimento dessas formas. Seu amigo, Wolfgang Amadeus Mozart era um prol\u00edfico e influente compositor austr\u00edaco do per\u00edodo cl\u00e1ssico, mostrando uma habilidade musical prodigiosa desde sua inf\u00e2ncia. J\u00e1 Ludwig Van Beethoven foi um compositor, regente e pianista alem\u00e3o; a Nona Sinfonia, conhecida tamb\u00e9m como Sinfonia Coral, foi a obra que o consagrou em todo o mundo. Os tr\u00eas, formaram assim, uma Trindade Cl\u00e1ssica Vienense.<\/p>\n<p>&#13;<\/p>\n<p dir=\"ltr\" style=\"text-align: justify;\">\u00c9 como afirmou Don Jos\u00e9 de Castro y Serrano: \u201cSe for poss\u00edvel reunir em uma s\u00edntese estes tr\u00eas maestros, aos quais a natureza concedeu a gra\u00e7a de fixar a linguagem da m\u00fasica, dir\u00edamos que todos juntos e cada um representavam os tr\u00eas caracteres da arte em sua perfei\u00e7\u00e3o filos\u00f3fica, ou seja, a beleza, a verdade e a bondade; em cujo caso, sem desprover a ningu\u00e9m das tr\u00eas qualidades, complementar\u00edamos: Haydn representa o verdadeiro, Mozart o belo e Beethoven o bom\u201d.<\/p>\n<p>&#13;<\/p>\n<p dir=\"ltr\" style=\"text-align: justify;\">O concerto tem como convidado o solista \u00a0Mateus Avancini,\u00a0acompanhado do seu fagote. A reg\u00eancia \u00e9 do maestro Rodrigo M\u00fcller.<\/p>\n<p>&#13;<br \/>\n&#13;<br \/>\n&#13;<br \/>\n&#13;<\/p>\n<aside class=\"list-related no-print\">&#13;<br \/>\n        &#13;<br \/>\n&#13;<\/p>\n<article class=\"list-item noticias \">&#13;<br \/>\n                    <a class=\"list-item__img\" href=\"https:\/\/limeira.sp.gov.br\/imprensa\/noticias\/cultura\/verso-e-voz-e-destaque-da-semana-programacao-tambem-traz-concertos-filme-e-outros-eventos\" tabindex=\"-1\" aria-hidden=\"true\" rel=\"noopener\">&#13;<br \/>\n                        <img data-recalc-dims=\"1\" decoding=\"async\" src=\"https:\/\/i0.wp.com\/ecrie.com.br\/sistema\/conteudos\/imagem\/m_137_0_1_03062024144305.jpeg?w=696&#038;ssl=1\" alt=\"Verso e Voz \u00e9 destaque da semana; programa\u00e7\u00e3o tamb\u00e9m traz concertos, filme e outros eventos\"\/>&#13;<br \/>\n                    <\/a>&#13;<br \/>\n&#13;<br \/>\n                &#13;<br \/>\n            <\/article>\n<p>&#13;<\/p>\n<article class=\"list-item noticias \">&#13;<br \/>\n                    <a class=\"list-item__img\" href=\"https:\/\/limeira.sp.gov.br\/imprensa\/noticias\/cultura\/festa-junina-municipal-e-verso-e-voz-sao-destaques-da-programacao-cultural-do-mes\" tabindex=\"-1\" aria-hidden=\"true\" rel=\"noopener\">&#13;<br \/>\n                        <img data-recalc-dims=\"1\" decoding=\"async\" src=\"https:\/\/i0.wp.com\/ecrie.com.br\/sistema\/conteudos\/imagem\/m_137_0_1_30042024141915.jpeg?w=696&#038;ssl=1\" alt=\"Festa Junina Municipal e Verso e Voz s\u00e3o destaques da programa\u00e7\u00e3o cultural do m\u00eas\"\/>&#13;<br \/>\n                    <\/a>&#13;<br \/>\n&#13;<br \/>\n                &#13;<br \/>\n            <\/article>\n<p>&#13;<\/p>\n<article class=\"list-item noticias \">&#13;<br \/>\n                    <a class=\"list-item__img\" href=\"https:\/\/limeira.sp.gov.br\/imprensa\/noticias\/cultura\/teatro-vitoria-recebe-patrulha-canina-neste-domingo-2\" tabindex=\"-1\" aria-hidden=\"true\" rel=\"noopener\">&#13;<br \/>\n                        <img data-recalc-dims=\"1\" decoding=\"async\" src=\"https:\/\/i0.wp.com\/ecrie.com.br\/sistema\/conteudos\/imagem\/m_137_0_1_29052024144402.jpeg?w=696&#038;ssl=1\" alt=\"Teatro Vit\u00f3ria recebe Patrulha Canina neste domingo (2)\"\/>&#13;<br \/>\n                    <\/a>&#13;<br \/>\n&#13;<br \/>\n                &#13;<br \/>\n            <\/article>\n<p>&#13;<br \/>\n    <\/aside>\n<p>&#13;<br \/>\n&#13;<br \/>\n            <\/main><\/p><\/div>\n<p><br \/>\n<br \/><a href=\"https:\/\/limeira.sp.gov.br\/orquestra-apresenta-concerto-a-trindade-vienense-nesta-quarta-5\" rel=\"noopener\">Informa\u00e7\u00f5es da PML <\/a><\/p>\n","protected":false},"excerpt":{"rendered":"<p>&#13; &#13; &#13; &#13; &#13; &#13; &#13; Nesta quarta-feira (5), a Orquestra Sinf\u00f4nica de Limeira apresenta o concerto gratuito \u201cA Trindade Vienense\u201d, na Par\u00f3quia Santa Rita, \u00e0s 20h30. O concerto comp\u00f5e a S\u00e9rie Relic\u00e1rio, homenageando grandes g\u00eanios que sintetizam a m\u00fasica no per\u00edodo cl\u00e1ssico: Haydn, Mozart e Beethoven. A realiza\u00e7\u00e3o \u00e9 da Sociedade Pr\u00f3-Sinf\u00f4nica de [&hellip;]<\/p>\n","protected":false},"author":1,"featured_media":7264,"comment_status":"open","ping_status":"open","sticky":false,"template":"","format":"standard","meta":{"_jetpack_newsletter_access":"","_jetpack_dont_email_post_to_subs":false,"_jetpack_newsletter_tier_id":0,"_jetpack_memberships_contains_paywalled_content":false,"_mbp_banners":[],"_jetpack_feature_clip_id":0,"_jetpack_memberships_contains_paid_content":false,"footnotes":"","jetpack_publicize_message":"","jetpack_publicize_feature_enabled":true,"jetpack_social_post_already_shared":true,"jetpack_social_options":{"image_generator_settings":{"template":"highway","default_image_id":0,"font":"","enabled":false},"version":2},"jetpack_post_was_ever_published":false},"categories":[16],"tags":[],"class_list":["post-7263","post","type-post","status-publish","format-standard","has-post-thumbnail","category-local"],"jetpack_publicize_connections":[],"jetpack-related-posts":[],"jetpack_shortlink":"https:\/\/wp.me\/p7Eq1F-1T9","jetpack_sharing_enabled":true,"jetpack_featured_media_url":"https:\/\/i0.wp.com\/guialimeira.com.br\/news\/wp-content\/uploads\/2024\/06\/m_137_0_1_03062024144654.jpg?fit=579%2C722&ssl=1","_links":{"self":[{"href":"https:\/\/guialimeira.com.br\/news\/wp-json\/wp\/v2\/posts\/7263","targetHints":{"allow":["GET"]}}],"collection":[{"href":"https:\/\/guialimeira.com.br\/news\/wp-json\/wp\/v2\/posts"}],"about":[{"href":"https:\/\/guialimeira.com.br\/news\/wp-json\/wp\/v2\/types\/post"}],"author":[{"embeddable":true,"href":"https:\/\/guialimeira.com.br\/news\/wp-json\/wp\/v2\/users\/1"}],"replies":[{"embeddable":true,"href":"https:\/\/guialimeira.com.br\/news\/wp-json\/wp\/v2\/comments?post=7263"}],"version-history":[{"count":0,"href":"https:\/\/guialimeira.com.br\/news\/wp-json\/wp\/v2\/posts\/7263\/revisions"}],"wp:featuredmedia":[{"embeddable":true,"href":"https:\/\/guialimeira.com.br\/news\/wp-json\/wp\/v2\/media\/7264"}],"wp:attachment":[{"href":"https:\/\/guialimeira.com.br\/news\/wp-json\/wp\/v2\/media?parent=7263"}],"wp:term":[{"taxonomy":"category","embeddable":true,"href":"https:\/\/guialimeira.com.br\/news\/wp-json\/wp\/v2\/categories?post=7263"},{"taxonomy":"post_tag","embeddable":true,"href":"https:\/\/guialimeira.com.br\/news\/wp-json\/wp\/v2\/tags?post=7263"}],"curies":[{"name":"wp","href":"https:\/\/api.w.org\/{rel}","templated":true}]}}