{"id":72624,"date":"2026-07-20T15:59:19","date_gmt":"2026-07-20T18:59:19","guid":{"rendered":"https:\/\/guialimeira.com.br\/?p=72624"},"modified":"2026-07-20T15:59:24","modified_gmt":"2026-07-20T18:59:24","slug":"9o-festival-da-semijoia-movimenta-limeira-de-23-a-25-de-julho","status":"publish","type":"post","link":"https:\/\/guialimeira.com.br\/news\/9o-festival-da-semijoia-movimenta-limeira-de-23-a-25-de-julho\/","title":{"rendered":"9\u00ba Festival da Semijoia movimenta Limeira de 23 a 25 de julho\u00a0"},"content":{"rendered":"\n<p class=\"wp-block-paragraph\"><em>Mais de 50 lojas participantes reunir\u00e3o tend\u00eancias, oportunidades de compra e uma campanha exclusiva de brindes durante os tr\u00eas dias de evento<\/em><\/p>\n\n\n\n<p class=\"wp-block-paragraph\">Limeira, reconhecida nacionalmente como um dos principais polos de joias folheadas e semijoias do Brasil, recebe entre os dias 23 e 25 de julho a 9\u00aa edi\u00e7\u00e3o do Festival da Semijoia de Limeira. O evento ser\u00e1 realizado na Avenida Costa e Silva, reunindo mais de 50 lojas participantes em uma grande vitrine de tend\u00eancias, qualidade e excelentes oportunidades de compra.<\/p>\n\n\n\n<p class=\"wp-block-paragraph\">Durante os tr\u00eas dias de festival, consumidores de Limeira e regi\u00e3o, poder\u00e3o conhecer lan\u00e7amentos, cole\u00e7\u00f5es exclusivas e aproveitar condi\u00e7\u00f5es especiais oferecidas pelas empresas participantes. O evento \u00e9 voltado para revendedores e para pessoas que querem iniciar seu neg\u00f3cio em semijoias.<\/p>\n\n\n\n<p class=\"wp-block-paragraph\">Uma das novidades desta edi\u00e7\u00e3o \u00e9 o cart\u00e3o Raspe e Ganhe. A cada R$ 500,00 em compras, o consumidor ter\u00e1 direito a uma raspadinha exclusiva, que d\u00e1 a chance de conquistar brindes incr\u00edveis. Para participar, basta apresentar os comprovantes de compra e retirar a raspadinha no Estande Oficial do Festival.<\/p>\n\n\n\n<p class=\"wp-block-paragraph\">Al\u00e9m da diversidade de produtos, o festival contar\u00e1 com pra\u00e7a de alimenta\u00e7\u00e3o com food trucks, proporcionando uma experi\u00eancia completa para os visitantes durante o evento.<\/p>\n\n\n\n<p class=\"wp-block-paragraph\">Promovido pela ACIL, com o apoio do Sicom\u00e9rcio, da CPL de Joias Folheadas de Limeira e da Secretaria de desenvolvimento econ\u00f4mico de Limeira.<\/p>\n\n\n\n<p class=\"wp-block-paragraph\">O Festival da Semijoia fortalece o com\u00e9rcio local, impulsiona o turismo de compras e movimenta a economia de Limeira, atraindo consumidores de diversas cidades em busca de qualidade, inova\u00e7\u00e3o e bons neg\u00f3cios. A iniciativa refor\u00e7a o protagonismo do munic\u00edpio como um dos maiores centros produtores de semijoias do pa\u00eds.<\/p>\n\n\n\n<p class=\"wp-block-paragraph\">O Festival da Semijoia ser\u00e1 realizado nos dias 23 e 24 de julho, das 9h \u00e0s 19h, e no dia 25 de julho, das 9h \u00e0s 15h, na Avenida Costa e Silva. A entrada \u00e9 gratuita.<\/p>\n\n\n\n<p class=\"wp-block-paragraph\">Para conferir a programa\u00e7\u00e3o e a rela\u00e7\u00e3o completa das lojas participantes, acesse o perfil do instagram do Festival da Semijoia, @festivaldasemijoia.<\/p>\n","protected":false},"excerpt":{"rendered":"<p>Mais de 50 lojas participantes reunir\u00e3o tend\u00eancias, oportunidades de compra e uma campanha exclusiva de brindes durante os tr\u00eas dias de evento Limeira, reconhecida nacionalmente como um dos principais polos de joias folheadas e semijoias do Brasil, recebe entre os dias 23 e 25 de julho a 9\u00aa edi\u00e7\u00e3o do Festival da Semijoia de Limeira. [&hellip;]<\/p>\n","protected":false},"author":1,"featured_media":72625,"comment_status":"closed","ping_status":"open","sticky":false,"template":"","format":"standard","meta":{"_jetpack_newsletter_access":"","_jetpack_dont_email_post_to_subs":false,"_jetpack_newsletter_tier_id":0,"_jetpack_memberships_contains_paywalled_content":false,"_mbp_banners":[],"_jetpack_feature_clip_id":0,"_jetpack_memberships_contains_paid_content":false,"footnotes":"","jetpack_publicize_message":"","jetpack_publicize_feature_enabled":true,"jetpack_social_post_already_shared":true,"jetpack_social_options":{"image_generator_settings":{"template":"highway","default_image_id":0,"font":"","enabled":false},"version":2},"jetpack_post_was_ever_published":false},"categories":[16],"tags":[],"class_list":["post-72624","post","type-post","status-publish","format-standard","has-post-thumbnail","category-local"],"jetpack_publicize_connections":[],"jetpack-related-posts":[],"jetpack_shortlink":"https:\/\/wp.me\/p7Eq1F-iTm","jetpack_sharing_enabled":true,"jetpack_featured_media_url":"https:\/\/i0.wp.com\/guialimeira.com.br\/news\/wp-content\/uploads\/2026\/07\/unnamed-3.jpg?fit=1600%2C1066&ssl=1","_links":{"self":[{"href":"https:\/\/guialimeira.com.br\/news\/wp-json\/wp\/v2\/posts\/72624","targetHints":{"allow":["GET"]}}],"collection":[{"href":"https:\/\/guialimeira.com.br\/news\/wp-json\/wp\/v2\/posts"}],"about":[{"href":"https:\/\/guialimeira.com.br\/news\/wp-json\/wp\/v2\/types\/post"}],"author":[{"embeddable":true,"href":"https:\/\/guialimeira.com.br\/news\/wp-json\/wp\/v2\/users\/1"}],"replies":[{"embeddable":true,"href":"https:\/\/guialimeira.com.br\/news\/wp-json\/wp\/v2\/comments?post=72624"}],"version-history":[{"count":1,"href":"https:\/\/guialimeira.com.br\/news\/wp-json\/wp\/v2\/posts\/72624\/revisions"}],"predecessor-version":[{"id":72626,"href":"https:\/\/guialimeira.com.br\/news\/wp-json\/wp\/v2\/posts\/72624\/revisions\/72626"}],"wp:featuredmedia":[{"embeddable":true,"href":"https:\/\/guialimeira.com.br\/news\/wp-json\/wp\/v2\/media\/72625"}],"wp:attachment":[{"href":"https:\/\/guialimeira.com.br\/news\/wp-json\/wp\/v2\/media?parent=72624"}],"wp:term":[{"taxonomy":"category","embeddable":true,"href":"https:\/\/guialimeira.com.br\/news\/wp-json\/wp\/v2\/categories?post=72624"},{"taxonomy":"post_tag","embeddable":true,"href":"https:\/\/guialimeira.com.br\/news\/wp-json\/wp\/v2\/tags?post=72624"}],"curies":[{"name":"wp","href":"https:\/\/api.w.org\/{rel}","templated":true}]}}