{"id":72598,"date":"2026-07-20T10:03:24","date_gmt":"2026-07-20T13:03:24","guid":{"rendered":"https:\/\/guialimeira.com.br\/prefeitura-renova-frota-para-transporte-de-pacientes-e-atendimento-domiciliar-em-limeira\/"},"modified":"2026-07-20T10:03:24","modified_gmt":"2026-07-20T13:03:24","slug":"prefeitura-renova-frota-para-transporte-de-pacientes-e-atendimento-domiciliar-em-limeira","status":"publish","type":"post","link":"https:\/\/guialimeira.com.br\/news\/prefeitura-renova-frota-para-transporte-de-pacientes-e-atendimento-domiciliar-em-limeira\/","title":{"rendered":"Prefeitura renova frota para transporte de pacientes e atendimento domiciliar em Limeira"},"content":{"rendered":"<p> <br \/>\n<\/p>\n<div>\n                <main class=\"\">&#13;<br \/>\n                    &#13;<br \/>\n&#13;<br \/>\n&#13;<br \/>\n&#13;<br \/>\n&#13;<br \/>\n&#13;<br \/>\n    <img data-recalc-dims=\"1\" decoding=\"async\" src=\"https:\/\/i0.wp.com\/ecrie.com.br\/sistema\/conteudos\/imagem\/m_137_0_1_20072026095111.jpeg?w=696&#038;ssl=1\" alt=\"Prefeitura renova frota para transporte de pacientes e atendimento domiciliar em Limeira\"\/>&#13;<br \/>\n&#13;<br \/>\n&#13;<\/p>\n<p style=\"text-align: justify;\">A Prefeitura de Limeira segue investindo na moderniza\u00e7\u00e3o da frota da Secretaria de Sa\u00fade. Desta vez, quatro novos ve\u00edculos de sete lugares passam a integrar o servi\u00e7o de transporte de pacientes que realizam consultas, exames e tratamentos em outras cidades. Os autom\u00f3veis substituem carros antigos, oferecendo mais conforto, seguran\u00e7a e confiabilidade aos usu\u00e1rios.<\/p>\n<p>&#13;<\/p>\n<p style=\"text-align: justify;\">Os novos ve\u00edculos s\u00e3o equipados com tecnologias de seguran\u00e7a de \u00faltima gera\u00e7\u00e3o e ser\u00e3o utilizados no deslocamento de pacientes para hospitais de refer\u00eancia, como o Hospital de Cl\u00ednicas da Unicamp, em Campinas, e o Incor, em S\u00e3o Paulo. Somente em 2025, o servi\u00e7o de transporte da Secretaria de Sa\u00fade j\u00e1 atendeu mais de 50 mil pacientes.<\/p>\n<p>&#13;<\/p>\n<p style=\"text-align: justify;\">Para o Prefeito Murilo F\u00e9lix, a renova\u00e7\u00e3o chega em um momento de alta demanda pelo servi\u00e7o. &#8220;S\u00e3o pessoas que est\u00e3o passando por um momento dif\u00edcil de sa\u00fade. Nosso objetivo \u00e9 amenizar essa dificuldade, oferecendo mais dignidade, seguran\u00e7a e conforto no transporte&#8221;, afirmou o prefeito Murilo F\u00e9lix.<\/p>\n<p>&#13;<\/p>\n<p style=\"text-align: justify;\">A renova\u00e7\u00e3o faz parte do trabalho cont\u00ednuo de fortalecimento da estrutura da sa\u00fade p\u00fablica. Em janeiro deste ano, a administra\u00e7\u00e3o municipal j\u00e1 havia entregue novas vans para o transporte de pacientes, ampliando a capacidade e melhorando a qualidade do servi\u00e7o prestado.<\/p>\n<p>&#13;<\/p>\n<p style=\"text-align: justify;\">&#8220;Recebemos um volume grande de pedidos todos os meses, e cada carro novo significa menos espera e mais seguran\u00e7a para quem est\u00e1 indo para uma consulta ou um exame fora da cidade&#8221;, afirmou o secret\u00e1rio de Sa\u00fade, Alexandre Ferrari.<\/p>\n<p>&#13;<\/p>\n<p style=\"text-align: justify;\">Al\u00e9m dos quatro ve\u00edculos destinados ao transporte intermunicipal, a Prefeitura tamb\u00e9m renovou o carro do Programa de Atendimento Domiciliar (PAD). O ve\u00edculo dar\u00e1 suporte \u00e0s equipes multiprofissionais que realizam visitas a pacientes acamados, garantindo mais agilidade e melhores condi\u00e7\u00f5es para o atendimento nas resid\u00eancias.<\/p>\n<p>&#13;<br \/>\n&#13;<br \/>\n&#13;<br \/>\n&#13;<\/p>\n<article class=\"conteudo-relacionado no-print\">&#13;<br \/>\n        &#13;<br \/>\n&#13;<br \/>\n        &#13;<br \/>\n    <\/article>\n<p>&#13;<br \/>\n&#13;<br \/>\n                <\/main><\/p><\/div>\n<p><br \/>\n<br \/><a href=\"https:\/\/limeira.sp.gov.br\/prefeitura-renova-frota-para-transporte-de-pacientes-e-atendimento-domiciliar-em-limeira\" rel=\"noopener\">Informa\u00e7\u00f5es da PML <\/a><\/p>\n","protected":false},"excerpt":{"rendered":"<p>&#13; &#13; &#13; &#13; &#13; &#13; &#13; &#13; &#13; &#13; A Prefeitura de Limeira segue investindo na moderniza\u00e7\u00e3o da frota da Secretaria de Sa\u00fade. Desta vez, quatro novos ve\u00edculos de sete lugares passam a integrar o servi\u00e7o de transporte de pacientes que realizam consultas, exames e tratamentos em outras cidades. Os autom\u00f3veis substituem carros antigos, [&hellip;]<\/p>\n","protected":false},"author":1,"featured_media":72599,"comment_status":"","ping_status":"open","sticky":false,"template":"","format":"standard","meta":{"_jetpack_newsletter_access":"","_jetpack_dont_email_post_to_subs":false,"_jetpack_newsletter_tier_id":0,"_jetpack_memberships_contains_paywalled_content":false,"_mbp_banners":[],"_jetpack_feature_clip_id":0,"_jetpack_memberships_contains_paid_content":false,"footnotes":"","jetpack_publicize_message":"","jetpack_publicize_feature_enabled":true,"jetpack_social_post_already_shared":true,"jetpack_social_options":{"image_generator_settings":{"template":"highway","default_image_id":0,"font":"","enabled":false},"version":2},"jetpack_post_was_ever_published":false},"categories":[16],"tags":[],"class_list":["post-72598","post","type-post","status-publish","format-standard","has-post-thumbnail","category-local"],"jetpack_publicize_connections":[],"jetpack-related-posts":[],"jetpack_shortlink":"https:\/\/wp.me\/p7Eq1F-iSW","jetpack_sharing_enabled":true,"jetpack_featured_media_url":"https:\/\/i0.wp.com\/guialimeira.com.br\/news\/wp-content\/uploads\/2026\/07\/m_137_0_1_20072026095111.jpeg?fit=1024%2C768&ssl=1","_links":{"self":[{"href":"https:\/\/guialimeira.com.br\/news\/wp-json\/wp\/v2\/posts\/72598","targetHints":{"allow":["GET"]}}],"collection":[{"href":"https:\/\/guialimeira.com.br\/news\/wp-json\/wp\/v2\/posts"}],"about":[{"href":"https:\/\/guialimeira.com.br\/news\/wp-json\/wp\/v2\/types\/post"}],"author":[{"embeddable":true,"href":"https:\/\/guialimeira.com.br\/news\/wp-json\/wp\/v2\/users\/1"}],"replies":[{"embeddable":true,"href":"https:\/\/guialimeira.com.br\/news\/wp-json\/wp\/v2\/comments?post=72598"}],"version-history":[{"count":0,"href":"https:\/\/guialimeira.com.br\/news\/wp-json\/wp\/v2\/posts\/72598\/revisions"}],"wp:featuredmedia":[{"embeddable":true,"href":"https:\/\/guialimeira.com.br\/news\/wp-json\/wp\/v2\/media\/72599"}],"wp:attachment":[{"href":"https:\/\/guialimeira.com.br\/news\/wp-json\/wp\/v2\/media?parent=72598"}],"wp:term":[{"taxonomy":"category","embeddable":true,"href":"https:\/\/guialimeira.com.br\/news\/wp-json\/wp\/v2\/categories?post=72598"},{"taxonomy":"post_tag","embeddable":true,"href":"https:\/\/guialimeira.com.br\/news\/wp-json\/wp\/v2\/tags?post=72598"}],"curies":[{"name":"wp","href":"https:\/\/api.w.org\/{rel}","templated":true}]}}