{"id":7252,"date":"2024-06-03T14:03:51","date_gmt":"2024-06-03T17:03:51","guid":{"rendered":"https:\/\/guialimeira.com.br\/2024\/06\/03\/prefeitura-de-limeira-inicia-entrega-de-guias-dos-tributos-mobiliarios-municipais-de-2024\/"},"modified":"2024-06-03T14:03:51","modified_gmt":"2024-06-03T17:03:51","slug":"prefeitura-de-limeira-inicia-entrega-de-guias-dos-tributos-mobiliarios-municipais-de-2024","status":"publish","type":"post","link":"https:\/\/guialimeira.com.br\/news\/prefeitura-de-limeira-inicia-entrega-de-guias-dos-tributos-mobiliarios-municipais-de-2024\/","title":{"rendered":"Prefeitura de Limeira inicia entrega de guias dos tributos mobili\u00e1rios municipais de 2024"},"content":{"rendered":"<p> <br \/>\n<\/p>\n<div>\n            <main class=\"\">&#13;<br \/>\n                &#13;<br \/>\n&#13;<br \/>\n&#13;<br \/>\n&#13;<br \/>\n    <img data-recalc-dims=\"1\" decoding=\"async\" src=\"https:\/\/i0.wp.com\/ecrie.com.br\/sistema\/conteudos\/imagem\/m_137_0_1_31052023171608.jpg?w=696&#038;ssl=1\" alt=\"Prefeitura de Limeira inicia entrega de guias dos tributos mobili\u00e1rios municipais de 2024\"\/>&#13;<br \/>\n&#13;<\/p>\n<p class=\"western\" style=\"text-align: justify;\" align=\"justify\">A Secretaria de Fazenda de Limeira inicia a entrega, via Correios, dos lan\u00e7amentos referentes ao ISSQN Fixo, Taxa de Fiscaliza\u00e7\u00e3o de Atividade (TFA) e Taxa de Licen\u00e7a para Publicidade ou Propaganda, do exerc\u00edcio de 2024, para todos os contribuintes inscritos no cadastro fiscal mobili\u00e1rio.<\/p>\n<p>&#13;<\/p>\n<p class=\"western\" style=\"text-align: justify;\" align=\"justify\">Atualmente, s\u00e3o 21.096 inscritos sujeitos \u00e0 obriga\u00e7\u00e3o tribut\u00e1ria, como ind\u00fastrias, com\u00e9rcio, prestadores de servi\u00e7os, profissionais aut\u00f4nomos e liberais, entre outros. Neste ano, o valor da TFA passou de R$ 2,80 para R$ 2,93 por metro quadrado, com valor m\u00ednimo de R$ 293,00. O reajuste foi de 4,68%, conforme o IPCA. Al\u00e9m disso, o valor m\u00e1ximo, que era de R$ 33.600,00, foi alterado para R$ 35.172,48.<\/p>\n<p>&#13;<\/p>\n<p class=\"western\" style=\"text-align: justify;\" align=\"justify\">Os lan\u00e7amentos foram agrupados em cota \u00fanica, mas tamb\u00e9m podem ser pagos em seis parcelas, sem acr\u00e9scimos. Neste ano, \u00e9 poss\u00edvel pagar esses tributos via PIX, com QR Code disponibilizado nas parcelas e na cota \u00fanica. Os vencimentos das parcelas v\u00e3o de julho a dezembro.<\/p>\n<p>&#13;<\/p>\n<p class=\"western\" style=\"text-align: justify;\" align=\"justify\">Para os contribuintes que n\u00e3o receberem as guias de arrecada\u00e7\u00e3o ou que pretendem antecipar os pagamentos, a Prefeitura disponibilizar\u00e1, a partir da pr\u00f3xima semana, a 2\u00aa via das Notifica\u00e7\u00f5es de Lan\u00e7amentos, por meio do site (<span style=\"color: #000080;\"><span lang=\"zxx\"><u><a href=\"http:\/\/www.limeira.sp.gov.br\/\" rel=\"noopener\">www.limeira.sp.gov.br<\/a><\/u><\/span><\/span>). Microempreendedores Individuais (MEIs) est\u00e3o isentos das taxas. Segundo a Secretaria de Fazenda, o MEI prestador de servi\u00e7os j\u00e1 recolhe o ISSQN por meio das guias federais.<\/p>\n<p>&#13;<br \/>\n&#13;<br \/>\n&#13;<br \/>\n&#13;<\/p>\n<aside class=\"list-related no-print\">&#13;<br \/>\n        &#13;<br \/>\n&#13;<\/p>\n<article class=\"list-item noticias \">&#13;<br \/>\n                    <a class=\"list-item__img\" href=\"https:\/\/limeira.sp.gov.br\/imprensa\/noticias\/fazenda\/guias-de-iptu-comecam-a-vencer-no-dia-10-desconto-a-vista-sera-de-5\" tabindex=\"-1\" aria-hidden=\"true\" rel=\"noopener\">&#13;<br \/>\n                        <img data-recalc-dims=\"1\" decoding=\"async\" src=\"https:\/\/i0.wp.com\/ecrie.com.br\/sistema\/conteudos\/imagem\/m_137_0_1_04042024174149.jpg?w=696&#038;ssl=1\" alt=\"Guias de IPTU come\u00e7am a vencer no dia 10; desconto \u00e0 vista ser\u00e1 de 5%\"\/>&#13;<br \/>\n                    <\/a>&#13;<br \/>\n&#13;<br \/>\n                &#13;<br \/>\n            <\/article>\n<p>&#13;<\/p>\n<article class=\"list-item noticias \">&#13;<br \/>\n                    <a class=\"list-item__img\" href=\"https:\/\/limeira.sp.gov.br\/imprensa\/noticias\/fazenda\/so-no-primeiro-dia-86-fazem-agendamento-para-pedir-isencao-de-75-no-iptu\" tabindex=\"-1\" aria-hidden=\"true\" rel=\"noopener\">&#13;<br \/>\n                        <img data-recalc-dims=\"1\" decoding=\"async\" src=\"https:\/\/i0.wp.com\/ecrie.com.br\/sistema\/conteudos\/imagem\/m_137_0_1_20032024200102.jpg?w=696&#038;ssl=1\" alt=\"S\u00f3 no primeiro dia, 86 fazem agendamento para pedir isen\u00e7\u00e3o de 75% no IPTU\"\/>&#13;<br \/>\n                    <\/a>&#13;<br \/>\n&#13;<br \/>\n                &#13;<br \/>\n            <\/article>\n<p>&#13;<\/p>\n<article class=\"list-item noticias \">&#13;<br \/>\n                    <a class=\"list-item__img\" href=\"https:\/\/limeira.sp.gov.br\/imprensa\/noticias\/fazenda\/agendamento-para-aposentado-pedir-isencao-de-75-no-iptu-comeca-dia-20\" tabindex=\"-1\" aria-hidden=\"true\" rel=\"noopener\">&#13;<br \/>\n                        <img data-recalc-dims=\"1\" decoding=\"async\" src=\"https:\/\/i0.wp.com\/ecrie.com.br\/sistema\/conteudos\/imagem\/m_137_0_1_13032024170821.jpg?w=696&#038;ssl=1\" alt=\"Agendamento para aposentado pedir isen\u00e7\u00e3o de 75% no IPTU come\u00e7a dia 20\"\/>&#13;<br \/>\n                    <\/a>&#13;<br \/>\n&#13;<br \/>\n                &#13;<br \/>\n            <\/article>\n<p>&#13;<br \/>\n    <\/aside>\n<p>&#13;<br \/>\n&#13;<br \/>\n            <\/main><\/p><\/div>\n<p><br \/>\n<br \/><a href=\"https:\/\/limeira.sp.gov.br\/prefeitura-de-limeira-inicia-entrega-de-guias-dos-tributos-mobiliarios-municipais-de-2024\" rel=\"noopener\">Informa\u00e7\u00f5es da PML <\/a><\/p>\n","protected":false},"excerpt":{"rendered":"<p>&#13; &#13; &#13; &#13; &#13; &#13; &#13; A Secretaria de Fazenda de Limeira inicia a entrega, via Correios, dos lan\u00e7amentos referentes ao ISSQN Fixo, Taxa de Fiscaliza\u00e7\u00e3o de Atividade (TFA) e Taxa de Licen\u00e7a para Publicidade ou Propaganda, do exerc\u00edcio de 2024, para todos os contribuintes inscritos no cadastro fiscal mobili\u00e1rio. &#13; Atualmente, s\u00e3o 21.096 [&hellip;]<\/p>\n","protected":false},"author":1,"featured_media":7253,"comment_status":"open","ping_status":"open","sticky":false,"template":"","format":"standard","meta":{"_jetpack_newsletter_access":"","_jetpack_dont_email_post_to_subs":false,"_jetpack_newsletter_tier_id":0,"_jetpack_memberships_contains_paywalled_content":false,"_mbp_banners":[],"_jetpack_feature_clip_id":0,"_jetpack_memberships_contains_paid_content":false,"footnotes":"","jetpack_publicize_message":"","jetpack_publicize_feature_enabled":true,"jetpack_social_post_already_shared":true,"jetpack_social_options":{"image_generator_settings":{"template":"highway","default_image_id":0,"font":"","enabled":false},"version":2},"jetpack_post_was_ever_published":false},"categories":[16],"tags":[],"class_list":["post-7252","post","type-post","status-publish","format-standard","has-post-thumbnail","category-local"],"jetpack_publicize_connections":[],"jetpack-related-posts":[],"jetpack_shortlink":"https:\/\/wp.me\/p7Eq1F-1SY","jetpack_sharing_enabled":true,"jetpack_featured_media_url":"https:\/\/i0.wp.com\/guialimeira.com.br\/news\/wp-content\/uploads\/2024\/06\/m_137_0_1_31052023171608.jpg?fit=900%2C598&ssl=1","_links":{"self":[{"href":"https:\/\/guialimeira.com.br\/news\/wp-json\/wp\/v2\/posts\/7252","targetHints":{"allow":["GET"]}}],"collection":[{"href":"https:\/\/guialimeira.com.br\/news\/wp-json\/wp\/v2\/posts"}],"about":[{"href":"https:\/\/guialimeira.com.br\/news\/wp-json\/wp\/v2\/types\/post"}],"author":[{"embeddable":true,"href":"https:\/\/guialimeira.com.br\/news\/wp-json\/wp\/v2\/users\/1"}],"replies":[{"embeddable":true,"href":"https:\/\/guialimeira.com.br\/news\/wp-json\/wp\/v2\/comments?post=7252"}],"version-history":[{"count":0,"href":"https:\/\/guialimeira.com.br\/news\/wp-json\/wp\/v2\/posts\/7252\/revisions"}],"wp:featuredmedia":[{"embeddable":true,"href":"https:\/\/guialimeira.com.br\/news\/wp-json\/wp\/v2\/media\/7253"}],"wp:attachment":[{"href":"https:\/\/guialimeira.com.br\/news\/wp-json\/wp\/v2\/media?parent=7252"}],"wp:term":[{"taxonomy":"category","embeddable":true,"href":"https:\/\/guialimeira.com.br\/news\/wp-json\/wp\/v2\/categories?post=7252"},{"taxonomy":"post_tag","embeddable":true,"href":"https:\/\/guialimeira.com.br\/news\/wp-json\/wp\/v2\/tags?post=7252"}],"curies":[{"name":"wp","href":"https:\/\/api.w.org\/{rel}","templated":true}]}}