{"id":72511,"date":"2026-07-18T13:24:04","date_gmt":"2026-07-18T16:24:04","guid":{"rendered":"https:\/\/guialimeira.com.br\/vittorio-filho-de-adriane-galisteu-apresenta-namorada-em-celebracao-com-a-familia\/"},"modified":"2026-07-18T13:24:04","modified_gmt":"2026-07-18T16:24:04","slug":"vittorio-filho-de-adriane-galisteu-apresenta-namorada-em-celebracao-com-a-familia","status":"publish","type":"post","link":"https:\/\/guialimeira.com.br\/news\/vittorio-filho-de-adriane-galisteu-apresenta-namorada-em-celebracao-com-a-familia\/","title":{"rendered":"Vittorio, filho de Adriane Galisteu, apresenta namorada em celebra\u00e7\u00e3o com a fam\u00edlia"},"content":{"rendered":"<p>Vittorio, filho de Adriane Galisteu, apareceu pela primeira vez ao lado da namorada durante uma festa da fam\u00edlia. A presen\u00e7a do casal marcou uma nova etapa na vida do jovem e chamou aten\u00e7\u00e3o por acontecer aproximadamente um ano depois de a apresentadora comentar sobre como imaginava lidar com o primeiro namoro do filho.<\/p>\n<p>O casal participou da comemora\u00e7\u00e3o ao lado de familiares e pessoas pr\u00f3ximas. A apari\u00e7\u00e3o de Vittorio acompanhado mostrou que o relacionamento j\u00e1 ocupa um espa\u00e7o importante em sua vida e passou a ser compartilhado com o c\u00edrculo familiar.<\/p>\n<p>Adriane Galisteu j\u00e1 havia falado sobre o assunto em uma entrevista concedida cerca de um ano atr\u00e1s. Na ocasi\u00e3o, a apresentadora comentou sobre a possibilidade de o filho come\u00e7ar a namorar e revelou como imaginava que reagiria diante dessa nova fase.<\/p>\n<p>Com o crescimento de Vittorio, a apresentadora passou a acompanhar mudan\u00e7as importantes na vida do filho. O primeiro relacionamento representa mais um momento de transforma\u00e7\u00e3o na trajet\u00f3ria do jovem e tamb\u00e9m na rotina da fam\u00edlia.<\/p>\n<p>A festa acabou servindo como cen\u00e1rio para a primeira apari\u00e7\u00e3o do casal em um evento familiar. A presen\u00e7a da namorada ao lado de Vittorio mostrou que os dois j\u00e1 compartilham momentos importantes com pessoas pr\u00f3ximas.<\/p>\n<p>A novidade tamb\u00e9m fez com que as declara\u00e7\u00f5es antigas de Adriane Galisteu voltassem a ser lembradas. Agora, a apresentadora vive na pr\u00e1tica a situa\u00e7\u00e3o que havia comentado anteriormente: ver o filho iniciar uma nova etapa em sua vida afetiva.<\/p>\n<p><\/p>\n","protected":false},"excerpt":{"rendered":"<p>Vittorio, filho de Adriane Galisteu, apareceu pela primeira vez ao lado da namorada durante uma festa da fam\u00edlia. A presen\u00e7a do casal marcou uma nova etapa na vida do jovem e chamou aten\u00e7\u00e3o por acontecer aproximadamente um ano depois de a apresentadora comentar sobre como imaginava lidar com o primeiro namoro do filho. O casal [\u2026]<\/p>\n","protected":false},"author":5,"featured_media":0,"comment_status":"","ping_status":"open","sticky":false,"template":"","format":"standard","meta":{"_jetpack_newsletter_access":"","_jetpack_dont_email_post_to_subs":false,"_jetpack_newsletter_tier_id":0,"_jetpack_memberships_contains_paywalled_content":false,"_mbp_banners":[],"_jetpack_feature_clip_id":0,"_jetpack_memberships_contains_paid_content":false,"footnotes":"","jetpack_publicize_message":"","jetpack_publicize_feature_enabled":true,"jetpack_social_post_already_shared":true,"jetpack_social_options":{"image_generator_settings":{"template":"highway","default_image_id":0,"font":"","enabled":false},"version":2},"jetpack_post_was_ever_published":false},"categories":[],"tags":[],"class_list":["post-72511","post","type-post","status-publish","format-standard"],"jetpack_publicize_connections":[],"jetpack-related-posts":[],"jetpack_shortlink":"https:\/\/wp.me\/p7Eq1F-iRx","jetpack_sharing_enabled":true,"jetpack_featured_media_url":"","_links":{"self":[{"href":"https:\/\/guialimeira.com.br\/news\/wp-json\/wp\/v2\/posts\/72511","targetHints":{"allow":["GET"]}}],"collection":[{"href":"https:\/\/guialimeira.com.br\/news\/wp-json\/wp\/v2\/posts"}],"about":[{"href":"https:\/\/guialimeira.com.br\/news\/wp-json\/wp\/v2\/types\/post"}],"author":[{"embeddable":true,"href":"https:\/\/guialimeira.com.br\/news\/wp-json\/wp\/v2\/users\/5"}],"replies":[{"embeddable":true,"href":"https:\/\/guialimeira.com.br\/news\/wp-json\/wp\/v2\/comments?post=72511"}],"version-history":[{"count":0,"href":"https:\/\/guialimeira.com.br\/news\/wp-json\/wp\/v2\/posts\/72511\/revisions"}],"wp:attachment":[{"href":"https:\/\/guialimeira.com.br\/news\/wp-json\/wp\/v2\/media?parent=72511"}],"wp:term":[{"taxonomy":"category","embeddable":true,"href":"https:\/\/guialimeira.com.br\/news\/wp-json\/wp\/v2\/categories?post=72511"},{"taxonomy":"post_tag","embeddable":true,"href":"https:\/\/guialimeira.com.br\/news\/wp-json\/wp\/v2\/tags?post=72511"}],"curies":[{"name":"wp","href":"https:\/\/api.w.org\/{rel}","templated":true}]}}