{"id":72451,"date":"2026-07-17T17:07:19","date_gmt":"2026-07-17T20:07:19","guid":{"rendered":"https:\/\/guialimeira.com.br\/fundo-social-abre-inscricoes-para-oficina-gratuita-de-aromaterapia-e-saude\/"},"modified":"2026-07-17T17:07:19","modified_gmt":"2026-07-17T20:07:19","slug":"fundo-social-abre-inscricoes-para-oficina-gratuita-de-aromaterapia-e-saude","status":"publish","type":"post","link":"https:\/\/guialimeira.com.br\/news\/fundo-social-abre-inscricoes-para-oficina-gratuita-de-aromaterapia-e-saude\/","title":{"rendered":"Fundo Social abre inscri\u00e7\u00f5es para oficina gratuita de Aromaterapia e Sa\u00fade"},"content":{"rendered":"<p> <br \/>\n<br \/><img data-recalc-dims=\"1\" decoding=\"async\" src=\"https:\/\/i0.wp.com\/ecrie.com.br\/sistema\/conteudos\/imagem\/m_137_0_1_17072026163913.jpg?w=696&#038;ssl=1\" \/><\/p>\n<p style=\"text-align: justify\">O Fundo Social de Limeira est&aacute; com inscri&ccedil;&otilde;es abertas para a oficina gratuita &#8220;Aromaterapia e Sa&uacute;de: Teoria e Pr&aacute;tica&#8221;, promovida pelo Projeto Empodera. A atividade tem como objetivo apresentar os fundamentos da aromaterapia e suas aplica&ccedil;&otilde;es no cuidado com a sa&uacute;de e o bem-estar. As inscri&ccedil;&otilde;es pelo formul&aacute;rio: <a href=\"https:\/\/forms.gle\/c5Yf739cyRdqCqKm8\" rel=\"noopener\">https:\/\/forms.gle\/c5Yf739cyRdqCqKm8<\/a><\/p>\n<p style=\"text-align: justify\">A oficina ser&aacute; realizada nos dias 21 e 28 de julho, das 14h &agrave;s 16h, no N&uacute;cleo de Atendimento ao Cidad&atilde;o (NAC), localizado na Avenida Lauro Corr&ecirc;a da Silva, n&ordm; 3.800, Jardim Ad&eacute;lia Cavichia.<\/p>\n<p style=\"text-align: justify\">Durante os encontros, os participantes ter&atilde;o acesso a conte&uacute;dos te&oacute;ricos e pr&aacute;ticos sobre o uso dos &oacute;leos essenciais, aprendendo t&eacute;cnicas que podem contribuir para o equil&iacute;brio f&iacute;sico e emocional no dia a dia.<\/p>\n<p style=\"text-align: justify\">A capacita&ccedil;&atilde;o ser&aacute; ministrada por Ros&acirc;ngela Costa, pedagoga e aromaterapeuta integrativa, e Isabella Guido, terapeuta ocupacional e aromaterapeuta integrativa.<\/p>\n<p style=\"text-align: justify\">A iniciativa oferece cursos, oficinas e atividades voltadas &agrave; qualifica&ccedil;&atilde;o, ao desenvolvimento pessoal e &agrave; promo&ccedil;&atilde;o da qualidade de vida da popula&ccedil;&atilde;o.<\/p>\n<p style=\"text-align: justify\">A a&ccedil;&atilde;o est&aacute; alinhada ao Objetivo de Desenvolvimento Sustent&aacute;vel (ODS) 3 &ndash; Sa&uacute;de e Bem-Estar, da Organiza&ccedil;&atilde;o das Na&ccedil;&otilde;es Unidas (ONU), ao incentivar pr&aacute;ticas de promo&ccedil;&atilde;o da sa&uacute;de e do bem-estar.<\/p>\n<p style=\"text-align: justify\"><strong>SERVI&Ccedil;O:<\/strong><br \/>Evento: &#8220;Aromaterapia e Sa&uacute;de: Teoria e Pr&aacute;tica&#8221;, com Rosangela Costa e e Isabella Guido<br \/>Data: 21 e 28 de julho<br \/>Hor&aacute;rio: :das 14h &agrave;s 16h<br \/>Inscri&ccedil;&otilde;es pelo formul&aacute;rio: <a href=\"https:\/\/forms.gle\/c5Yf739cyRdqCqKm8\" rel=\"noopener\">https:\/\/forms.gle\/c5Yf739cyRdqCqKm8<\/a><\/p>\n<p><br \/>\n<br \/><a href=\"https:\/\/limeira.sp.gov.br\/fundo-social-abre-inscricoes-para-oficina-gratuita-de-aromaterapia-e-saude\" rel=\"noopener\">Informa\u00e7\u00f5es da PML <\/a><\/p>\n","protected":false},"excerpt":{"rendered":"<p>O Fundo Social de Limeira est&aacute; com inscri&ccedil;&otilde;es abertas para a oficina gratuita &#8220;Aromaterapia e Sa&uacute;de: Teoria e Pr&aacute;tica&#8221;, promovida pelo Projeto Empodera. A atividade tem como objetivo apresentar os fundamentos da aromaterapia e suas aplica&ccedil;&otilde;es no cuidado com a sa&uacute;de e o bem-estar. As inscri&ccedil;&otilde;es pelo formul&aacute;rio: https:\/\/forms.gle\/c5Yf739cyRdqCqKm8 A oficina ser&aacute; realizada nos dias [&hellip;]<\/p>\n","protected":false},"author":1,"featured_media":72452,"comment_status":"","ping_status":"open","sticky":false,"template":"","format":"standard","meta":{"_jetpack_newsletter_access":"","_jetpack_dont_email_post_to_subs":false,"_jetpack_newsletter_tier_id":0,"_jetpack_memberships_contains_paywalled_content":false,"_mbp_banners":[],"_jetpack_feature_clip_id":0,"_jetpack_memberships_contains_paid_content":false,"footnotes":"","jetpack_publicize_message":"","jetpack_publicize_feature_enabled":true,"jetpack_social_post_already_shared":true,"jetpack_social_options":{"image_generator_settings":{"template":"highway","default_image_id":0,"font":"","enabled":false},"version":2},"jetpack_post_was_ever_published":false},"categories":[16],"tags":[],"class_list":["post-72451","post","type-post","status-publish","format-standard","has-post-thumbnail","category-local"],"jetpack_publicize_connections":[],"jetpack-related-posts":[],"jetpack_shortlink":"https:\/\/wp.me\/p7Eq1F-iQz","jetpack_sharing_enabled":true,"jetpack_featured_media_url":"https:\/\/i0.wp.com\/guialimeira.com.br\/news\/wp-content\/uploads\/2026\/07\/m_137_0_1_17072026163913.jpg?fit=1024%2C682&ssl=1","_links":{"self":[{"href":"https:\/\/guialimeira.com.br\/news\/wp-json\/wp\/v2\/posts\/72451","targetHints":{"allow":["GET"]}}],"collection":[{"href":"https:\/\/guialimeira.com.br\/news\/wp-json\/wp\/v2\/posts"}],"about":[{"href":"https:\/\/guialimeira.com.br\/news\/wp-json\/wp\/v2\/types\/post"}],"author":[{"embeddable":true,"href":"https:\/\/guialimeira.com.br\/news\/wp-json\/wp\/v2\/users\/1"}],"replies":[{"embeddable":true,"href":"https:\/\/guialimeira.com.br\/news\/wp-json\/wp\/v2\/comments?post=72451"}],"version-history":[{"count":0,"href":"https:\/\/guialimeira.com.br\/news\/wp-json\/wp\/v2\/posts\/72451\/revisions"}],"wp:featuredmedia":[{"embeddable":true,"href":"https:\/\/guialimeira.com.br\/news\/wp-json\/wp\/v2\/media\/72452"}],"wp:attachment":[{"href":"https:\/\/guialimeira.com.br\/news\/wp-json\/wp\/v2\/media?parent=72451"}],"wp:term":[{"taxonomy":"category","embeddable":true,"href":"https:\/\/guialimeira.com.br\/news\/wp-json\/wp\/v2\/categories?post=72451"},{"taxonomy":"post_tag","embeddable":true,"href":"https:\/\/guialimeira.com.br\/news\/wp-json\/wp\/v2\/tags?post=72451"}],"curies":[{"name":"wp","href":"https:\/\/api.w.org\/{rel}","templated":true}]}}