{"id":7245,"date":"2024-06-03T12:53:50","date_gmt":"2024-06-03T15:53:50","guid":{"rendered":"https:\/\/guialimeira.com.br\/2024\/06\/03\/mercado-financeiro-projeta-inflacao-de-388-em-2024\/"},"modified":"2024-06-03T12:53:50","modified_gmt":"2024-06-03T15:53:50","slug":"mercado-financeiro-projeta-inflacao-de-388-em-2024","status":"publish","type":"post","link":"https:\/\/guialimeira.com.br\/news\/mercado-financeiro-projeta-inflacao-de-388-em-2024\/","title":{"rendered":"Mercado financeiro projeta infla\u00e7\u00e3o de 3,88% em 2024"},"content":{"rendered":"<p> <br \/>\n<\/p>\n<div>\n<p>O mercado financeiro elevou pela quarta\u00a0vez seguida a previs\u00e3o da infla\u00e7\u00e3o para este ano. Segundo o boletim <em>Focus<\/em>, divulgado nesta segunda-feira (3) pelo Banco Central (BC), o \u00cdndice de Pre\u00e7os ao Consumidor Amplo (IPCA) fechar\u00e1 2024 em 3,88%. \u00a0Na semana passada, a proje\u00e7\u00e3o era 3,86%. E, h\u00e1 quatro semanas, 3,72%.<img data-recalc-dims=\"1\" decoding=\"async\" src=\"https:\/\/i0.wp.com\/agenciabrasil.ebc.com.br\/ebc.png?w=696&#038;ssl=1\" style=\"width:1px; height:1px; display:inline;\"\/><img data-recalc-dims=\"1\" decoding=\"async\" src=\"https:\/\/i0.wp.com\/agenciabrasil.ebc.com.br\/ebc.gif?w=696&#038;ssl=1\" style=\"width:1px; height:1px; display:inline;\"\/><\/p>\n<p>A estimativa para 2024 est\u00e1 dentro do intervalo de meta de infla\u00e7\u00e3o que deve ser perseguida pelo BC. A meta definida pelo Conselho Monet\u00e1rio Nacional (CMN) \u00e9 3%, com intervalo de toler\u00e2ncia de 1,5 ponto percentual para cima ou para baixo. Ou seja, o limite inferior \u00e9 1,5% e o superior 4,5%.<\/p>\n<p>O Focus traz as previs\u00f5es de economistas e analistas de mercado financeiro consultados pelo BC. Para 2025, eles tamb\u00e9m elevaram a proje\u00e7\u00e3o de infla\u00e7\u00e3o que passou de 3,75% para 3,77%. Para 2026, os analistas projetaram infla\u00e7\u00e3o de 3,6% e, em 2027, feche em 3,5%.<\/p>\n<h2>Taxa Selic<\/h2>\n<p>O boletim registra ainda eleva\u00e7\u00e3o na previs\u00e3o da taxa b\u00e1sica de juros, a Selic, para este ano. Segundo o <em>Focus<\/em>, a taxa deve fechar 2024 em 10,25%. Atualmente a <a href=\"https:\/\/agenciabrasil.ebc.com.br\/economia\/noticia\/2024-05\/copom-reduz-juros-basicos-da-economia-para-105-ao-ano\" target=\"_blank\" rel=\"noopener\">Selic est\u00e1 em 10,5%<\/a>.\u00a0<\/p>\n<p>Na proje\u00e7\u00e3o da semana passada, a proje\u00e7\u00e3o dos analistas indicava a Selic em 10% para este ano. Diferentemente da previs\u00e3o de quatro semanas atr\u00e1s, quando apontavam para uma taxa de 9,63%. \u00a0<\/p>\n<h2>PIB e C\u00e2mbio<\/h2>\n<p>A previs\u00e3o de\u00a0crescimento do Produto Interno Bruto (PIB), em rela\u00e7\u00e3o ao anunciado na semana passada, foi mantida pelos t\u00e9cnicos ouvidos pelo BC, quando estimaram 2,05%.\u00a0A\u00a0proje\u00e7\u00e3o para os pr\u00f3ximos tr\u00eas anos (2025, 2026 e 2027) \u00e9 2%.<\/p>\n<p>Em rela\u00e7\u00e3o ao c\u00e2mbio, o <em>Focus<\/em> tamb\u00e9m manteve a proje\u00e7\u00e3o da semana passada, o d\u00f3lar fechando 2024\u00a0em R$ 5,05. H\u00e1 quatro semanas, a previs\u00e3o dos analistas para a moeda norte-americana era R$ 5,00. Para 2025, a expectativa \u00e9 que o\u00a0d\u00f3lar fique em R$ 5,05. Para 2026 e 2027, a previs\u00e3o \u00e9 R$ 5,10.<\/p>\n<\/p><\/div>\n<p><br \/>\n<br \/><a href=\"https:\/\/agenciabrasil.ebc.com.br\/economia\/noticia\/2024-06\/mercado-financeiro-projeta-inflacao-de-388-em-2024\" rel=\"noopener\">Ag\u00eancia Brasil<\/a><\/p>\n","protected":false},"excerpt":{"rendered":"<p>O mercado financeiro elevou pela quarta\u00a0vez seguida a previs\u00e3o da infla\u00e7\u00e3o para este ano. Segundo o boletim Focus, divulgado nesta segunda-feira (3) pelo Banco Central (BC), o \u00cdndice de Pre\u00e7os ao Consumidor Amplo (IPCA) fechar\u00e1 2024 em 3,88%. \u00a0Na semana passada, a proje\u00e7\u00e3o era 3,86%. E, h\u00e1 quatro semanas, 3,72%. A estimativa para 2024 est\u00e1 [&hellip;]<\/p>\n","protected":false},"author":1,"featured_media":4806,"comment_status":"open","ping_status":"open","sticky":false,"template":"","format":"standard","meta":{"_jetpack_newsletter_access":"","_jetpack_dont_email_post_to_subs":false,"_jetpack_newsletter_tier_id":0,"_jetpack_memberships_contains_paywalled_content":false,"_mbp_banners":[],"_jetpack_feature_clip_id":0,"_jetpack_memberships_contains_paid_content":false,"footnotes":"","jetpack_publicize_message":"","jetpack_publicize_feature_enabled":true,"jetpack_social_post_already_shared":true,"jetpack_social_options":{"image_generator_settings":{"template":"highway","default_image_id":0,"font":"","enabled":false},"version":2},"jetpack_post_was_ever_published":false},"categories":[24],"tags":[],"class_list":["post-7245","post","type-post","status-publish","format-standard","has-post-thumbnail","category-economia"],"jetpack_publicize_connections":[],"jetpack-related-posts":[],"jetpack_shortlink":"https:\/\/wp.me\/p7Eq1F-1SR","jetpack_sharing_enabled":true,"jetpack_featured_media_url":"https:\/\/i0.wp.com\/guialimeira.com.br\/news\/wp-content\/uploads\/2024\/05\/20231025_150203.jpg?fit=1600%2C800&ssl=1","_links":{"self":[{"href":"https:\/\/guialimeira.com.br\/news\/wp-json\/wp\/v2\/posts\/7245","targetHints":{"allow":["GET"]}}],"collection":[{"href":"https:\/\/guialimeira.com.br\/news\/wp-json\/wp\/v2\/posts"}],"about":[{"href":"https:\/\/guialimeira.com.br\/news\/wp-json\/wp\/v2\/types\/post"}],"author":[{"embeddable":true,"href":"https:\/\/guialimeira.com.br\/news\/wp-json\/wp\/v2\/users\/1"}],"replies":[{"embeddable":true,"href":"https:\/\/guialimeira.com.br\/news\/wp-json\/wp\/v2\/comments?post=7245"}],"version-history":[{"count":0,"href":"https:\/\/guialimeira.com.br\/news\/wp-json\/wp\/v2\/posts\/7245\/revisions"}],"wp:featuredmedia":[{"embeddable":true,"href":"https:\/\/guialimeira.com.br\/news\/wp-json\/wp\/v2\/media\/4806"}],"wp:attachment":[{"href":"https:\/\/guialimeira.com.br\/news\/wp-json\/wp\/v2\/media?parent=7245"}],"wp:term":[{"taxonomy":"category","embeddable":true,"href":"https:\/\/guialimeira.com.br\/news\/wp-json\/wp\/v2\/categories?post=7245"},{"taxonomy":"post_tag","embeddable":true,"href":"https:\/\/guialimeira.com.br\/news\/wp-json\/wp\/v2\/tags?post=7245"}],"curies":[{"name":"wp","href":"https:\/\/api.w.org\/{rel}","templated":true}]}}