{"id":72427,"date":"2026-07-17T14:19:48","date_gmt":"2026-07-17T17:19:48","guid":{"rendered":"https:\/\/guialimeira.com.br\/guarda-civil-municipal-intensifica-combate-ao-cerol-e-a-linha-chilena-durante-as-ferias-escolares\/"},"modified":"2026-07-17T14:19:48","modified_gmt":"2026-07-17T17:19:48","slug":"guarda-civil-municipal-intensifica-combate-ao-cerol-e-a-linha-chilena-durante-as-ferias-escolares","status":"publish","type":"post","link":"https:\/\/guialimeira.com.br\/news\/guarda-civil-municipal-intensifica-combate-ao-cerol-e-a-linha-chilena-durante-as-ferias-escolares\/","title":{"rendered":"Guarda Civil Municipal intensifica combate ao cerol e \u00e0 linha chilena durante as f\u00e9rias escolares"},"content":{"rendered":"<p> <br \/>\n<\/p>\n<div>\n                <main class=\"\">&#13;<br \/>\n                    &#13;<br \/>\n&#13;<br \/>\n&#13;<br \/>\n&#13;<br \/>\n&#13;<br \/>\n&#13;<br \/>\n    <img data-recalc-dims=\"1\" decoding=\"async\" src=\"https:\/\/i0.wp.com\/ecrie.com.br\/sistema\/conteudos\/imagem\/m_137_0_1_17072026141538.jpg?w=696&#038;ssl=1\" alt=\"Guarda Civil Municipal intensifica combate ao cerol e \u00e0 linha chilena durante as f\u00e9rias escolares\"\/>&#13;<br \/>\n&#13;<br \/>\n&#13;<\/p>\n<p>A Guarda Civil Municipal (GCM) de Limeira intensificou as a\u00e7\u00f5es de combate ao uso de cerol e linha chilena durante o per\u00edodo de f\u00e9rias escolares. Tradicionalmente, os meses de julho e agosto registram aumento nas apreens\u00f5es de linhas cortantes, devido ao crescimento da pr\u00e1tica de soltar pipas. A fiscaliza\u00e7\u00e3o \u00e9 realizada pelo Pelot\u00e3o Escolar, que atua em diversos pontos da cidade, com refor\u00e7o das equipes principalmente aos finais de semana.<\/p>\n<p>&#13;<\/p>\n<p>As a\u00e7\u00f5es t\u00eam como objetivo prevenir acidentes graves envolvendo motociclistas, ciclistas e pedestres. Durante as fiscaliza\u00e7\u00f5es, os agentes j\u00e1 apreenderam carret\u00e9is de linhas com 5 mil, 10 mil e at\u00e9 20 mil metros de extens\u00e3o.<\/p>\n<p>&#13;<\/p>\n<p>A Lei Municipal n\u00ba 6.405\/2020 pro\u00edbe a industrializa\u00e7\u00e3o, comercializa\u00e7\u00e3o, armazenamento, transporte, distribui\u00e7\u00e3o e utiliza\u00e7\u00e3o de cerol, linha chilena ou qualquer outro material cortante utilizado em linhas de pipa.<\/p>\n<p>&#13;<\/p>\n<p>Segundo o inspetor Edilson, da GCM, o perfil dos infratores tamb\u00e9m mudou nos \u00faltimos anos. &#8220;Temos percebido um aumento no n\u00famero de adultos utilizando linhas cortantes. Pessoas de 30, 40 anos t\u00eam sido flagradas empinando pipas com cerol ou linha chilena, o que demonstra que essa pr\u00e1tica deixou de ser exclusiva de crian\u00e7as e adolescentes&#8221;, afirma.<\/p>\n<p>&#13;<\/p>\n<p>Quem descumpre a legisla\u00e7\u00e3o est\u00e1 sujeito \u00e0 multa de 100 UFESPs, equivalente a R$ 3.842,00 em 2026. Em caso de reincid\u00eancia, o valor dobra para R$ 7.684,00. Quando a infra\u00e7\u00e3o \u00e9 cometida por menores de idade, os pais ou respons\u00e1veis legais podem ser responsabilizados. A legisla\u00e7\u00e3o tamb\u00e9m determina a apreens\u00e3o do material irregular.<\/p>\n<p>&#13;<\/p>\n<p>A GCM orienta a popula\u00e7\u00e3o a denunciar casos de comercializa\u00e7\u00e3o, transporte ou uso de cerol e linha chilena pelo telefone 153. As den\u00fancias podem ser feitas de forma an\u00f4nima e contribuem para a retirada desse material de circula\u00e7\u00e3o, reduzindo os riscos de acidentes.<\/p>\n<p>&#13;<br \/>\n&#13;<br \/>\n&#13;<br \/>\n&#13;<\/p>\n<article class=\"conteudo-relacionado no-print\">&#13;<br \/>\n        &#13;<br \/>\n&#13;<br \/>\n        &#13;<br \/>\n    <\/article>\n<p>&#13;<br \/>\n&#13;<br \/>\n                <\/main><\/p><\/div>\n<p><br \/>\n<br \/><a href=\"https:\/\/limeira.sp.gov.br\/guarda-civil-municipal-intensifica-combate-ao-cerol-e-a-linha-chilena-durante-as-ferias-escolares\" rel=\"noopener\">Informa\u00e7\u00f5es da PML <\/a><\/p>\n","protected":false},"excerpt":{"rendered":"<p>&#13; &#13; &#13; &#13; &#13; &#13; &#13; &#13; &#13; &#13; A Guarda Civil Municipal (GCM) de Limeira intensificou as a\u00e7\u00f5es de combate ao uso de cerol e linha chilena durante o per\u00edodo de f\u00e9rias escolares. Tradicionalmente, os meses de julho e agosto registram aumento nas apreens\u00f5es de linhas cortantes, devido ao crescimento da pr\u00e1tica de [&hellip;]<\/p>\n","protected":false},"author":1,"featured_media":72428,"comment_status":"","ping_status":"open","sticky":false,"template":"","format":"standard","meta":{"_jetpack_newsletter_access":"","_jetpack_dont_email_post_to_subs":false,"_jetpack_newsletter_tier_id":0,"_jetpack_memberships_contains_paywalled_content":false,"_mbp_banners":[],"_jetpack_feature_clip_id":0,"_jetpack_memberships_contains_paid_content":false,"footnotes":"","jetpack_publicize_message":"","jetpack_publicize_feature_enabled":true,"jetpack_social_post_already_shared":true,"jetpack_social_options":{"image_generator_settings":{"template":"highway","default_image_id":0,"font":"","enabled":false},"version":2},"jetpack_post_was_ever_published":false},"categories":[16],"tags":[],"class_list":["post-72427","post","type-post","status-publish","format-standard","has-post-thumbnail","category-local"],"jetpack_publicize_connections":[],"jetpack-related-posts":[],"jetpack_shortlink":"https:\/\/wp.me\/p7Eq1F-iQb","jetpack_sharing_enabled":true,"jetpack_featured_media_url":"https:\/\/i0.wp.com\/guialimeira.com.br\/news\/wp-content\/uploads\/2026\/07\/m_137_0_1_17072026141538.jpg?fit=1024%2C576&ssl=1","_links":{"self":[{"href":"https:\/\/guialimeira.com.br\/news\/wp-json\/wp\/v2\/posts\/72427","targetHints":{"allow":["GET"]}}],"collection":[{"href":"https:\/\/guialimeira.com.br\/news\/wp-json\/wp\/v2\/posts"}],"about":[{"href":"https:\/\/guialimeira.com.br\/news\/wp-json\/wp\/v2\/types\/post"}],"author":[{"embeddable":true,"href":"https:\/\/guialimeira.com.br\/news\/wp-json\/wp\/v2\/users\/1"}],"replies":[{"embeddable":true,"href":"https:\/\/guialimeira.com.br\/news\/wp-json\/wp\/v2\/comments?post=72427"}],"version-history":[{"count":0,"href":"https:\/\/guialimeira.com.br\/news\/wp-json\/wp\/v2\/posts\/72427\/revisions"}],"wp:featuredmedia":[{"embeddable":true,"href":"https:\/\/guialimeira.com.br\/news\/wp-json\/wp\/v2\/media\/72428"}],"wp:attachment":[{"href":"https:\/\/guialimeira.com.br\/news\/wp-json\/wp\/v2\/media?parent=72427"}],"wp:term":[{"taxonomy":"category","embeddable":true,"href":"https:\/\/guialimeira.com.br\/news\/wp-json\/wp\/v2\/categories?post=72427"},{"taxonomy":"post_tag","embeddable":true,"href":"https:\/\/guialimeira.com.br\/news\/wp-json\/wp\/v2\/tags?post=72427"}],"curies":[{"name":"wp","href":"https:\/\/api.w.org\/{rel}","templated":true}]}}