{"id":72426,"date":"2026-07-17T13:54:50","date_gmt":"2026-07-17T16:54:50","guid":{"rendered":"https:\/\/guialimeira.com.br\/prefeitura-de-limeira-altera-horario-da-vacinacao-no-parque-cidade-neste-sabado-18\/"},"modified":"2026-07-17T13:54:50","modified_gmt":"2026-07-17T16:54:50","slug":"prefeitura-de-limeira-altera-horario-da-vacinacao-no-parque-cidade-neste-sabado-18","status":"publish","type":"post","link":"https:\/\/guialimeira.com.br\/news\/prefeitura-de-limeira-altera-horario-da-vacinacao-no-parque-cidade-neste-sabado-18\/","title":{"rendered":"Prefeitura de Limeira altera hor\u00e1rio da vacina\u00e7\u00e3o no Parque Cidade neste s\u00e1bado (18)"},"content":{"rendered":"<p> <br \/>\n<\/p>\n<div>\n                <main class=\"\">&#13;<br \/>\n                    &#13;<br \/>\n&#13;<br \/>\n&#13;<br \/>\n&#13;<br \/>\n&#13;<br \/>\n&#13;<br \/>\n    <img data-recalc-dims=\"1\" decoding=\"async\" src=\"https:\/\/i0.wp.com\/ecrie.com.br\/sistema\/conteudos\/imagem\/m_137_0_1_29012026102848.jpg?w=696&#038;ssl=1\" alt=\"Prefeitura de Limeira altera hor\u00e1rio da vacina\u00e7\u00e3o no Parque Cidade neste s\u00e1bado (18)\"\/>&#13;<br \/>\n&#13;<br \/>\n&#13;<\/p>\n<p style=\"text-align: justify;\">A Prefeitura de Limeira altera, excepcionalmente neste s\u00e1bado (18), o hor\u00e1rio da vacina\u00e7\u00e3o no Parque Cidade. Ao inv\u00e9s do tradicional drive-thru, previsto para as 8h \u00e0s 13h, a imuniza\u00e7\u00e3o ser\u00e1 realizada das 17h \u00e0s 21h, integrada \u00e0 programa\u00e7\u00e3o do Arrai\u00e1 Julino, no mesmo local.<\/p>\n<p>&#13;<\/p>\n<p style=\"text-align: justify;\">Durante o evento, a popula\u00e7\u00e3o poder\u00e1 atualizar a caderneta de vacina\u00e7\u00e3o com os imunizantes dispon\u00edveis. Ser\u00e3o oferecidas as vacinas dupla adulto (t\u00e9tano e difteria), hepatite B, bronquiolite (para gestantes), febre amarela, meningoc\u00f3cica ACWY, HPV, dengue (para adolescentes na faixa et\u00e1ria preconizada pelo Minist\u00e9rio da Sa\u00fade), covid-19 e influenza para toda a popula\u00e7\u00e3o.<\/p>\n<p>&#13;<\/p>\n<p style=\"text-align: justify;\"><strong>UBS Parque Hip\u00f3lito 1 mant\u00e9m atendimento pela manh\u00e3<\/strong><\/p>\n<p>&#13;<\/p>\n<p style=\"text-align: justify;\">A popula\u00e7\u00e3o que preferir se vacinar no per\u00edodo da manh\u00e3 poder\u00e1 procurar a Unidade B\u00e1sica de Sa\u00fade (UBS) do Jardim Parque Hip\u00f3lito 1, localizada na Rua Arlinda Abreu Ribeiro, s\/n\u00ba, das 8h \u00e0s 13h. A unidade oferecer\u00e1 as vacinas da campanha de multivacina\u00e7\u00e3o, al\u00e9m dos demais imunizantes previstos no Calend\u00e1rio Nacional de Vacina\u00e7\u00e3o, conforme a faixa et\u00e1ria e a situa\u00e7\u00e3o vacinal de cada pessoa.<\/p>\n<p>&#13;<\/p>\n<p style=\"text-align: justify;\">A Secretaria de Sa\u00fade refor\u00e7a a import\u00e2ncia de manter a caderneta de vacina\u00e7\u00e3o em dia e orienta a popula\u00e7\u00e3o a verificar a necessidade de atualiza\u00e7\u00e3o das doses em uma unidade de sa\u00fade.<\/p>\n<p>&#13;<\/p>\n<p style=\"text-align: justify;\"><strong>SERVI\u00c7O<\/strong><\/p>\n<p>&#13;<\/p>\n<p style=\"text-align: justify;\">Vacina\u00e7\u00e3o no Arrai\u00e1 Julino<br \/>Data: s\u00e1bado (18)<br \/>Hor\u00e1rio: das 17h \u00e0s 21h<br \/>Local: Parque Cidade<\/p>\n<p>&#13;<\/p>\n<p style=\"text-align: justify;\">Vacina\u00e7\u00e3o na UBS Jardim Parque Hip\u00f3lito 1<br \/>Data: s\u00e1bado (18)<br \/>Hor\u00e1rio: das 8h \u00e0s 13h<br \/>Local: Rua Arlinda Abreu Ribeiro, s\/n\u00ba<\/p>\n<p>&#13;<br \/>\n&#13;<br \/>\n&#13;<br \/>\n&#13;<\/p>\n<article class=\"conteudo-relacionado no-print\">&#13;<br \/>\n        &#13;<br \/>\n&#13;<br \/>\n        &#13;<br \/>\n    <\/article>\n<p>&#13;<br \/>\n&#13;<br \/>\n                <\/main><\/p><\/div>\n<p><br \/>\n<br \/><a href=\"https:\/\/limeira.sp.gov.br\/prefeitura-de-limeira-altera-horario-da-vacinacao-no-parque-cidade-neste-sabado-18\" rel=\"noopener\">Informa\u00e7\u00f5es da PML <\/a><\/p>\n","protected":false},"excerpt":{"rendered":"<p>&#13; &#13; &#13; &#13; &#13; &#13; &#13; &#13; &#13; &#13; A Prefeitura de Limeira altera, excepcionalmente neste s\u00e1bado (18), o hor\u00e1rio da vacina\u00e7\u00e3o no Parque Cidade. Ao inv\u00e9s do tradicional drive-thru, previsto para as 8h \u00e0s 13h, a imuniza\u00e7\u00e3o ser\u00e1 realizada das 17h \u00e0s 21h, integrada \u00e0 programa\u00e7\u00e3o do Arrai\u00e1 Julino, no mesmo local. &#13; [&hellip;]<\/p>\n","protected":false},"author":1,"featured_media":53613,"comment_status":"","ping_status":"open","sticky":false,"template":"","format":"standard","meta":{"_jetpack_newsletter_access":"","_jetpack_dont_email_post_to_subs":false,"_jetpack_newsletter_tier_id":0,"_jetpack_memberships_contains_paywalled_content":false,"_mbp_banners":[],"_jetpack_feature_clip_id":0,"_jetpack_memberships_contains_paid_content":false,"footnotes":"","jetpack_publicize_message":"","jetpack_publicize_feature_enabled":true,"jetpack_social_post_already_shared":true,"jetpack_social_options":{"image_generator_settings":{"template":"highway","default_image_id":0,"font":"","enabled":false},"version":2},"jetpack_post_was_ever_published":false},"categories":[16],"tags":[],"class_list":["post-72426","post","type-post","status-publish","format-standard","has-post-thumbnail","category-local"],"jetpack_publicize_connections":[],"jetpack-related-posts":[],"jetpack_shortlink":"https:\/\/wp.me\/p7Eq1F-iQa","jetpack_sharing_enabled":true,"jetpack_featured_media_url":"https:\/\/i0.wp.com\/guialimeira.com.br\/news\/wp-content\/uploads\/2026\/01\/m_137_0_1_29012026102848.jpg?fit=900%2C598&ssl=1","_links":{"self":[{"href":"https:\/\/guialimeira.com.br\/news\/wp-json\/wp\/v2\/posts\/72426","targetHints":{"allow":["GET"]}}],"collection":[{"href":"https:\/\/guialimeira.com.br\/news\/wp-json\/wp\/v2\/posts"}],"about":[{"href":"https:\/\/guialimeira.com.br\/news\/wp-json\/wp\/v2\/types\/post"}],"author":[{"embeddable":true,"href":"https:\/\/guialimeira.com.br\/news\/wp-json\/wp\/v2\/users\/1"}],"replies":[{"embeddable":true,"href":"https:\/\/guialimeira.com.br\/news\/wp-json\/wp\/v2\/comments?post=72426"}],"version-history":[{"count":0,"href":"https:\/\/guialimeira.com.br\/news\/wp-json\/wp\/v2\/posts\/72426\/revisions"}],"wp:featuredmedia":[{"embeddable":true,"href":"https:\/\/guialimeira.com.br\/news\/wp-json\/wp\/v2\/media\/53613"}],"wp:attachment":[{"href":"https:\/\/guialimeira.com.br\/news\/wp-json\/wp\/v2\/media?parent=72426"}],"wp:term":[{"taxonomy":"category","embeddable":true,"href":"https:\/\/guialimeira.com.br\/news\/wp-json\/wp\/v2\/categories?post=72426"},{"taxonomy":"post_tag","embeddable":true,"href":"https:\/\/guialimeira.com.br\/news\/wp-json\/wp\/v2\/tags?post=72426"}],"curies":[{"name":"wp","href":"https:\/\/api.w.org\/{rel}","templated":true}]}}