{"id":72415,"date":"2026-07-17T12:22:15","date_gmt":"2026-07-17T15:22:15","guid":{"rendered":"https:\/\/guialimeira.com.br\/arraia-julino-comeca-hoje-em-limeira\/"},"modified":"2026-07-17T12:22:15","modified_gmt":"2026-07-17T15:22:15","slug":"arraia-julino-comeca-hoje-em-limeira","status":"publish","type":"post","link":"https:\/\/guialimeira.com.br\/news\/arraia-julino-comeca-hoje-em-limeira\/","title":{"rendered":"Arrai\u00e1 Julino come\u00e7a hoje em Limeira"},"content":{"rendered":"<p> <br \/>\n<\/p>\n<div>\n                <main class=\"\">&#13;<br \/>\n                    &#13;<br \/>\n&#13;<br \/>\n&#13;<br \/>\n&#13;<br \/>\n&#13;<br \/>\n&#13;<br \/>\n    <img data-recalc-dims=\"1\" decoding=\"async\" src=\"https:\/\/i0.wp.com\/ecrie.com.br\/sistema\/conteudos\/imagem\/m_137_0_1_17072026121918.jpeg?w=696&#038;ssl=1\" alt=\"Arrai\u00e1 Julino come\u00e7a hoje em Limeira\"\/>&#13;<br \/>\n&#13;<br \/>\n&#13;<\/p>\n<p style=\"text-align: justify;\">Limeira d\u00e1 in\u00edcio nesta sexta-feira (17) ao Arrai\u00e1 Julino, festa que promete movimentar o Parque Cidade at\u00e9 s\u00e1bado (18) com comidas t\u00edpicas a pre\u00e7os acess\u00edveis, parque de divers\u00f5es e atra\u00e7\u00f5es musicais para toda a fam\u00edlia. O evento \u00e9 gratuito e organizado pela Prefeitura de Limeira.<\/p>\n<p>&#13;<\/p>\n<p style=\"text-align: justify;\">Nesta sexta-feira, a festa abre \u00e0s 18h com as apresenta\u00e7\u00f5es das bandas Forr\u00f3 Temperado e Forr\u00f3 Di Casa. No s\u00e1bado (18), a programa\u00e7\u00e3o ganha for\u00e7a a partir das 17h com o show de Sami Rico, filho do cantor Jos\u00e9 Rico, que apresenta o espet\u00e1culo &#8220;Filho da Lenda \u2013 10 Anos de Saudade&#8221;. A atra\u00e7\u00e3o re\u00fane sucessos que marcaram a carreira do pai ao lado de composi\u00e7\u00f5es da nova gera\u00e7\u00e3o do sertanejo e m\u00fasicas autorais.<\/p>\n<p>&#13;<\/p>\n<p style=\"text-align: justify;\">O p\u00fablico tamb\u00e9m ter\u00e1 pra\u00e7a de alimenta\u00e7\u00e3o com comidas a partir de R$ 12, entre pastel, cachorro-quente e espetinhos, al\u00e9m de bebidas a partir de R$ 5, como vinho quente, quent\u00e3o, cervejas, chopes, refrigerantes e sucos.<\/p>\n<p>&#13;<\/p>\n<p style=\"text-align: justify;\">Para a crian\u00e7ada, o Arrai\u00e1 Julino oferece touro mec\u00e2nico e brinquedos infl\u00e1veis gratuitos. Um parque de divers\u00f5es tamb\u00e9m estar\u00e1 dispon\u00edvel no local, com cobran\u00e7a apenas pelo uso dos brinquedos.<\/p>\n<p>&#13;<\/p>\n<p style=\"text-align: justify;\">O prefeito Murilo F\u00e9lix destacou que a festa foi preparada para reunir a popula\u00e7\u00e3o em um ambiente de lazer e integra\u00e7\u00e3o. &#8220;Queremos que o Parque Cidade seja um espa\u00e7o de conviv\u00eancia e alegria neste fim de semana. O Arrai\u00e1 Julino foi preparado para receber moradores e visitantes, valorizar nossas tradi\u00e7\u00f5es e proporcionar momentos especiais para as fam\u00edlias&#8221;, afirmou.<\/p>\n<p>&#13;<\/p>\n<p style=\"text-align: justify;\"><strong>Vacina\u00e7\u00e3o itinerante<\/strong><\/p>\n<p>&#13;<\/p>\n<p style=\"text-align: justify;\">Durante o evento, moradores poder\u00e3o se vacinar no local. Estar\u00e3o dispon\u00edveis as vacinas dupla adulto (t\u00e9tano e difteria), hepatite B, bronquiolite (para gestantes), febre amarela, meningoc\u00f3cica ACWY, HPV, dengue (para adolescentes na faixa et\u00e1ria preconizada pelo Minist\u00e9rio da Sa\u00fade), covid-19 e influenza para toda a popula\u00e7\u00e3o. A a\u00e7\u00e3o ser\u00e1 das 17h \u00e0s 21h.<\/p>\n<p>&#13;<\/p>\n<p style=\"text-align: justify;\">O Arrai\u00e1 Julino \u00e9 organizado pela Secretaria de Turismo e Eventos e est\u00e1 alinhado ao Objetivo de Desenvolvimento Sustent\u00e1vel (ODS) 11, da Organiza\u00e7\u00e3o das Na\u00e7\u00f5es Unidas (ONU), que incentiva cidades e comunidades mais inclusivas, seguras, resilientes e sustent\u00e1veis.<\/p>\n<p>&#13;<br \/>\n&#13;<br \/>\n&#13;<br \/>\n&#13;<\/p>\n<article class=\"conteudo-relacionado no-print\">&#13;<br \/>\n        &#13;<br \/>\n&#13;<br \/>\n        &#13;<br \/>\n    <\/article>\n<p>&#13;<br \/>\n&#13;<br \/>\n                <\/main><\/p><\/div>\n<p><br \/>\n<br \/><a href=\"https:\/\/limeira.sp.gov.br\/arraia-julino-comeca-hoje-em-limeira\" rel=\"noopener\">Informa\u00e7\u00f5es da PML <\/a><\/p>\n","protected":false},"excerpt":{"rendered":"<p>&#13; &#13; &#13; &#13; &#13; &#13; &#13; &#13; &#13; &#13; Limeira d\u00e1 in\u00edcio nesta sexta-feira (17) ao Arrai\u00e1 Julino, festa que promete movimentar o Parque Cidade at\u00e9 s\u00e1bado (18) com comidas t\u00edpicas a pre\u00e7os acess\u00edveis, parque de divers\u00f5es e atra\u00e7\u00f5es musicais para toda a fam\u00edlia. O evento \u00e9 gratuito e organizado pela Prefeitura de Limeira. [&hellip;]<\/p>\n","protected":false},"author":1,"featured_media":72416,"comment_status":"","ping_status":"open","sticky":false,"template":"","format":"standard","meta":{"_jetpack_newsletter_access":"","_jetpack_dont_email_post_to_subs":false,"_jetpack_newsletter_tier_id":0,"_jetpack_memberships_contains_paywalled_content":false,"_mbp_banners":[],"_jetpack_feature_clip_id":0,"_jetpack_memberships_contains_paid_content":false,"footnotes":"","jetpack_publicize_message":"","jetpack_publicize_feature_enabled":true,"jetpack_social_post_already_shared":true,"jetpack_social_options":{"image_generator_settings":{"template":"highway","default_image_id":0,"font":"","enabled":false},"version":2},"jetpack_post_was_ever_published":false},"categories":[16],"tags":[],"class_list":["post-72415","post","type-post","status-publish","format-standard","has-post-thumbnail","category-local"],"jetpack_publicize_connections":[],"jetpack-related-posts":[],"jetpack_shortlink":"https:\/\/wp.me\/p7Eq1F-iPZ","jetpack_sharing_enabled":true,"jetpack_featured_media_url":"https:\/\/i0.wp.com\/guialimeira.com.br\/news\/wp-content\/uploads\/2026\/07\/m_137_0_1_17072026121918.jpeg?fit=1024%2C576&ssl=1","_links":{"self":[{"href":"https:\/\/guialimeira.com.br\/news\/wp-json\/wp\/v2\/posts\/72415","targetHints":{"allow":["GET"]}}],"collection":[{"href":"https:\/\/guialimeira.com.br\/news\/wp-json\/wp\/v2\/posts"}],"about":[{"href":"https:\/\/guialimeira.com.br\/news\/wp-json\/wp\/v2\/types\/post"}],"author":[{"embeddable":true,"href":"https:\/\/guialimeira.com.br\/news\/wp-json\/wp\/v2\/users\/1"}],"replies":[{"embeddable":true,"href":"https:\/\/guialimeira.com.br\/news\/wp-json\/wp\/v2\/comments?post=72415"}],"version-history":[{"count":0,"href":"https:\/\/guialimeira.com.br\/news\/wp-json\/wp\/v2\/posts\/72415\/revisions"}],"wp:featuredmedia":[{"embeddable":true,"href":"https:\/\/guialimeira.com.br\/news\/wp-json\/wp\/v2\/media\/72416"}],"wp:attachment":[{"href":"https:\/\/guialimeira.com.br\/news\/wp-json\/wp\/v2\/media?parent=72415"}],"wp:term":[{"taxonomy":"category","embeddable":true,"href":"https:\/\/guialimeira.com.br\/news\/wp-json\/wp\/v2\/categories?post=72415"},{"taxonomy":"post_tag","embeddable":true,"href":"https:\/\/guialimeira.com.br\/news\/wp-json\/wp\/v2\/tags?post=72415"}],"curies":[{"name":"wp","href":"https:\/\/api.w.org\/{rel}","templated":true}]}}