{"id":72405,"date":"2026-07-17T10:18:21","date_gmt":"2026-07-17T13:18:21","guid":{"rendered":"https:\/\/guialimeira.com.br\/limeira-aprova-1o-plano-municipal-de-promocao-da-igualdade-racial-da-historia\/"},"modified":"2026-07-17T10:18:21","modified_gmt":"2026-07-17T13:18:21","slug":"limeira-aprova-1o-plano-municipal-de-promocao-da-igualdade-racial-da-historia","status":"publish","type":"post","link":"https:\/\/guialimeira.com.br\/news\/limeira-aprova-1o-plano-municipal-de-promocao-da-igualdade-racial-da-historia\/","title":{"rendered":"Limeira aprova 1\u00ba Plano Municipal de Promo\u00e7\u00e3o da Igualdade Racial da hist\u00f3ria"},"content":{"rendered":"<p> <br \/>\n<\/p>\n<div>\n                <main class=\"\">&#13;<br \/>\n                    &#13;<br \/>\n&#13;<br \/>\n&#13;<br \/>\n&#13;<br \/>\n&#13;<br \/>\n&#13;<br \/>\n    <img data-recalc-dims=\"1\" decoding=\"async\" src=\"https:\/\/i0.wp.com\/ecrie.com.br\/sistema\/conteudos\/imagem\/m_137_0_1_17072026100953.jpg?w=696&#038;ssl=1\" alt=\"Limeira aprova 1\u00ba Plano Municipal de Promo\u00e7\u00e3o da Igualdade Racial da hist\u00f3ria\"\/>&#13;<br \/>\n&#13;<br \/>\n&#13;<\/p>\n<p>O primeiro Plano Municipal de Promo\u00e7\u00e3o da Igualdade Racial da hist\u00f3ria de Limeira foi aprovado durante audi\u00eancia p\u00fablica conduzida pelo Departamento de Promo\u00e7\u00e3o da Igualdade Racial (DPIR) da Prefeitura de Limeira nesta ter\u00e7a-feira (14). O texto final foi validado durante a continuidade da discuss\u00e3o realizada no anfiteatro da Biblioteca Municipal Professor Jo\u00e3o de Sousa Ferraz, no Parque Cidade.<\/p>\n<p>&#13;<\/p>\n<p>\u00a0<\/p>\n<p>&#13;<\/p>\n<p>A segunda sess\u00e3o foi convocada para garantir a conclus\u00e3o dos trabalhos iniciados no dia 7 de julho. Diante do volume de contribui\u00e7\u00f5es e do engajamento de lideran\u00e7as locais e frentes sociais na primeira reuni\u00e3o, o cronograma foi estendido para que todas as diretrizes fossem debatidas, analisadas e validadas de forma democr\u00e1tica pelos presentes. Conclu\u00edda esta etapa, o pr\u00f3ximo passo \u00e9 a publica\u00e7\u00e3o do decreto municipal que instituir\u00e1 oficialmente o plano, com data a ser definida.<\/p>\n<p>&#13;<\/p>\n<p>\u00a0<\/p>\n<p>&#13;<\/p>\n<p>O documento foi constru\u00eddo de forma integrada entre poder p\u00fablico e sociedade civil, reunindo contribui\u00e7\u00f5es do Conselho Municipal dos Interesses do Cidad\u00e3o Negro (Comicin), do Gr\u00eamio Recreativo Limeirense, de movimentos sociais e de sugest\u00f5es enviadas pela popula\u00e7\u00e3o por meio de formul\u00e1rios digitais.<\/p>\n<p>&#13;<\/p>\n<p>\u00a0<\/p>\n<p>&#13;<\/p>\n<p>A diretora do DPIR, Ana Lu\u00edsa de Luca Hebling, comentou. &#8220;A aprova\u00e7\u00e3o do Plano Municipal de Promo\u00e7\u00e3o da Igualdade Racial consolida o compromisso do munic\u00edpio com a constru\u00e7\u00e3o de pol\u00edticas p\u00fablicas intersetoriais voltadas \u00e0 promo\u00e7\u00e3o da equidade racial, fortalecendo a representatividade da pauta nas diferentes esferas governamentais e jur\u00eddicas e ampliando a garantia de direitos para a popula\u00e7\u00e3o negra&#8221;, afirmou Ana Lu\u00edsa.<\/p>\n<p>&#13;<\/p>\n<p>\u00a0<\/p>\n<p>&#13;<\/p>\n<p>Com a aprova\u00e7\u00e3o, o munic\u00edpio passa a reunir os requisitos para ades\u00e3o ao Sistema Nacional de Promo\u00e7\u00e3o da Igualdade Racial (SINAPIR) e ao Pacto das Cidades Antirracistas, posicionando Limeira entre os munic\u00edpios com pol\u00edtica racial estruturada formalmente. &#8220;Esse plano n\u00e3o \u00e9 s\u00f3 um documento, \u00e9 um compromisso da administra\u00e7\u00e3o de tratar a igualdade racial com seriedade em diferentes frentes de pol\u00edticas p\u00fablicas, da cultura \u00e0 assist\u00eancia social, da educa\u00e7\u00e3o \u00e0 seguran\u00e7a&#8221;, afirmou o prefeito Murilo F\u00e9lix.<\/p>\n<p>&#13;<\/p>\n<p>\u00a0<\/p>\n<p>&#13;<\/p>\n<p>A iniciativa dialoga com os Objetivos de Desenvolvimento Sustent\u00e1vel da ONU, em especial o ODS 10 (Redu\u00e7\u00e3o das Desigualdades) e o ODS 16 (Paz, Justi\u00e7a e Institui\u00e7\u00f5es Eficazes), ao ampliar a participa\u00e7\u00e3o social e fortalecer processos decis\u00f3rios mais representativos em n\u00edvel local.<\/p>\n<p>&#13;<br \/>\n&#13;<br \/>\n&#13;<br \/>\n&#13;<\/p>\n<article class=\"conteudo-relacionado no-print\">&#13;<br \/>\n        &#13;<br \/>\n&#13;<br \/>\n        &#13;<br \/>\n    <\/article>\n<p>&#13;<br \/>\n&#13;<br \/>\n                <\/main><\/p><\/div>\n<p><br \/>\n<br \/><a href=\"https:\/\/limeira.sp.gov.br\/limeira-aprova-1-plano-municipal-de-promocao-da-igualdade-racial-da-historia\" rel=\"noopener\">Informa\u00e7\u00f5es da PML <\/a><\/p>\n","protected":false},"excerpt":{"rendered":"<p>&#13; &#13; &#13; &#13; &#13; &#13; &#13; &#13; &#13; &#13; O primeiro Plano Municipal de Promo\u00e7\u00e3o da Igualdade Racial da hist\u00f3ria de Limeira foi aprovado durante audi\u00eancia p\u00fablica conduzida pelo Departamento de Promo\u00e7\u00e3o da Igualdade Racial (DPIR) da Prefeitura de Limeira nesta ter\u00e7a-feira (14). O texto final foi validado durante a continuidade da discuss\u00e3o realizada [&hellip;]<\/p>\n","protected":false},"author":1,"featured_media":72406,"comment_status":"","ping_status":"open","sticky":false,"template":"","format":"standard","meta":{"_jetpack_newsletter_access":"","_jetpack_dont_email_post_to_subs":false,"_jetpack_newsletter_tier_id":0,"_jetpack_memberships_contains_paywalled_content":false,"_mbp_banners":[],"_jetpack_feature_clip_id":0,"_jetpack_memberships_contains_paid_content":false,"footnotes":"","jetpack_publicize_message":"","jetpack_publicize_feature_enabled":true,"jetpack_social_post_already_shared":true,"jetpack_social_options":{"image_generator_settings":{"template":"highway","default_image_id":0,"font":"","enabled":false},"version":2},"jetpack_post_was_ever_published":false},"categories":[16],"tags":[],"class_list":["post-72405","post","type-post","status-publish","format-standard","has-post-thumbnail","category-local"],"jetpack_publicize_connections":[],"jetpack-related-posts":[],"jetpack_shortlink":"https:\/\/wp.me\/p7Eq1F-iPP","jetpack_sharing_enabled":true,"jetpack_featured_media_url":"https:\/\/i0.wp.com\/guialimeira.com.br\/news\/wp-content\/uploads\/2026\/07\/m_137_0_1_17072026100953.jpg?fit=1024%2C576&ssl=1","_links":{"self":[{"href":"https:\/\/guialimeira.com.br\/news\/wp-json\/wp\/v2\/posts\/72405","targetHints":{"allow":["GET"]}}],"collection":[{"href":"https:\/\/guialimeira.com.br\/news\/wp-json\/wp\/v2\/posts"}],"about":[{"href":"https:\/\/guialimeira.com.br\/news\/wp-json\/wp\/v2\/types\/post"}],"author":[{"embeddable":true,"href":"https:\/\/guialimeira.com.br\/news\/wp-json\/wp\/v2\/users\/1"}],"replies":[{"embeddable":true,"href":"https:\/\/guialimeira.com.br\/news\/wp-json\/wp\/v2\/comments?post=72405"}],"version-history":[{"count":0,"href":"https:\/\/guialimeira.com.br\/news\/wp-json\/wp\/v2\/posts\/72405\/revisions"}],"wp:featuredmedia":[{"embeddable":true,"href":"https:\/\/guialimeira.com.br\/news\/wp-json\/wp\/v2\/media\/72406"}],"wp:attachment":[{"href":"https:\/\/guialimeira.com.br\/news\/wp-json\/wp\/v2\/media?parent=72405"}],"wp:term":[{"taxonomy":"category","embeddable":true,"href":"https:\/\/guialimeira.com.br\/news\/wp-json\/wp\/v2\/categories?post=72405"},{"taxonomy":"post_tag","embeddable":true,"href":"https:\/\/guialimeira.com.br\/news\/wp-json\/wp\/v2\/tags?post=72405"}],"curies":[{"name":"wp","href":"https:\/\/api.w.org\/{rel}","templated":true}]}}