{"id":72403,"date":"2026-07-17T10:13:16","date_gmt":"2026-07-17T13:13:16","guid":{"rendered":"https:\/\/guialimeira.com.br\/prefeitura-intensifica-recuperacao-de-pracas-e-areas-verdes-em-limeira\/"},"modified":"2026-07-17T10:13:16","modified_gmt":"2026-07-17T13:13:16","slug":"prefeitura-intensifica-recuperacao-de-pracas-e-areas-verdes-em-limeira","status":"publish","type":"post","link":"https:\/\/guialimeira.com.br\/news\/prefeitura-intensifica-recuperacao-de-pracas-e-areas-verdes-em-limeira\/","title":{"rendered":"Prefeitura intensifica recupera\u00e7\u00e3o de pra\u00e7as e \u00e1reas verdes em Limeira"},"content":{"rendered":"<p> <br \/>\n<\/p>\n<div>\n                <main class=\"\">&#13;<br \/>\n                    &#13;<br \/>\n&#13;<br \/>\n&#13;<br \/>\n&#13;<br \/>\n&#13;<br \/>\n&#13;<br \/>\n    <img data-recalc-dims=\"1\" decoding=\"async\" src=\"https:\/\/i0.wp.com\/ecrie.com.br\/sistema\/conteudos\/imagem\/m_137_0_1_17072026101208.jpg?w=696&#038;ssl=1\" alt=\"Prefeitura intensifica recupera\u00e7\u00e3o de pra\u00e7as e \u00e1reas verdes em Limeira\"\/>&#13;<br \/>\n&#13;<br \/>\n&#13;<\/p>\n<p style=\"text-align: justify;\">A Prefeitura de Limeira iniciou nesta semana uma for\u00e7a-tarefa para revitalizar uma \u00e1rea verde localizada no Jardim Residencial Luiz Regitano, entre os bairros Jardim Ernesto K\u00fchl e Lagoa Nova. A a\u00e7\u00e3o re\u00fane as secretarias de Meio Ambiente e Saneamento, Obras e Servi\u00e7os P\u00fablicos, Seguran\u00e7a P\u00fablica e Defesa Civil e a Secretaria de Promo\u00e7\u00e3o Social (Seprosom).<\/p>\n<p>&#13;<\/p>\n<p style=\"text-align: justify;\">Os servi\u00e7os incluem limpeza geral, retirada de lixo e entulho, capina\u00e7\u00e3o, ro\u00e7agem, poda de \u00e1rvores, manuten\u00e7\u00e3o do espa\u00e7o e reparos nos equipamentos existentes. Na pr\u00f3xima semana, o campinho da \u00e1rea receber\u00e1 uma nova camada de areia. Apesar da exist\u00eancia de placas alertando sobre a proibi\u00e7\u00e3o do descarte irregular de res\u00edduos, a \u00e1rea era alvo frequente dessa pr\u00e1tica.<\/p>\n<p>&#13;<\/p>\n<p style=\"text-align: justify;\">\u201cPra\u00e7as e \u00e1reas verdes s\u00e3o locais de conviv\u00eancia e lazer para as fam\u00edlias. Estamos trabalhando para recuperar esses espa\u00e7os e garantir que a popula\u00e7\u00e3o possa utiliz\u00e1-los com mais seguran\u00e7a, conforto e qualidade\u201d, afirmou o prefeito Murilo F\u00e9lix.<\/p>\n<p>&#13;<\/p>\n<p style=\"text-align: justify;\">Durante os trabalhos, as equipes identificaram duas ocupa\u00e7\u00f5es irregulares no local. Em um dos casos, a pessoa aceitou o atendimento oferecido pela Seprosom e foi encaminhada para acompanhamento pela rede municipal de assist\u00eancia social.<\/p>\n<p>&#13;<\/p>\n<p style=\"text-align: justify;\">\u201cO descarte irregular prejudica a conserva\u00e7\u00e3o dos espa\u00e7os p\u00fablicos, gera impactos ambientais e compromete a qualidade de vida da popula\u00e7\u00e3o. Por isso, al\u00e9m da revitaliza\u00e7\u00e3o, tamb\u00e9m estamos refor\u00e7ando as a\u00e7\u00f5es de conscientiza\u00e7\u00e3o e fiscaliza\u00e7\u00e3o\u201d, destacou o secret\u00e1rio de Meio Ambiente e Saneamento, F\u00e1bio Luccas Rosa Junior.<\/p>\n<p>&#13;<\/p>\n<p style=\"text-align: justify;\">A\u00e7\u00e3o Permanente<\/p>\n<p>&#13;<\/p>\n<p style=\"text-align: justify;\">A revitaliza\u00e7\u00e3o integra o programa permanente de zeladoria urbana da Prefeitura. Recentemente, a Pra\u00e7a Toledo Barros recebeu servi\u00e7os de capina\u00e7\u00e3o, limpeza, poda de \u00e1rvores e pintura de estruturas. Atualmente, equipes atuam simultaneamente em diferentes regi\u00f5es da cidade na manuten\u00e7\u00e3o de \u00e1reas verdes e na conserva\u00e7\u00e3o de espa\u00e7os p\u00fablicos.<\/p>\n<p>&#13;<\/p>\n<p style=\"text-align: justify;\">A Prefeitura refor\u00e7a que o descarte irregular de lixo e entulho \u00e9 proibido e est\u00e1 sujeito a multa. Den\u00fancias podem ser feitas pelos canais oficiais do munic\u00edpio, como o telefone 156.<\/p>\n<p>&#13;<br \/>\n&#13;<br \/>\n&#13;<br \/>\n&#13;<\/p>\n<article class=\"conteudo-relacionado no-print\">&#13;<br \/>\n        &#13;<br \/>\n&#13;<br \/>\n        &#13;<br \/>\n    <\/article>\n<p>&#13;<br \/>\n&#13;<br \/>\n                <\/main><\/p><\/div>\n<p><br \/>\n<br \/><a href=\"https:\/\/limeira.sp.gov.br\/prefeitura-intensifica-recuperacao-de-pracas-e-areas-verdes-em-limeira\" rel=\"noopener\">Informa\u00e7\u00f5es da PML <\/a><\/p>\n","protected":false},"excerpt":{"rendered":"<p>&#13; &#13; &#13; &#13; &#13; &#13; &#13; &#13; &#13; &#13; A Prefeitura de Limeira iniciou nesta semana uma for\u00e7a-tarefa para revitalizar uma \u00e1rea verde localizada no Jardim Residencial Luiz Regitano, entre os bairros Jardim Ernesto K\u00fchl e Lagoa Nova. A a\u00e7\u00e3o re\u00fane as secretarias de Meio Ambiente e Saneamento, Obras e Servi\u00e7os P\u00fablicos, Seguran\u00e7a P\u00fablica [&hellip;]<\/p>\n","protected":false},"author":1,"featured_media":72404,"comment_status":"","ping_status":"open","sticky":false,"template":"","format":"standard","meta":{"_jetpack_newsletter_access":"","_jetpack_dont_email_post_to_subs":false,"_jetpack_newsletter_tier_id":0,"_jetpack_memberships_contains_paywalled_content":false,"_mbp_banners":[],"_jetpack_feature_clip_id":0,"_jetpack_memberships_contains_paid_content":false,"footnotes":"","jetpack_publicize_message":"","jetpack_publicize_feature_enabled":true,"jetpack_social_post_already_shared":true,"jetpack_social_options":{"image_generator_settings":{"template":"highway","default_image_id":0,"font":"","enabled":false},"version":2},"jetpack_post_was_ever_published":false},"categories":[16],"tags":[],"class_list":["post-72403","post","type-post","status-publish","format-standard","has-post-thumbnail","category-local"],"jetpack_publicize_connections":[],"jetpack-related-posts":[],"jetpack_shortlink":"https:\/\/wp.me\/p7Eq1F-iPN","jetpack_sharing_enabled":true,"jetpack_featured_media_url":"https:\/\/i0.wp.com\/guialimeira.com.br\/news\/wp-content\/uploads\/2026\/07\/m_137_0_1_17072026101208.jpg?fit=1024%2C682&ssl=1","_links":{"self":[{"href":"https:\/\/guialimeira.com.br\/news\/wp-json\/wp\/v2\/posts\/72403","targetHints":{"allow":["GET"]}}],"collection":[{"href":"https:\/\/guialimeira.com.br\/news\/wp-json\/wp\/v2\/posts"}],"about":[{"href":"https:\/\/guialimeira.com.br\/news\/wp-json\/wp\/v2\/types\/post"}],"author":[{"embeddable":true,"href":"https:\/\/guialimeira.com.br\/news\/wp-json\/wp\/v2\/users\/1"}],"replies":[{"embeddable":true,"href":"https:\/\/guialimeira.com.br\/news\/wp-json\/wp\/v2\/comments?post=72403"}],"version-history":[{"count":0,"href":"https:\/\/guialimeira.com.br\/news\/wp-json\/wp\/v2\/posts\/72403\/revisions"}],"wp:featuredmedia":[{"embeddable":true,"href":"https:\/\/guialimeira.com.br\/news\/wp-json\/wp\/v2\/media\/72404"}],"wp:attachment":[{"href":"https:\/\/guialimeira.com.br\/news\/wp-json\/wp\/v2\/media?parent=72403"}],"wp:term":[{"taxonomy":"category","embeddable":true,"href":"https:\/\/guialimeira.com.br\/news\/wp-json\/wp\/v2\/categories?post=72403"},{"taxonomy":"post_tag","embeddable":true,"href":"https:\/\/guialimeira.com.br\/news\/wp-json\/wp\/v2\/tags?post=72403"}],"curies":[{"name":"wp","href":"https:\/\/api.w.org\/{rel}","templated":true}]}}