{"id":72361,"date":"2026-07-16T18:48:00","date_gmt":"2026-07-16T21:48:00","guid":{"rendered":"https:\/\/guialimeira.com.br\/bruna-marquezine-e-shawn-mendes-aproveitam-manha-no-rio-e-protagonizam-momento-romantico\/"},"modified":"2026-07-16T18:48:00","modified_gmt":"2026-07-16T21:48:00","slug":"bruna-marquezine-e-shawn-mendes-aproveitam-manha-no-rio-e-protagonizam-momento-romantico","status":"publish","type":"post","link":"https:\/\/guialimeira.com.br\/news\/bruna-marquezine-e-shawn-mendes-aproveitam-manha-no-rio-e-protagonizam-momento-romantico\/","title":{"rendered":"Bruna Marquezine e Shawn Mendes aproveitam manh\u00e3 no Rio e protagonizam momento rom\u00e2ntico"},"content":{"rendered":"<p>Bruna Marquezine e Shawn Mendes foram vistos juntos durante um passeio pela Zona Sul do Rio de Janeiro. Os dois aproveitaram o clima descontra\u00eddo para tomar caf\u00e9 da manh\u00e3 em um quiosque e chamaram aten\u00e7\u00e3o ao trocarem beijos no local.<\/p>\n<p>A cena rapidamente repercutiu entre os f\u00e3s, que acompanham com curiosidade a aproxima\u00e7\u00e3o entre a atriz brasileira e o cantor canadense. O momento de carinho durante o passeio refor\u00e7ou os rumores de que os dois estariam vivendo um romance.<\/p>\n<p>Sem a presen\u00e7a de grandes eventos ou compromissos oficiais, Bruna e Shawn desfrutaram de uma manh\u00e3 tranquila na cidade. A apari\u00e7\u00e3o p\u00fablica em clima de intimidade, no entanto, n\u00e3o passou despercebida.<\/p>\n<p>A rela\u00e7\u00e3o entre os artistas tem despertado especula\u00e7\u00f5es h\u00e1 algum tempo. A troca de beijos durante o caf\u00e9 da manh\u00e3 acabou aumentando ainda mais os coment\u00e1rios sobre uma poss\u00edvel rela\u00e7\u00e3o amorosa.<\/p>\n<p>Tanto Bruna Marquezine quanto Shawn Mendes costumam manter a vida pessoal longe da exposi\u00e7\u00e3o excessiva. Por isso, cada apari\u00e7\u00e3o dos dois juntos acaba gerando grande repercuss\u00e3o entre os admiradores.<\/p>\n<p>Enquanto nenhum dos artistas se manifesta oficialmente sobre o status da rela\u00e7\u00e3o, o passeio no Rio de Janeiro j\u00e1 foi suficiente para movimentar as redes sociais e colocar o poss\u00edvel romance novamente em destaque.<\/p>\n<p><\/p>\n","protected":false},"excerpt":{"rendered":"<p>Bruna Marquezine e Shawn Mendes foram vistos juntos durante um passeio pela Zona Sul do Rio de Janeiro. Os dois aproveitaram o clima descontra\u00eddo para tomar caf\u00e9 da manh\u00e3 em um quiosque e chamaram aten\u00e7\u00e3o ao trocarem beijos no local. A cena rapidamente repercutiu entre os f\u00e3s, que acompanham com curiosidade a aproxima\u00e7\u00e3o entre a [\u2026]<\/p>\n","protected":false},"author":5,"featured_media":0,"comment_status":"","ping_status":"open","sticky":false,"template":"","format":"standard","meta":{"_jetpack_newsletter_access":"","_jetpack_dont_email_post_to_subs":false,"_jetpack_newsletter_tier_id":0,"_jetpack_memberships_contains_paywalled_content":false,"_mbp_banners":[],"_jetpack_feature_clip_id":0,"_jetpack_memberships_contains_paid_content":false,"footnotes":"","jetpack_publicize_message":"","jetpack_publicize_feature_enabled":true,"jetpack_social_post_already_shared":true,"jetpack_social_options":{"image_generator_settings":{"template":"highway","default_image_id":0,"font":"","enabled":false},"version":2},"jetpack_post_was_ever_published":false},"categories":[],"tags":[],"class_list":["post-72361","post","type-post","status-publish","format-standard"],"jetpack_publicize_connections":[],"jetpack-related-posts":[],"jetpack_shortlink":"https:\/\/wp.me\/p7Eq1F-iP7","jetpack_sharing_enabled":true,"jetpack_featured_media_url":"","_links":{"self":[{"href":"https:\/\/guialimeira.com.br\/news\/wp-json\/wp\/v2\/posts\/72361","targetHints":{"allow":["GET"]}}],"collection":[{"href":"https:\/\/guialimeira.com.br\/news\/wp-json\/wp\/v2\/posts"}],"about":[{"href":"https:\/\/guialimeira.com.br\/news\/wp-json\/wp\/v2\/types\/post"}],"author":[{"embeddable":true,"href":"https:\/\/guialimeira.com.br\/news\/wp-json\/wp\/v2\/users\/5"}],"replies":[{"embeddable":true,"href":"https:\/\/guialimeira.com.br\/news\/wp-json\/wp\/v2\/comments?post=72361"}],"version-history":[{"count":0,"href":"https:\/\/guialimeira.com.br\/news\/wp-json\/wp\/v2\/posts\/72361\/revisions"}],"wp:attachment":[{"href":"https:\/\/guialimeira.com.br\/news\/wp-json\/wp\/v2\/media?parent=72361"}],"wp:term":[{"taxonomy":"category","embeddable":true,"href":"https:\/\/guialimeira.com.br\/news\/wp-json\/wp\/v2\/categories?post=72361"},{"taxonomy":"post_tag","embeddable":true,"href":"https:\/\/guialimeira.com.br\/news\/wp-json\/wp\/v2\/tags?post=72361"}],"curies":[{"name":"wp","href":"https:\/\/api.w.org\/{rel}","templated":true}]}}