{"id":72339,"date":"2026-07-16T16:09:16","date_gmt":"2026-07-16T19:09:16","guid":{"rendered":"https:\/\/guialimeira.com.br\/seprosom-abre-inscricoes-para-curso-gratuito-de-libras\/"},"modified":"2026-07-16T16:09:16","modified_gmt":"2026-07-16T19:09:16","slug":"seprosom-abre-inscricoes-para-curso-gratuito-de-libras","status":"publish","type":"post","link":"https:\/\/guialimeira.com.br\/news\/seprosom-abre-inscricoes-para-curso-gratuito-de-libras\/","title":{"rendered":"Seprosom abre inscri\u00e7\u00f5es para curso gratuito de Libras"},"content":{"rendered":"<p> <br \/>\n<\/p>\n<div>\n                <main class=\"\">&#13;<br \/>\n                    &#13;<br \/>\n&#13;<br \/>\n&#13;<br \/>\n&#13;<br \/>\n&#13;<br \/>\n&#13;<br \/>\n    <img data-recalc-dims=\"1\" decoding=\"async\" src=\"https:\/\/i0.wp.com\/ecrie.com.br\/sistema\/conteudos\/imagem\/m_137_0_1_16072026160818.jpg?w=696&#038;ssl=1\" alt=\"Seprosom abre inscri\u00e7\u00f5es para curso gratuito de Libras\"\/>&#13;<br \/>\n&#13;<br \/>\n&#13;<\/p>\n<p class=\"isSelectedEnd\">Com o objetivo de ampliar a inclus\u00e3o da comunidade surda e promover uma comunica\u00e7\u00e3o mais acess\u00edvel entre surdos e ouvintes, a Seprosom abre, nesta quinta-feira (16), em parceria com o Senai, as inscri\u00e7\u00f5es para 18 vagas no curso gratuito de L\u00edngua Brasileira de Sinais (Libras) \u2013 M\u00f3dulo B\u00e1sico. A capacita\u00e7\u00e3o ser\u00e1 realizada no NAC, localizado na Avenida Dr. Lauro Corr\u00eaa da Silva, n\u00ba 3.800, e \u00e9 destinada a moradores de Limeira com 16 anos ou mais, que tenham conclu\u00eddo o ensino fundamental e ainda n\u00e3o tenham cursado o m\u00f3dulo b\u00e1sico de Libras.<\/p>\n<p>&#13;<\/p>\n<p class=\"isSelectedEnd\">As inscri\u00e7\u00f5es s\u00e3o gratuitas e ocorrem em duas etapas. A primeira consiste no preenchimento do formul\u00e1rio de pr\u00e9-sele\u00e7\u00e3o, dispon\u00edvel pelo link <a href=\"https:\/\/forms.gle\/yxDawR1sXjJ99T7L6\" rel=\"noopener\"><strong>https:\/\/forms.gle\/yxDawR1sXjJ99T7L6<\/strong><\/a>, ou presencialmente no NAC.<\/p>\n<p>&#13;<\/p>\n<p class=\"isSelectedEnd\">Na segunda etapa, os candidatos pr\u00e9-selecionados dever\u00e3o entregar c\u00f3pias da documenta\u00e7\u00e3o exigida na secretaria do Senai. As orienta\u00e7\u00f5es sobre essa fase ser\u00e3o fornecidas pelo N\u00facleo de Inclus\u00e3o Socioprodutiva (Nisp).<\/p>\n<p>&#13;<\/p>\n<h2>Curso<\/h2>\n<p>&#13;<\/p>\n<p class=\"isSelectedEnd\">Com carga hor\u00e1ria de 160 horas, o curso capacita os participantes para compreender e utilizar a L\u00edngua Brasileira de Sinais em situa\u00e7\u00f5es b\u00e1sicas de comunica\u00e7\u00e3o com pessoas surdas, contribuindo para a promo\u00e7\u00e3o da acessibilidade e da inclus\u00e3o social.<\/p>\n<p>&#13;<\/p>\n<p class=\"isSelectedEnd\">As aulas ser\u00e3o realizadas de 4 de agosto a 18 de mar\u00e7o de 2027, \u00e0s ter\u00e7as e quintas-feiras, das 19h \u00e0s 22h, na Sala 3 do NAC.<\/p>\n<p>&#13;<\/p>\n<p class=\"isSelectedEnd\">Mais informa\u00e7\u00f5es podem ser obtidas pelos telefones (19) 3404-6209 (fixo e WhatsApp) e (19) 3404-6210. Os interessados tamb\u00e9m podem acompanhar as a\u00e7\u00f5es do Nisp pelo canal oficial no WhatsApp: <a href=\"https:\/\/whatsapp.com\/channel\/0029VamHf0GIN9isteGu5l3N\" rel=\"noopener\">https:\/\/whatsapp.com\/channel\/0029VamHf0GIN9isteGu5l3N<\/a>.<\/p>\n<p>&#13;<\/p>\n<h2>Servi\u00e7o<\/h2>\n<p>&#13;<\/p>\n<p class=\"isSelectedEnd\"><strong>Curso:<\/strong> L\u00edngua Brasileira de Sinais (Libras) \u2013 M\u00f3dulo B\u00e1sico<\/p>\n<p>&#13;<\/p>\n<p class=\"isSelectedEnd\"><strong>Inscri\u00e7\u00f5es:<\/strong> <a href=\"https:\/\/forms.gle\/yxDawR1sXjJ99T7L6\" rel=\"noopener\">https:\/\/forms.gle\/yxDawR1sXjJ99T7L6<\/a><\/p>\n<p>&#13;<\/p>\n<p class=\"isSelectedEnd\"><strong>P\u00fablico-alvo:<\/strong> Moradores de Limeira com 16 anos ou mais, ensino fundamental completo e que ainda n\u00e3o tenham cursado o m\u00f3dulo b\u00e1sico de Libras<\/p>\n<p>&#13;<\/p>\n<p class=\"isSelectedEnd\"><strong>Per\u00edodo das aulas:<\/strong> De 4 de agosto de 2026 a 18 de mar\u00e7o de 2027<\/p>\n<p>&#13;<\/p>\n<p class=\"isSelectedEnd\"><strong>Dias e hor\u00e1rio:<\/strong> Ter\u00e7as e quintas-feiras, das 19h \u00e0s 22h<\/p>\n<p>&#13;<\/p>\n<p class=\"isSelectedEnd\"><strong>Local:<\/strong> Sala 3 do N\u00facleo de Atendimento ao Cidad\u00e3o (NAC) \u2013 Avenida Dr. Lauro Corr\u00eaa da Silva, n\u00ba 3.800<\/p>\n<p>&#13;<\/p>\n<p><strong>Informa\u00e7\u00f5es:<\/strong> (19) 3404-6209 (fixo e WhatsApp) e (19) 3404-6210.<\/p>\n<p>&#13;<br \/>\n&#13;<br \/>\n&#13;<br \/>\n&#13;<\/p>\n<article class=\"conteudo-relacionado no-print\">&#13;<br \/>\n        &#13;<br \/>\n&#13;<br \/>\n        &#13;<br \/>\n    <\/article>\n<p>&#13;<br \/>\n&#13;<br \/>\n                <\/main><\/p><\/div>\n<p><br \/>\n<br \/><a href=\"https:\/\/limeira.sp.gov.br\/seprosom-abre-inscricoes-para-curso-gratuito-de-libras\" rel=\"noopener\">Informa\u00e7\u00f5es da PML <\/a><\/p>\n","protected":false},"excerpt":{"rendered":"<p>&#13; &#13; &#13; &#13; &#13; &#13; &#13; &#13; &#13; &#13; Com o objetivo de ampliar a inclus\u00e3o da comunidade surda e promover uma comunica\u00e7\u00e3o mais acess\u00edvel entre surdos e ouvintes, a Seprosom abre, nesta quinta-feira (16), em parceria com o Senai, as inscri\u00e7\u00f5es para 18 vagas no curso gratuito de L\u00edngua Brasileira de Sinais (Libras) [&hellip;]<\/p>\n","protected":false},"author":1,"featured_media":72340,"comment_status":"","ping_status":"open","sticky":false,"template":"","format":"standard","meta":{"_jetpack_newsletter_access":"","_jetpack_dont_email_post_to_subs":false,"_jetpack_newsletter_tier_id":0,"_jetpack_memberships_contains_paywalled_content":false,"_mbp_banners":[],"_jetpack_feature_clip_id":0,"_jetpack_memberships_contains_paid_content":false,"footnotes":"","jetpack_publicize_message":"","jetpack_publicize_feature_enabled":true,"jetpack_social_post_already_shared":true,"jetpack_social_options":{"image_generator_settings":{"template":"highway","default_image_id":0,"font":"","enabled":false},"version":2},"jetpack_post_was_ever_published":false},"categories":[16],"tags":[],"class_list":["post-72339","post","type-post","status-publish","format-standard","has-post-thumbnail","category-local"],"jetpack_publicize_connections":[],"jetpack-related-posts":[],"jetpack_shortlink":"https:\/\/wp.me\/p7Eq1F-iOL","jetpack_sharing_enabled":true,"jetpack_featured_media_url":"https:\/\/i0.wp.com\/guialimeira.com.br\/news\/wp-content\/uploads\/2026\/07\/m_137_0_1_16072026160818.jpg?fit=1024%2C681&ssl=1","_links":{"self":[{"href":"https:\/\/guialimeira.com.br\/news\/wp-json\/wp\/v2\/posts\/72339","targetHints":{"allow":["GET"]}}],"collection":[{"href":"https:\/\/guialimeira.com.br\/news\/wp-json\/wp\/v2\/posts"}],"about":[{"href":"https:\/\/guialimeira.com.br\/news\/wp-json\/wp\/v2\/types\/post"}],"author":[{"embeddable":true,"href":"https:\/\/guialimeira.com.br\/news\/wp-json\/wp\/v2\/users\/1"}],"replies":[{"embeddable":true,"href":"https:\/\/guialimeira.com.br\/news\/wp-json\/wp\/v2\/comments?post=72339"}],"version-history":[{"count":0,"href":"https:\/\/guialimeira.com.br\/news\/wp-json\/wp\/v2\/posts\/72339\/revisions"}],"wp:featuredmedia":[{"embeddable":true,"href":"https:\/\/guialimeira.com.br\/news\/wp-json\/wp\/v2\/media\/72340"}],"wp:attachment":[{"href":"https:\/\/guialimeira.com.br\/news\/wp-json\/wp\/v2\/media?parent=72339"}],"wp:term":[{"taxonomy":"category","embeddable":true,"href":"https:\/\/guialimeira.com.br\/news\/wp-json\/wp\/v2\/categories?post=72339"},{"taxonomy":"post_tag","embeddable":true,"href":"https:\/\/guialimeira.com.br\/news\/wp-json\/wp\/v2\/tags?post=72339"}],"curies":[{"name":"wp","href":"https:\/\/api.w.org\/{rel}","templated":true}]}}