{"id":72335,"date":"2026-07-16T15:28:15","date_gmt":"2026-07-16T18:28:15","guid":{"rendered":"https:\/\/guialimeira.com.br\/arraia-julino-em-limeira-reune-sabores-tipicos-com-precos-acessiveis\/"},"modified":"2026-07-16T15:28:15","modified_gmt":"2026-07-16T18:28:15","slug":"arraia-julino-em-limeira-reune-sabores-tipicos-com-precos-acessiveis","status":"publish","type":"post","link":"https:\/\/guialimeira.com.br\/news\/arraia-julino-em-limeira-reune-sabores-tipicos-com-precos-acessiveis\/","title":{"rendered":"Arrai\u00e1 Julino em Limeira re\u00fane sabores t\u00edpicos com pre\u00e7os acess\u00edveis"},"content":{"rendered":"<p> <br \/>\n<\/p>\n<div>\n                <main class=\"\">&#13;<br \/>\n                    &#13;<br \/>\n&#13;<br \/>\n&#13;<br \/>\n&#13;<br \/>\n&#13;<br \/>\n&#13;<br \/>\n    <img data-recalc-dims=\"1\" decoding=\"async\" src=\"https:\/\/i0.wp.com\/ecrie.com.br\/sistema\/conteudos\/imagem\/m_137_0_1_16072026152311.jpeg?w=696&#038;ssl=1\" alt=\"Arrai\u00e1 Julino em Limeira re\u00fane sabores t\u00edpicos com pre\u00e7os acess\u00edveis\"\/>&#13;<br \/>\n&#13;<br \/>\n&#13;<\/p>\n<p style=\"text-align: justify;\">Comidas t\u00edpicas com pre\u00e7os acess\u00edveis, parque de divers\u00f5es e muita m\u00fasica prometem movimentar o Parque Cidade nos dias 17 e 18 de julho durante o Arrai\u00e1 Julino. Gratuito e voltado para toda a fam\u00edlia, o evento contar\u00e1 com pra\u00e7a de alimenta\u00e7\u00e3o, atra\u00e7\u00f5es musicais e op\u00e7\u00f5es de lazer para crian\u00e7as e adultos.<\/p>\n<p>&#13;<\/p>\n<p style=\"text-align: justify;\">O p\u00fablico encontrar\u00e1 comidas a partir de R$ 12 e bebidas a partir de R$ 5, com op\u00e7\u00f5es que v\u00e3o de pastel, cachorro-quente e espetinhos a vinho quente, quent\u00e3o, cervejas, chopes, refrigerantes e sucos.<\/p>\n<p>&#13;<\/p>\n<p style=\"text-align: justify;\">Para o prefeito Murilo F\u00e9lix, a festa foi planejada para reunir as fam\u00edlias de Limeira. &#8220;Preparamos uma festa pensada para as fam\u00edlias de Limeira, com atra\u00e7\u00f5es para todas as idades e um ambiente acolhedor para que todos possam aproveitar esse momento de lazer e tradi\u00e7\u00e3o&#8221;, afirmou.<\/p>\n<p>&#13;<\/p>\n<p style=\"text-align: justify;\">Programa\u00e7\u00e3o<\/p>\n<p>&#13;<\/p>\n<p style=\"text-align: justify;\">Na sexta-feira (17), a festa come\u00e7a \u00e0s 18h, com shows das bandas Forr\u00f3 Temperado e Forr\u00f3 Di Casa. No s\u00e1bado (18) a programa\u00e7\u00e3o ganha for\u00e7a \u00e0s 17h com o show de Sami Rico, que apresenta o espet\u00e1culo &#8220;Filho da Lenda \u2013 10 Anos de Saudade&#8221;, reunindo sucessos que marcaram a carreira de seu pai, Jos\u00e9 Rico, e m\u00fasicas da nova gera\u00e7\u00e3o do sertanejo.<\/p>\n<p>&#13;<\/p>\n<p style=\"text-align: justify;\">Al\u00e9m disso, haver\u00e1 touro mec\u00e2nico e brinquedos infl\u00e1veis gratuitos para as crian\u00e7as. Um parque de divers\u00f5es tamb\u00e9m estar\u00e1 dispon\u00edvel no local, com cobran\u00e7a apenas pelo uso dos brinquedos.<\/p>\n<p>&#13;<\/p>\n<p style=\"text-align: justify;\">O secret\u00e1rio de Turismo e Eventos, Thiago Martins, destacou que a programa\u00e7\u00e3o foi preparada para reunir pessoas de todas as idades. &#8220;O Arrai\u00e1 Julino foi pensado para proporcionar uma experi\u00eancia completa ao p\u00fablico, com grandes shows, atra\u00e7\u00f5es gratuitas para as crian\u00e7as e gastronomia t\u00edpica&#8221;, afirmou.<\/p>\n<p>&#13;<\/p>\n<p style=\"text-align: justify;\">O Arrai\u00e1 Julino \u00e9 organizado pela Secretaria de Turismo e Eventos e est\u00e1 alinhado ao Objetivo de Desenvolvimento Sustent\u00e1vel (ODS) 11, da Organiza\u00e7\u00e3o das Na\u00e7\u00f5es Unidas (ONU), que incentiva cidades e comunidades mais inclusivas, seguras, resilientes e sustent\u00e1veis.<\/p>\n<p>&#13;<br \/>\n&#13;<br \/>\n&#13;<br \/>\n&#13;<\/p>\n<article class=\"conteudo-relacionado no-print\">&#13;<br \/>\n        &#13;<br \/>\n&#13;<br \/>\n        &#13;<br \/>\n    <\/article>\n<p>&#13;<br \/>\n&#13;<br \/>\n                <\/main><\/p><\/div>\n<p><br \/>\n<br \/><a href=\"https:\/\/limeira.sp.gov.br\/arraia-julino-em-limeira-reune-sabores-tipicos-com-precos-acessiveis\" rel=\"noopener\">Informa\u00e7\u00f5es da PML <\/a><\/p>\n","protected":false},"excerpt":{"rendered":"<p>&#13; &#13; &#13; &#13; &#13; &#13; &#13; &#13; &#13; &#13; Comidas t\u00edpicas com pre\u00e7os acess\u00edveis, parque de divers\u00f5es e muita m\u00fasica prometem movimentar o Parque Cidade nos dias 17 e 18 de julho durante o Arrai\u00e1 Julino. Gratuito e voltado para toda a fam\u00edlia, o evento contar\u00e1 com pra\u00e7a de alimenta\u00e7\u00e3o, atra\u00e7\u00f5es musicais e op\u00e7\u00f5es [&hellip;]<\/p>\n","protected":false},"author":1,"featured_media":72336,"comment_status":"","ping_status":"open","sticky":false,"template":"","format":"standard","meta":{"_jetpack_newsletter_access":"","_jetpack_dont_email_post_to_subs":false,"_jetpack_newsletter_tier_id":0,"_jetpack_memberships_contains_paywalled_content":false,"_mbp_banners":[],"_jetpack_feature_clip_id":0,"_jetpack_memberships_contains_paid_content":false,"footnotes":"","jetpack_publicize_message":"","jetpack_publicize_feature_enabled":true,"jetpack_social_post_already_shared":true,"jetpack_social_options":{"image_generator_settings":{"template":"highway","default_image_id":0,"font":"","enabled":false},"version":2},"jetpack_post_was_ever_published":false},"categories":[16],"tags":[],"class_list":["post-72335","post","type-post","status-publish","format-standard","has-post-thumbnail","category-local"],"jetpack_publicize_connections":[],"jetpack-related-posts":[],"jetpack_shortlink":"https:\/\/wp.me\/p7Eq1F-iOH","jetpack_sharing_enabled":true,"jetpack_featured_media_url":"https:\/\/i0.wp.com\/guialimeira.com.br\/news\/wp-content\/uploads\/2026\/07\/m_137_0_1_16072026152311.jpeg?fit=1024%2C681&ssl=1","_links":{"self":[{"href":"https:\/\/guialimeira.com.br\/news\/wp-json\/wp\/v2\/posts\/72335","targetHints":{"allow":["GET"]}}],"collection":[{"href":"https:\/\/guialimeira.com.br\/news\/wp-json\/wp\/v2\/posts"}],"about":[{"href":"https:\/\/guialimeira.com.br\/news\/wp-json\/wp\/v2\/types\/post"}],"author":[{"embeddable":true,"href":"https:\/\/guialimeira.com.br\/news\/wp-json\/wp\/v2\/users\/1"}],"replies":[{"embeddable":true,"href":"https:\/\/guialimeira.com.br\/news\/wp-json\/wp\/v2\/comments?post=72335"}],"version-history":[{"count":0,"href":"https:\/\/guialimeira.com.br\/news\/wp-json\/wp\/v2\/posts\/72335\/revisions"}],"wp:featuredmedia":[{"embeddable":true,"href":"https:\/\/guialimeira.com.br\/news\/wp-json\/wp\/v2\/media\/72336"}],"wp:attachment":[{"href":"https:\/\/guialimeira.com.br\/news\/wp-json\/wp\/v2\/media?parent=72335"}],"wp:term":[{"taxonomy":"category","embeddable":true,"href":"https:\/\/guialimeira.com.br\/news\/wp-json\/wp\/v2\/categories?post=72335"},{"taxonomy":"post_tag","embeddable":true,"href":"https:\/\/guialimeira.com.br\/news\/wp-json\/wp\/v2\/tags?post=72335"}],"curies":[{"name":"wp","href":"https:\/\/api.w.org\/{rel}","templated":true}]}}