{"id":72329,"date":"2026-07-16T14:42:22","date_gmt":"2026-07-16T17:42:22","guid":{"rendered":"https:\/\/guialimeira.com.br\/limeira-conquista-1a-medalha-nos-jogos-regionais-com-bronze-no-karate\/"},"modified":"2026-07-16T14:42:22","modified_gmt":"2026-07-16T17:42:22","slug":"limeira-conquista-1a-medalha-nos-jogos-regionais-com-bronze-no-karate","status":"publish","type":"post","link":"https:\/\/guialimeira.com.br\/news\/limeira-conquista-1a-medalha-nos-jogos-regionais-com-bronze-no-karate\/","title":{"rendered":"Limeira conquista 1\u00aa medalha nos Jogos Regionais com bronze no karat\u00ea"},"content":{"rendered":"<p> <br \/>\n<\/p>\n<div>\n                <main class=\"\">&#13;<br \/>\n                    &#13;<br \/>\n&#13;<br \/>\n&#13;<br \/>\n&#13;<br \/>\n&#13;<br \/>\n&#13;<br \/>\n    <img data-recalc-dims=\"1\" decoding=\"async\" src=\"https:\/\/i0.wp.com\/ecrie.com.br\/sistema\/conteudos\/imagem\/m_137_0_1_16072026143747.jpeg?w=696&#038;ssl=1\" alt=\"Limeira conquista 1\u00aa medalha nos Jogos Regionais com bronze no karat\u00ea\"\/>&#13;<br \/>\n&#13;<br \/>\n&#13;<\/p>\n<p style=\"text-align: justify;\">Limeira conquistou a primeira medalha nos 68\u00ba Jogos Regionais, disputado em Itatiba. A equipe masculina de karat\u00ea garantiu o bronze na quarta-feira (15), primeiro dia de competi\u00e7\u00f5es em Itatiba, marcando a estreia de Limeira no p\u00f3dio da competi\u00e7\u00e3o, que segue at\u00e9 23 de julho.<\/p>\n<p>&#13;<\/p>\n<p style=\"text-align: justify;\">A medalha foi conquistada na prova de kata por equipe, modalidade t\u00e9cnica do karat\u00ea em que tr\u00eas atletas executam uma sequ\u00eancia sincronizada de movimentos, avaliados pela precis\u00e3o, t\u00e9cnica, equil\u00edbrio e harmonia da apresenta\u00e7\u00e3o. Representaram Limeira os atletas Aroldo Soares, Kauan Guedes e Pedro Ricci, sob o comando dos t\u00e9cnicos Mar\u00edlia Struzziatto e Aroldo Soares.<\/p>\n<p>&#13;<\/p>\n<p style=\"text-align: justify;\">Nesta quinta-feira (16), foi a vez da equipe masculina de kumit\u00ea, modalidade de combate do karat\u00ea, entrar em a\u00e7\u00e3o. Os limeirenses terminaram a disputa na quinta coloca\u00e7\u00e3o entre 15 munic\u00edpios participantes.<\/p>\n<p>&#13;<\/p>\n<p style=\"text-align: justify;\">&#8220;O n\u00edvel t\u00e9cnico das equipes foi excelente. Com mais de dez equipes disputando a categoria, o bronze foi um resultado muito positivo&#8221;, avaliou o dirigente da equipe, Aroldo Soares.<\/p>\n<p>&#13;<\/p>\n<p style=\"text-align: justify;\">O prefeito Murilo F\u00e9lix destacou a import\u00e2ncia da primeira medalha conquistada pela delega\u00e7\u00e3o limeirense nos Jogos Regionais. &#8220;Come\u00e7ar a competi\u00e7\u00e3o com uma medalha \u00e9 motivo de orgulho para Limeira. Parabenizamos toda a equipe por essa importante conquista&#8221;, afirmou.<\/p>\n<p>&#13;<\/p>\n<p style=\"text-align: justify;\">Ao todo, 350 pessoas, entre atletas, comiss\u00e3o t\u00e9cnica e equipe de apoio, representam Limeira nos Jogos Regionais. O munic\u00edpio disputa medalhas em mais 17 modalidades: atletismo, basquete, basquete 3&#215;3, bocha, damas, futebol, futsal, gin\u00e1stica art\u00edstica, gin\u00e1stica r\u00edtmica, handebol, jud\u00f4, malha, nata\u00e7\u00e3o, t\u00eanis, t\u00eanis de mesa, v\u00f4lei e v\u00f4lei de praia.<\/p>\n<p>&#13;<br \/>\n&#13;<br \/>\n&#13;<br \/>\n&#13;<\/p>\n<article class=\"conteudo-relacionado no-print\">&#13;<br \/>\n        &#13;<br \/>\n&#13;<br \/>\n        &#13;<br \/>\n    <\/article>\n<p>&#13;<br \/>\n&#13;<br \/>\n                <\/main><\/p><\/div>\n<p><br \/>\n<br \/><a href=\"https:\/\/limeira.sp.gov.br\/limeira-conquista-1-medalha-nos-jogos-regionais-com-bronze-no-karate\" rel=\"noopener\">Informa\u00e7\u00f5es da PML <\/a><\/p>\n","protected":false},"excerpt":{"rendered":"<p>&#13; &#13; &#13; &#13; &#13; &#13; &#13; &#13; &#13; &#13; Limeira conquistou a primeira medalha nos 68\u00ba Jogos Regionais, disputado em Itatiba. A equipe masculina de karat\u00ea garantiu o bronze na quarta-feira (15), primeiro dia de competi\u00e7\u00f5es em Itatiba, marcando a estreia de Limeira no p\u00f3dio da competi\u00e7\u00e3o, que segue at\u00e9 23 de julho. &#13; [&hellip;]<\/p>\n","protected":false},"author":1,"featured_media":72330,"comment_status":"","ping_status":"open","sticky":false,"template":"","format":"standard","meta":{"_jetpack_newsletter_access":"","_jetpack_dont_email_post_to_subs":false,"_jetpack_newsletter_tier_id":0,"_jetpack_memberships_contains_paywalled_content":false,"_mbp_banners":[],"_jetpack_feature_clip_id":0,"_jetpack_memberships_contains_paid_content":false,"footnotes":"","jetpack_publicize_message":"","jetpack_publicize_feature_enabled":true,"jetpack_social_post_already_shared":true,"jetpack_social_options":{"image_generator_settings":{"template":"highway","default_image_id":0,"font":"","enabled":false},"version":2},"jetpack_post_was_ever_published":false},"categories":[16],"tags":[],"class_list":["post-72329","post","type-post","status-publish","format-standard","has-post-thumbnail","category-local"],"jetpack_publicize_connections":[],"jetpack-related-posts":[],"jetpack_shortlink":"https:\/\/wp.me\/p7Eq1F-iOB","jetpack_sharing_enabled":true,"jetpack_featured_media_url":"https:\/\/i0.wp.com\/guialimeira.com.br\/news\/wp-content\/uploads\/2026\/07\/m_137_0_1_16072026143747.jpeg?fit=1024%2C768&ssl=1","_links":{"self":[{"href":"https:\/\/guialimeira.com.br\/news\/wp-json\/wp\/v2\/posts\/72329","targetHints":{"allow":["GET"]}}],"collection":[{"href":"https:\/\/guialimeira.com.br\/news\/wp-json\/wp\/v2\/posts"}],"about":[{"href":"https:\/\/guialimeira.com.br\/news\/wp-json\/wp\/v2\/types\/post"}],"author":[{"embeddable":true,"href":"https:\/\/guialimeira.com.br\/news\/wp-json\/wp\/v2\/users\/1"}],"replies":[{"embeddable":true,"href":"https:\/\/guialimeira.com.br\/news\/wp-json\/wp\/v2\/comments?post=72329"}],"version-history":[{"count":0,"href":"https:\/\/guialimeira.com.br\/news\/wp-json\/wp\/v2\/posts\/72329\/revisions"}],"wp:featuredmedia":[{"embeddable":true,"href":"https:\/\/guialimeira.com.br\/news\/wp-json\/wp\/v2\/media\/72330"}],"wp:attachment":[{"href":"https:\/\/guialimeira.com.br\/news\/wp-json\/wp\/v2\/media?parent=72329"}],"wp:term":[{"taxonomy":"category","embeddable":true,"href":"https:\/\/guialimeira.com.br\/news\/wp-json\/wp\/v2\/categories?post=72329"},{"taxonomy":"post_tag","embeddable":true,"href":"https:\/\/guialimeira.com.br\/news\/wp-json\/wp\/v2\/tags?post=72329"}],"curies":[{"name":"wp","href":"https:\/\/api.w.org\/{rel}","templated":true}]}}