{"id":72325,"date":"2026-07-16T14:31:34","date_gmt":"2026-07-16T17:31:34","guid":{"rendered":"https:\/\/guialimeira.com.br\/apos-levar-a-espanha-a-final-da-copa-lamine-yamal-enfrenta-tentativa-de-invasao-em-casa\/"},"modified":"2026-07-16T14:31:34","modified_gmt":"2026-07-16T17:31:34","slug":"apos-levar-a-espanha-a-final-da-copa-lamine-yamal-enfrenta-tentativa-de-invasao-em-casa","status":"publish","type":"post","link":"https:\/\/guialimeira.com.br\/news\/apos-levar-a-espanha-a-final-da-copa-lamine-yamal-enfrenta-tentativa-de-invasao-em-casa\/","title":{"rendered":"Ap\u00f3s levar a Espanha \u00e0 final da Copa, Lamine Yamal enfrenta tentativa de invas\u00e3o em casa"},"content":{"rendered":"<p>A comemora\u00e7\u00e3o de Lamine Yamal pela classifica\u00e7\u00e3o da Espanha para a final da Copa do Mundo foi interrompida por uma ocorr\u00eancia na resid\u00eancia do jogador. Na madrugada desta quarta-feira (15), dois homens foram vistos tentando entrar na propriedade do atacante, localizada em Esplugues de Llobregat, na regi\u00e3o de Barcelona.<\/p>\n<p>A tentativa aconteceu poucas horas depois da vit\u00f3ria espanhola por 2 a 0 sobre a Fran\u00e7a, resultado que garantiu a presen\u00e7a da equipe na decis\u00e3o do torneio. Yamal foi um dos destaques do confronto e vive um dos momentos de maior evid\u00eancia de sua carreira.<\/p>\n<p>Segundo as informa\u00e7\u00f5es divulgadas sobre o caso, os suspeitos teriam conseguido escalar o muro da mans\u00e3o. No entanto, a presen\u00e7a dos seguran\u00e7as impediu que a a\u00e7\u00e3o avan\u00e7asse. Ao perceberem que haviam sido identificados, os dois homens deixaram o local.<\/p>\n<p>A ocorr\u00eancia mobilizou a equipe respons\u00e1vel pela seguran\u00e7a da resid\u00eancia, mas n\u00e3o h\u00e1 informa\u00e7\u00f5es de que os criminosos tenham conseguido entrar no im\u00f3vel. O caso dever\u00e1 ser investigado pelas autoridades locais.<\/p>\n<p>O epis\u00f3dio acrescentou um momento de tens\u00e3o ao dia de celebra\u00e7\u00e3o do jovem craque. Aos 18 anos, Lamine Yamal se consolidou como uma das principais estrelas da sele\u00e7\u00e3o espanhola e tem chamado aten\u00e7\u00e3o durante a Copa do Mundo por suas atua\u00e7\u00f5es decisivas.<\/p>\n<p>Agora, enquanto a Espanha se prepara para disputar o t\u00edtulo mundial, a seguran\u00e7a do jogador deve receber aten\u00e7\u00e3o redobrada. A tentativa de invas\u00e3o ocorreu justamente ap\u00f3s uma noite de grande destaque para Yamal dentro de campo.<\/p>\n<p><\/p>\n","protected":false},"excerpt":{"rendered":"<p>A comemora\u00e7\u00e3o de Lamine Yamal pela classifica\u00e7\u00e3o da Espanha para a final da Copa do Mundo foi interrompida por uma ocorr\u00eancia na resid\u00eancia do jogador. Na madrugada desta quarta-feira (15), dois homens foram vistos tentando entrar na propriedade do atacante, localizada em Esplugues de Llobregat, na regi\u00e3o de Barcelona. A tentativa aconteceu poucas horas depois [\u2026]<\/p>\n","protected":false},"author":5,"featured_media":0,"comment_status":"","ping_status":"open","sticky":false,"template":"","format":"standard","meta":{"_jetpack_newsletter_access":"","_jetpack_dont_email_post_to_subs":false,"_jetpack_newsletter_tier_id":0,"_jetpack_memberships_contains_paywalled_content":false,"_mbp_banners":[],"_jetpack_feature_clip_id":0,"_jetpack_memberships_contains_paid_content":false,"footnotes":"","jetpack_publicize_message":"","jetpack_publicize_feature_enabled":true,"jetpack_social_post_already_shared":true,"jetpack_social_options":{"image_generator_settings":{"template":"highway","default_image_id":0,"font":"","enabled":false},"version":2},"jetpack_post_was_ever_published":false},"categories":[],"tags":[],"class_list":["post-72325","post","type-post","status-publish","format-standard"],"jetpack_publicize_connections":[],"jetpack-related-posts":[],"jetpack_shortlink":"https:\/\/wp.me\/p7Eq1F-iOx","jetpack_sharing_enabled":true,"jetpack_featured_media_url":"","_links":{"self":[{"href":"https:\/\/guialimeira.com.br\/news\/wp-json\/wp\/v2\/posts\/72325","targetHints":{"allow":["GET"]}}],"collection":[{"href":"https:\/\/guialimeira.com.br\/news\/wp-json\/wp\/v2\/posts"}],"about":[{"href":"https:\/\/guialimeira.com.br\/news\/wp-json\/wp\/v2\/types\/post"}],"author":[{"embeddable":true,"href":"https:\/\/guialimeira.com.br\/news\/wp-json\/wp\/v2\/users\/5"}],"replies":[{"embeddable":true,"href":"https:\/\/guialimeira.com.br\/news\/wp-json\/wp\/v2\/comments?post=72325"}],"version-history":[{"count":0,"href":"https:\/\/guialimeira.com.br\/news\/wp-json\/wp\/v2\/posts\/72325\/revisions"}],"wp:attachment":[{"href":"https:\/\/guialimeira.com.br\/news\/wp-json\/wp\/v2\/media?parent=72325"}],"wp:term":[{"taxonomy":"category","embeddable":true,"href":"https:\/\/guialimeira.com.br\/news\/wp-json\/wp\/v2\/categories?post=72325"},{"taxonomy":"post_tag","embeddable":true,"href":"https:\/\/guialimeira.com.br\/news\/wp-json\/wp\/v2\/tags?post=72325"}],"curies":[{"name":"wp","href":"https:\/\/api.w.org\/{rel}","templated":true}]}}