{"id":72317,"date":"2026-07-16T14:23:25","date_gmt":"2026-07-16T17:23:25","guid":{"rendered":"https:\/\/guialimeira.com.br\/anne-hathaway-aos-43-anos-comenta-chegada-do-terceiro-filho-e-fala-sobre-planos-para-aumentar-a-familia\/"},"modified":"2026-07-16T14:23:25","modified_gmt":"2026-07-16T17:23:25","slug":"anne-hathaway-aos-43-anos-comenta-chegada-do-terceiro-filho-e-fala-sobre-planos-para-aumentar-a-familia","status":"publish","type":"post","link":"https:\/\/guialimeira.com.br\/news\/anne-hathaway-aos-43-anos-comenta-chegada-do-terceiro-filho-e-fala-sobre-planos-para-aumentar-a-familia\/","title":{"rendered":"Anne Hathaway, aos 43 anos, comenta chegada do terceiro filho e fala sobre planos para aumentar a fam\u00edlia"},"content":{"rendered":"<p>Aos 43 anos, Anne Hathaway est\u00e1 prestes a se tornar m\u00e3e pela terceira vez. A atriz confirmou a gravidez e aproveitou uma participa\u00e7\u00e3o no programa \u201cLate Night with Seth Meyers\u201d, exibido na segunda-feira (13), para falar sobre a nova fase que est\u00e1 vivendo ao lado do marido, Adam Shulman.<\/p>\n<p>Durante a entrevista, a estrela de Hollywood abordou a gesta\u00e7\u00e3o e respondeu \u00e0 curiosidade sobre a decis\u00e3o de ter mais um filho. A atriz tamb\u00e9m revelou se a gravidez foi resultado de um planejamento feito pelo casal.<\/p>\n<p>Anne e Adam j\u00e1 s\u00e3o pais de Jonathan, de 10 anos, e Jack, de 6. Discreta quando o assunto \u00e9 a vida familiar, a artista costuma evitar expor detalhes da rotina dos filhos, mas decidiu compartilhar com o p\u00fablico a felicidade pela chegada do novo beb\u00ea.<\/p>\n<p>A not\u00edcia da gravidez repercutiu rapidamente entre os f\u00e3s da atriz, que celebraram o an\u00fancio nas redes sociais. A nova gesta\u00e7\u00e3o acontece em um momento de concilia\u00e7\u00e3o entre a vida pessoal e a carreira de Anne, que segue atuando em projetos no cinema.<\/p>\n<p>Ao falar sobre a maternidade, a atriz demonstrou entusiasmo com a nova etapa da fam\u00edlia. O beb\u00ea ser\u00e1 o terceiro filho de Anne Hathaway e Adam Shulman, que est\u00e3o casados h\u00e1 anos e mant\u00eam uma vida pessoal longe dos holofotes.<\/p>\n<p><\/p>\n","protected":false},"excerpt":{"rendered":"<p>Aos 43 anos, Anne Hathaway est\u00e1 prestes a se tornar m\u00e3e pela terceira vez. A atriz confirmou a gravidez e aproveitou uma participa\u00e7\u00e3o no programa \u201cLate Night with Seth Meyers\u201d, exibido na segunda-feira (13), para falar sobre a nova fase que est\u00e1 vivendo ao lado do marido, Adam Shulman. Durante a entrevista, a estrela de [\u2026]<\/p>\n","protected":false},"author":5,"featured_media":0,"comment_status":"","ping_status":"open","sticky":false,"template":"","format":"standard","meta":{"_jetpack_newsletter_access":"","_jetpack_dont_email_post_to_subs":false,"_jetpack_newsletter_tier_id":0,"_jetpack_memberships_contains_paywalled_content":false,"_mbp_banners":[],"_jetpack_feature_clip_id":0,"_jetpack_memberships_contains_paid_content":false,"footnotes":"","jetpack_publicize_message":"","jetpack_publicize_feature_enabled":true,"jetpack_social_post_already_shared":true,"jetpack_social_options":{"image_generator_settings":{"template":"highway","default_image_id":0,"font":"","enabled":false},"version":2},"jetpack_post_was_ever_published":false},"categories":[],"tags":[],"class_list":["post-72317","post","type-post","status-publish","format-standard"],"jetpack_publicize_connections":[],"jetpack-related-posts":[],"jetpack_shortlink":"https:\/\/wp.me\/p7Eq1F-iOp","jetpack_sharing_enabled":true,"jetpack_featured_media_url":"","_links":{"self":[{"href":"https:\/\/guialimeira.com.br\/news\/wp-json\/wp\/v2\/posts\/72317","targetHints":{"allow":["GET"]}}],"collection":[{"href":"https:\/\/guialimeira.com.br\/news\/wp-json\/wp\/v2\/posts"}],"about":[{"href":"https:\/\/guialimeira.com.br\/news\/wp-json\/wp\/v2\/types\/post"}],"author":[{"embeddable":true,"href":"https:\/\/guialimeira.com.br\/news\/wp-json\/wp\/v2\/users\/5"}],"replies":[{"embeddable":true,"href":"https:\/\/guialimeira.com.br\/news\/wp-json\/wp\/v2\/comments?post=72317"}],"version-history":[{"count":0,"href":"https:\/\/guialimeira.com.br\/news\/wp-json\/wp\/v2\/posts\/72317\/revisions"}],"wp:attachment":[{"href":"https:\/\/guialimeira.com.br\/news\/wp-json\/wp\/v2\/media?parent=72317"}],"wp:term":[{"taxonomy":"category","embeddable":true,"href":"https:\/\/guialimeira.com.br\/news\/wp-json\/wp\/v2\/categories?post=72317"},{"taxonomy":"post_tag","embeddable":true,"href":"https:\/\/guialimeira.com.br\/news\/wp-json\/wp\/v2\/tags?post=72317"}],"curies":[{"name":"wp","href":"https:\/\/api.w.org\/{rel}","templated":true}]}}